{"id":9519,"date":"2026-04-29T10:55:56","date_gmt":"2026-04-29T13:55:56","guid":{"rendered":"https:\/\/lavozdisruptiva.com\/?p=9519"},"modified":"2026-04-29T10:55:57","modified_gmt":"2026-04-29T13:55:57","slug":"boca-perdio-ante-cruzeiro-en-la-copa-libertadores","status":"publish","type":"post","link":"https:\/\/lavozdisruptiva.com\/index.php\/2026\/04\/29\/boca-perdio-ante-cruzeiro-en-la-copa-libertadores\/","title":{"rendered":"Boca perdi\u00f3 ante Cruzeiro en la Copa Libertadores"},"content":{"rendered":"\n<h2 class=\"wp-block-heading\" style=\"font-size:23px\">El \u201cXeneize\u201d se qued\u00f3 sin invicto Acumulaba 14 partidos sin caer en todas las competencias.<\/h2>\n\n\n\n<p class=\"has-medium-font-size\"><strong>Boca cay\u00f3 por 1-0 ante Cruzeiro<\/strong>&nbsp;en el estadio Mineir\u00e3o, por la&nbsp;<strong>tercera fecha del grupo D de la Copa Libertadores 2026,<\/strong>&nbsp;en un partido que se complic\u00f3 a\u00fan m\u00e1s porque&nbsp;<strong>el equipo xeneize debi\u00f3 jugar todo el segundo tiempo con 10 hombres.<\/strong><\/p>\n\n\n\n<p class=\"has-medium-font-size\">El \u00fanico tanto de la noche lo anot\u00f3 el delantero\u00a0<strong>Neiser Villarreal<\/strong>, a los 37 minutos del complemento.<\/p>\n\n\n\n<p class=\"has-medium-font-size\">La expulsi\u00f3n de&nbsp;<strong>Adam Bareiro<\/strong>, por doble amarilla a los 45&#8242; del primer tiempo, condicion\u00f3 al conjunto que dirige&nbsp;<strong>Claudio \u00dabeda<\/strong>, aunque pese al traspi\u00e9 Boca se mantiene como l\u00edder del grupo con seis puntos. Cruzeiro alcanz\u00f3 la misma cantidad de unidades y qued\u00f3 como escolta, pero con dos goles de diferencia a favor del xeneize.<\/p>\n\n\n\n<p class=\"has-medium-font-size\">En la pr\u00f3xima fecha, Boca visitar\u00e1 a&nbsp;<strong>Barcelona<\/strong>&nbsp;de Ecuador el martes 5 de mayo a las 21:00, mientras que Cruzeiro ser\u00e1 visitante de&nbsp;<strong>Universidad Cat\u00f3lica<\/strong>&nbsp;de Chile el mi\u00e9rcoles 6 a las 23:00.<\/p>\n\n\n\n<p class=\"has-medium-font-size\">El partido arranc\u00f3 con iniciativa local: a los dos minutos,&nbsp;<strong>Keny Arroyo<\/strong>&nbsp;prob\u00f3 con un derechazo bajo y cruzado tras un rebote en el \u00e1rea que pas\u00f3 cerca del poste derecho de&nbsp;<strong>Leandro Brey<\/strong>. M\u00e1s tarde, a los 38 minutos del primer tiempo, el propio Arroyo intent\u00f3 un tiro libre potente hacia el primer palo que se fue desviado.<\/p>\n\n\n\n<p class=\"has-medium-font-size\">La situaci\u00f3n cambi\u00f3 en el cierre del primer tiempo cuando Bareiro vio la segunda amarilla por reiteradas infracciones, la \u00faltima por un manotazo en la cara del extremo&nbsp;<strong>Christian<\/strong>&nbsp;mientras intentaba controlar la pelota de espaldas, lo que dej\u00f3 a Boca con un hombre menos para la segunda mitad.<\/p>\n\n\n\n<p class=\"has-medium-font-size\">En el complemento, Cruzeiro se mostr\u00f3 m\u00e1s peligroso: a los 17 minutos un c\u00f3rner termin\u00f3 en un cabezazo desviado del defensor&nbsp;<strong>Fabricio Bruno<\/strong>. A los 27, Arroyo conect\u00f3 desde el v\u00e9rtice del \u00e1rea con un remate que llev\u00f3 efecto y pas\u00f3 cerca del segundo palo. A los 34, un tiro bajo de&nbsp;<strong>Kaio Jorge<\/strong>&nbsp;exigi\u00f3 a Brey, quien lo contuvo con la pierna izquierda.<\/p>\n\n\n\n<p class=\"has-medium-font-size\">La jugada clave lleg\u00f3 a los 37 minutos del segundo tiempo: un pase filtrado por la derecha de&nbsp;<strong>Matheus Pereira<\/strong>&nbsp;habilit\u00f3 a Jorge, que puso el centro atr\u00e1s para que&nbsp;<strong>Neiser Villarreal<\/strong>&nbsp;empuje la pelota al fondo del arco y marque el \u00fanico tanto del encuentro.<\/p>\n\n\n\n<p class=\"has-medium-font-size\">El clima del partido hab\u00eda sido tenso durante todo el complemento y termin\u00f3 con un cruce breve entre ambos planteles que no pas\u00f3 a mayores.<\/p>\n\n\n\n<figure class=\"wp-block-image size-full is-resized\"><img loading=\"lazy\" decoding=\"async\" width=\"773\" height=\"408\" src=\"https:\/\/lavozdisruptiva.com\/wp-content\/uploads\/2026\/04\/Boca-1-1.jpg\" alt=\"\" class=\"wp-image-9523\" style=\"width:828px;height:auto\" srcset=\"https:\/\/lavozdisruptiva.com\/wp-content\/uploads\/2026\/04\/Boca-1-1.jpg 773w, https:\/\/lavozdisruptiva.com\/wp-content\/uploads\/2026\/04\/Boca-1-1-300x158.jpg 300w, https:\/\/lavozdisruptiva.com\/wp-content\/uploads\/2026\/04\/Boca-1-1-768x405.jpg 768w\" sizes=\"auto, (max-width: 773px) 100vw, 773px\" \/><\/figure>\n\n\n\n<h4 class=\"wp-block-heading has-medium-font-size\">S\u00edntesis del partido:<\/h4>\n\n\n\n<p class=\"has-medium-font-size\"><strong>Copa Libertadores 2026.<\/strong> Grupo D. Fecha 3.<\/p>\n\n\n\n<p class=\"has-medium-font-size\"><strong>Cruzeiro (Brasil) 0 &#8211; 1 Boca.<\/strong><\/p>\n\n\n\n<p class=\"has-medium-font-size\">Estadio: Mineir\u00e3o.<\/p>\n\n\n\n<p class=\"has-medium-font-size\">\u00c1rbitro: Esteban Ostojich (Uruguay).<\/p>\n\n\n\n<p class=\"has-medium-font-size\">VAR: Andr\u00e9s Cunha (Uruguay).<\/p>\n\n\n\n<p class=\"has-medium-font-size\"><strong>Cruzeiro<\/strong>: Otavio; Fagner, Fabricio Bruno, Jonathan Jes\u00fas, Kaiki Bruno; Gerson, Lucas Romero; Christian, Matheus Pereira, Keny Arroyo; Kaio Jorge. DT: Artur Jorge.<\/p>\n\n\n\n<p class=\"has-medium-font-size\"><strong>Boca<\/strong>: Leandro Brey; Marcelo Weigandt, Lautaro Di Lollo, Ayrton Costa, Lautaro Blanco; Milton Delgado, Leandro Paredes, Santiago Ascacibar; Tom\u00e1s Aranda; Miguel Merentiel, Adam Bareiro. DT: Claudio \u00dabeda.<\/p>\n\n\n\n<p class=\"has-medium-font-size\"><strong>Gol en el segundo tiempo: 37m. Neiser Villarreal (C).<\/strong><\/p>\n\n\n\n<p class=\"has-medium-font-size\">Incidencia en el primer tiempo: 45m. Adam Bareiro expulsado (B).<\/p>\n\n\n\n<p class=\"has-medium-font-size\">Cambios en el segundo tiempo: al inicio. Kaua Moraes por Fagner (C); 17m. Jorge Figal por Tom\u00e1s Aranda (B) y Exequiel Zeballos por Miguel Merentiel (B); 30m. Bruno Rodr\u00edguez por Lucas Romero (C) y Neiser Villarreal por Keny Arroyo (C); 43m. Matheus Henrique por Kaio Jorge (C).<\/p>\n\n\n\n<p class=\"has-medium-font-size\">Fuente: Con informaci\u00f3n de NA y medios digitales<\/p>\n","protected":false},"excerpt":{"rendered":"<p>El \u201cXeneize\u201d se qued\u00f3 sin invicto Acumulaba 14 partidos sin caer en todas las competencias. Boca cay\u00f3 por 1-0 ante Cruzeiro&nbsp;en el estadio Mineir\u00e3o, por la&nbsp;tercera fecha del grupo D de la Copa Libertadores 2026,&nbsp;en un partido que se complic\u00f3 a\u00fan m\u00e1s porque&nbsp;el equipo xeneize debi\u00f3 jugar todo el segundo tiempo con 10 hombres. El [&hellip;]<\/p>\n","protected":false},"author":3,"featured_media":9521,"comment_status":"closed","ping_status":"open","sticky":false,"template":"","format":"standard","meta":{"footnotes":""},"categories":[8,47],"tags":[56,1664,813,75],"class_list":["post-9519","post","type-post","status-publish","format-standard","has-post-thumbnail","hentry","category-deportes","category-internacional","tag-boca","tag-copa-libertadores-2026","tag-cruzeiro","tag-futbol-2"],"blog_post_layout_featured_media_urls":{"thumbnail":["https:\/\/lavozdisruptiva.com\/wp-content\/uploads\/2026\/04\/Boca-150x150.avif",150,150,true],"full":["https:\/\/lavozdisruptiva.com\/wp-content\/uploads\/2026\/04\/Boca.avif",1200,900,false]},"categories_names":{"8":{"name":"Deportes","link":"https:\/\/lavozdisruptiva.com\/index.php\/category\/deportes\/"},"47":{"name":"Internacional","link":"https:\/\/lavozdisruptiva.com\/index.php\/category\/internacional\/"}},"tags_names":{"56":{"name":"Boca","link":"https:\/\/lavozdisruptiva.com\/index.php\/tag\/boca\/"},"1664":{"name":"Copa Libertadores 2026","link":"https:\/\/lavozdisruptiva.com\/index.php\/tag\/copa-libertadores-2026\/"},"813":{"name":"Cruzeiro","link":"https:\/\/lavozdisruptiva.com\/index.php\/tag\/cruzeiro\/"},"75":{"name":"Futbol","link":"https:\/\/lavozdisruptiva.com\/index.php\/tag\/futbol-2\/"}},"comments_number":"0","wpmagazine_modules_lite_featured_media_urls":{"thumbnail":["https:\/\/lavozdisruptiva.com\/wp-content\/uploads\/2026\/04\/Boca-150x150.avif",150,150,true],"cvmm-medium":["https:\/\/lavozdisruptiva.com\/wp-content\/uploads\/2026\/04\/Boca-300x300.avif",300,300,true],"cvmm-medium-plus":["https:\/\/lavozdisruptiva.com\/wp-content\/uploads\/2026\/04\/Boca-305x207.avif",305,207,true],"cvmm-portrait":["https:\/\/lavozdisruptiva.com\/wp-content\/uploads\/2026\/04\/Boca-400x600.avif",400,600,true],"cvmm-medium-square":["https:\/\/lavozdisruptiva.com\/wp-content\/uploads\/2026\/04\/Boca-600x600.avif",600,600,true],"cvmm-large":["https:\/\/lavozdisruptiva.com\/wp-content\/uploads\/2026\/04\/Boca-1024x900.avif",1024,900,true],"cvmm-small":["https:\/\/lavozdisruptiva.com\/wp-content\/uploads\/2026\/04\/Boca-130x95.avif",130,95,true],"full":["https:\/\/lavozdisruptiva.com\/wp-content\/uploads\/2026\/04\/Boca.avif",1200,900,false]},"_links":{"self":[{"href":"https:\/\/lavozdisruptiva.com\/index.php\/wp-json\/wp\/v2\/posts\/9519","targetHints":{"allow":["GET"]}}],"collection":[{"href":"https:\/\/lavozdisruptiva.com\/index.php\/wp-json\/wp\/v2\/posts"}],"about":[{"href":"https:\/\/lavozdisruptiva.com\/index.php\/wp-json\/wp\/v2\/types\/post"}],"author":[{"embeddable":true,"href":"https:\/\/lavozdisruptiva.com\/index.php\/wp-json\/wp\/v2\/users\/3"}],"replies":[{"embeddable":true,"href":"https:\/\/lavozdisruptiva.com\/index.php\/wp-json\/wp\/v2\/comments?post=9519"}],"version-history":[{"count":5,"href":"https:\/\/lavozdisruptiva.com\/index.php\/wp-json\/wp\/v2\/posts\/9519\/revisions"}],"predecessor-version":[{"id":9531,"href":"https:\/\/lavozdisruptiva.com\/index.php\/wp-json\/wp\/v2\/posts\/9519\/revisions\/9531"}],"wp:featuredmedia":[{"embeddable":true,"href":"https:\/\/lavozdisruptiva.com\/index.php\/wp-json\/wp\/v2\/media\/9521"}],"wp:attachment":[{"href":"https:\/\/lavozdisruptiva.com\/index.php\/wp-json\/wp\/v2\/media?parent=9519"}],"wp:term":[{"taxonomy":"category","embeddable":true,"href":"https:\/\/lavozdisruptiva.com\/index.php\/wp-json\/wp\/v2\/categories?post=9519"},{"taxonomy":"post_tag","embeddable":true,"href":"https:\/\/lavozdisruptiva.com\/index.php\/wp-json\/wp\/v2\/tags?post=9519"}],"curies":[{"name":"wp","href":"https:\/\/api.w.org\/{rel}","templated":true}]}}