{"id":9515,"date":"2026-04-28T11:54:01","date_gmt":"2026-04-28T14:54:01","guid":{"rendered":"https:\/\/lavozdisruptiva.com\/?p=9515"},"modified":"2026-04-28T11:54:02","modified_gmt":"2026-04-28T14:54:02","slug":"sturzenegger-vuelve-a-la-carga-desregulacion-colegios-profesionales-y-el-debate-sobre-los-mercados-protegidos","status":"publish","type":"post","link":"https:\/\/lavozdisruptiva.com\/index.php\/2026\/04\/28\/sturzenegger-vuelve-a-la-carga-desregulacion-colegios-profesionales-y-el-debate-sobre-los-mercados-protegidos\/","title":{"rendered":"Sturzenegger vuelve a la carga: desregulaci\u00f3n, colegios profesionales y el debate sobre los \u201cmercados protegidos\u201d"},"content":{"rendered":"\n<p style=\"font-size:23px\"><strong>El ministro de Desregulaci\u00f3n adelant\u00f3 que el Gobierno enviar\u00e1 al Congreso una reforma para bajar costos en las operaciones inmobiliarias y cuestion\u00f3 el rol de algunos colegios profesionales. El planteo reabre una discusi\u00f3n mucho m\u00e1s amplia: cu\u00e1nto pesan en la Argentina las regulaciones, privilegios sectoriales y estructuras corporativas que terminan encareciendo la vida cotidiana.<\/strong><\/p>\n\n\n\n<p class=\"has-medium-font-size\">Despu\u00e9s de varios meses donde la agenda desreguladora del Gobierno parec\u00eda haber perdido intensidad, el ministro Federico Sturzenegger volvi\u00f3 a dejar una se\u00f1al pol\u00edtica fuerte.<\/p>\n\n\n\n<p class=\"has-medium-font-size\">Durante una exposici\u00f3n en la Universidad Cat\u00f3lica Argentina (UCA), en un encuentro organizado por Reporte Inmobiliario, confirm\u00f3 que el Gobierno enviar\u00e1 en junio un paquete de desregulaci\u00f3n inmobiliaria al Congreso con el <strong>objetivo de reducir costos en la construcci\u00f3n, abaratar operaciones de compraventa y abrir mayor competencia dentro del sector<\/strong>.<\/p>\n\n\n\n<p class=\"has-medium-font-size\">La iniciativa no qued\u00f3 limitada solamente al mercado inmobiliario. Lo m\u00e1s interesante de sus declaraciones apareci\u00f3 cuando habl\u00f3 del funcionamiento de <strong>algunos colegios profesionales y de las regulaciones que, seg\u00fan sostuvo, terminan convirti\u00e9ndose en barreras para competir<\/strong>.<\/p>\n\n\n\n<h2 class=\"wp-block-heading has-medium-font-size\">\u201cLos colegios profesionales son un problema\u201d<\/h2>\n\n\n\n<p class=\"has-medium-font-size\">En uno de los momentos m\u00e1s comentados del encuentro, Sturzenegger sostuvo que los colegios profesionales <strong>\u201cson un problema\u201d cuando exceden su funci\u00f3n de control de matr\u00edcula y pasan a fijar condiciones que encarecen el servicio<\/strong>. Entre ellas mencion\u00f3 aranceles m\u00ednimos, restricciones operativas y limitaciones que impiden competir con mayor libertad.<\/p>\n\n\n\n<p class=\"has-medium-font-size\">La frase no es menor.<\/p>\n\n\n\n<p class=\"has-medium-font-size\">Porque aunque el debate surgi\u00f3 en un auditorio vinculado al negocio inmobiliario, el planteo trasciende ampliamente a martilleros o corredores. En realidad, abre una discusi\u00f3n mucho m\u00e1s profunda sobre distintos sectores de la econom\u00eda argentina donde, durante d\u00e9cadas, el Estado fue construyendo regulaciones, autorizaciones, barreras de ingreso y estructuras corporativas que muchas veces terminaron funcionando como verdaderos mercados protegidos.<\/p>\n\n\n\n<p class=\"has-medium-font-size\">Y cuando eso ocurre, el costo final casi siempre termina pag\u00e1ndolo la sociedad.<\/p>\n\n\n\n<h2 class=\"wp-block-heading has-medium-font-size\">Regulaciones que nacen con buenas intenciones\u2026 y terminan beneficiando a pocos<\/h2>\n\n\n\n<p class=\"has-medium-font-size\">Muchas de estas estructuras probablemente nacieron con objetivos razonables: <strong>ordenar actividades, garantizar calidad profesional, proteger consumidores o financiar funciones p\u00fablicas<\/strong>.<\/p>\n\n\n\n<p class=\"has-medium-font-size\">Pero el problema aparece cuando esas organizaciones adquieren demasiado poder econ\u00f3mico y pol\u00edtico, y comienzan lentamente a funcionar m\u00e1s en defensa de sus propios intereses que del ciudadano com\u00fan.<\/p>\n\n\n\n<p class=\"has-medium-font-size\">All\u00ed aparecen <strong>aranceles dif\u00edciles de justificar, costos fijos obligatorios, restricciones artificiales para competir y una enorme resistencia a cualquier intento de modernizaci\u00f3n.<\/strong><\/p>\n\n\n\n<p class=\"has-medium-font-size\">Sucede en distintas \u00e1reas sensibles de la vida econ\u00f3mica argentina.<\/p>\n\n\n\n<p class=\"has-medium-font-size\">Y aunque ser\u00eda injusto generalizar o abarcar a todos los profesionales por igual, el debate alcanza inevitablemente a colegios de abogados, escribanos, martilleros y otras corporaciones con fuerte capacidad de presi\u00f3n institucional y pol\u00edtica.<\/p>\n\n\n\n<p class=\"has-medium-font-size\">En muchos casos, adem\u00e1s, <strong>las tarifas quedan vinculadas al valor de los bienes <\/strong>sobre los cuales operan, lo que multiplica autom\u00e1ticamente los costos de las transacciones.<\/p>\n\n\n\n<h2 class=\"wp-block-heading has-medium-font-size\">Una discusi\u00f3n que excede al mercado inmobiliario<\/h2>\n\n\n\n<p class=\"has-medium-font-size\">Las expresiones de Sturzenegger tambi\u00e9n conectan con otras discusiones que vienen creciendo en la Argentina actual.<\/p>\n\n\n\n<p class=\"has-medium-font-size\">Hace pocas semanas, desde <strong>La Voz Disruptiva <\/strong>se analizaba <a href=\"https:\/\/lavozdisruptiva.com\/index.php\/2026\/04\/27\/estoy-indignado-con-el-precio-de-los-medicamentos\/\" data-type=\"link\" data-id=\"https:\/\/lavozdisruptiva.com\/index.php\/2026\/04\/27\/estoy-indignado-con-el-precio-de-los-medicamentos\/\">la enorme diferencia de precios entre medicamentos vendidos en Posadas y en Encarnaci\u00f3n<\/a>. Tambi\u00e9n <a href=\"https:\/\/lavozdisruptiva.com\/index.php\/2026\/03\/20\/neumaticos-al-triple-el-costo-argentino-de-un-mismo-producto\/\" data-type=\"link\" data-id=\"https:\/\/lavozdisruptiva.com\/index.php\/2026\/03\/20\/neumaticos-al-triple-el-costo-argentino-de-un-mismo-producto\/\">ocurri\u00f3 con los neum\u00e1ticos, donde un mismo producto pod\u00eda costar varias veces m\u00e1s en Argentina que en Paraguay.<\/a><\/p>\n\n\n\n<p class=\"has-medium-font-size\">En ambos casos aparecen m\u00faltiples factores: <strong>presi\u00f3n impositiva, costos laborales, escala de mercado, inflaci\u00f3n hist\u00f3rica y problemas macroecon\u00f3mi<\/strong>cos.<\/p>\n\n\n\n<p class=\"has-medium-font-size\">Pero tambi\u00e9n surgen otros elementos discutibles: <strong>regulaciones excesivas, mercados poco competitivos y estructuras protegidas durante a\u00f1os.<\/strong><\/p>\n\n\n\n<p class=\"has-medium-font-size\">La industria del neum\u00e1tico, por ejemplo, estuvo hist\u00f3ricamente muy cerrada a la competencia externa. Y aunque la protecci\u00f3n pudo haber tenido argumentos v\u00e1lidos en determinados momentos, el resultado final termin\u00f3 siendo un consumidor argentino pagando valores dif\u00edciles de explicar racionalmente.<\/p>\n\n\n\n<p class=\"has-medium-font-size\">El mismo debate empieza a aparecer ahora en otras actividades.<\/p>\n\n\n\n<h2 class=\"wp-block-heading has-medium-font-size\">Las reformas que avanzaron\u2026 y las que quedaron a mitad de camino<\/h2>\n\n\n\n<p class=\"has-medium-font-size\">El Gobierno de Javier Milei impuls\u00f3 desde el inicio una bater\u00eda de desregulaciones importantes: modificaciones en el mercado de alquileres, cambios en organismos p\u00fablicos, flexibilizaci\u00f3n de distintas normas econ\u00f3micas y reducci\u00f3n de restricciones en varios sectores.<\/p>\n\n\n\n<p class=\"has-medium-font-size\">Algunas produjeron efectos r\u00e1pidos y visibles. El propio Sturzenegger volvi\u00f3 a citar el caso de los <strong>alquileres, donde asegur\u00f3 que la desregulaci\u00f3n aument\u00f3 la oferta y permiti\u00f3 contratos m\u00e1s flexibles.<\/strong><\/p>\n\n\n\n<p class=\"has-medium-font-size\">Sin embargo, otras reformas quedaron incompletas o chocaron con l\u00edmites pol\u00edticos y jur\u00eddicos.<\/p>\n\n\n\n<p class=\"has-medium-font-size\">El caso de la VTV y algunas modificaciones de tr\u00e1nsito es un ejemplo claro: muchas normas dependen de la adhesi\u00f3n provincial y terminan encontrando resistencia en estructuras locales ya consolidadas.<\/p>\n\n\n\n<p class=\"has-medium-font-size\">Y all\u00ed aparece uno de los grandes desaf\u00edos de esta etapa: <strong>desregular en la teor\u00eda puede ser relativamente sencillo; hacerlo en la pr\u00e1ctica implica enfrentar intereses econ\u00f3micos construidos durante d\u00e9cadas<\/strong>.<\/p>\n\n\n\n<h2 class=\"wp-block-heading has-medium-font-size\">Una \u201cbatalla\u201d mucho m\u00e1s grande<\/h2>\n\n\n\n<p class=\"has-medium-font-size\">Por eso quiz\u00e1s lo m\u00e1s relevante de las declaraciones del ministro no fue el proyecto inmobiliario en s\u00ed mismo, s<strong>ino la confirmaci\u00f3n de que el Gobierno pretende avanzar sobre otras estructuras corporativas y regulaciones consideradas intocables durante a\u00f1os<\/strong>.<\/p>\n\n\n\n<p class=\"has-medium-font-size\">El propio Sturzenegger reconoci\u00f3 que \u201cva a ser una batalla importante\u201d.<\/p>\n\n\n\n<p class=\"has-medium-font-size\">Y probablemente tenga raz\u00f3n.<\/p>\n\n\n\n<p class=\"has-medium-font-size\">Porque detr\u00e1s de cada regulaci\u00f3n existen actores que viven de ella, estructuras administrativas que se financian con ella y sectores que construyeron poder alrededor de esos mecanismos.<\/p>\n\n\n\n<p class=\"has-medium-font-size\">La discusi\u00f3n de fondo entonces no es solamente econ\u00f3mica. <strong>Es tambi\u00e9n cultural y pol\u00edtica.<\/strong><\/p>\n\n\n\n<p class=\"has-medium-font-size\">Hasta d\u00f3nde debe intervenir el Estado. Cu\u00e1nto debe regular.<br>Y cu\u00e1ndo una regulaci\u00f3n deja de proteger al ciudadano para comenzar a proteger privilegios.<\/p>\n\n\n\n<h2 class=\"wp-block-heading has-medium-font-size\">Porque debemos cambiar<\/h2>\n\n\n\n<p class=\"has-medium-font-size\">La Argentina arrastra desde <strong>hace d\u00e9cadas una econom\u00eda cargada de costos ocultos<\/strong>, <strong>regulaciones superpuestas, privilegios sectoriales y estructuras corporativas dif\u00edciles de desmontar<\/strong>.<\/p>\n\n\n\n<p class=\"has-medium-font-size\">No todas son negativas. Muchas cumplen funciones importantes y necesarias.<\/p>\n\n\n\n<p class=\"has-medium-font-size\">Pero otras terminaron transform\u00e1ndose en verdaderos mecanismos de transferencia de recursos desde la sociedad <strong>hacia grupos peque\u00f1os y bien organizados<\/strong>.<\/p>\n\n\n\n<p class=\"has-medium-font-size\">La discusi\u00f3n que vuelve a instalar Sturzenegger no garantiza soluciones m\u00e1gicas ni inmediatas. <strong>Tampoco implica que todo deba liberarse indiscriminadamente.<\/strong><\/p>\n\n\n\n<p class=\"has-medium-font-size\">Pero s\u00ed nos obliga a hacernos una pregunta:<\/p>\n\n\n\n<p class=\"has-medium-font-size\"><strong>\u00bfcu\u00e1ntos de los costos que pagan diariamente los argentinos son realmente inevitables\u2026 y cu\u00e1ntos existen simplemente porque durante a\u00f1os nadie se anim\u00f3 a discutirlos?<\/strong><\/p>\n\n\n\n<hr class=\"wp-block-separator has-alpha-channel-opacity\"\/>\n\n\n\n<p class=\"has-medium-font-size\"><strong>Fuente:<\/strong> Elaboraci\u00f3n LVD, en base a Diario \u00c1mbito, exposici\u00f3n de Federico Sturzenegger en el DATA DAY 4 organizado por Reporte Inmobiliario en la UCA (27 de abril de 2026).<\/p>\n","protected":false},"excerpt":{"rendered":"<p>El ministro de Desregulaci\u00f3n adelant\u00f3 que el Gobierno enviar\u00e1 al Congreso una reforma para bajar costos en las operaciones inmobiliarias y cuestion\u00f3 el rol de algunos colegios profesionales. El planteo reabre una discusi\u00f3n mucho m\u00e1s amplia: cu\u00e1nto pesan en la Argentina las regulaciones, privilegios sectoriales y estructuras corporativas que terminan encareciendo la vida cotidiana. Despu\u00e9s [&hellip;]<\/p>\n","protected":false},"author":3,"featured_media":9517,"comment_status":"closed","ping_status":"open","sticky":false,"template":"","format":"standard","meta":{"footnotes":""},"categories":[4,81,3,39],"tags":[1691,146,1692,514,763],"class_list":["post-9515","post","type-post","status-publish","format-standard","has-post-thumbnail","hentry","category-economia","category-nacional","category-negocios","category-politica","tag-colegios-profesionales","tag-desregulacion","tag-desregulacion-inmobiliaria","tag-federico-sturzenegger","tag-ministerio-de-desregulacion-y-transformacion-del-estado"],"blog_post_layout_featured_media_urls":{"thumbnail":["https:\/\/lavozdisruptiva.com\/wp-content\/uploads\/2026\/04\/Stutzenegger-150x150.jpg",150,150,true],"full":["https:\/\/lavozdisruptiva.com\/wp-content\/uploads\/2026\/04\/Stutzenegger.jpg",1200,800,false]},"categories_names":{"4":{"name":"Econom\u00eda","link":"https:\/\/lavozdisruptiva.com\/index.php\/category\/economia\/"},"81":{"name":"Nacional","link":"https:\/\/lavozdisruptiva.com\/index.php\/category\/nacional\/"},"3":{"name":"Negocios","link":"https:\/\/lavozdisruptiva.com\/index.php\/category\/negocios\/"},"39":{"name":"Pol\u00edtica","link":"https:\/\/lavozdisruptiva.com\/index.php\/category\/politica\/"}},"tags_names":{"1691":{"name":"Colegios profesionales","link":"https:\/\/lavozdisruptiva.com\/index.php\/tag\/colegios-profesionales\/"},"146":{"name":"Desregulaci\u00f3n","link":"https:\/\/lavozdisruptiva.com\/index.php\/tag\/desregulacion\/"},"1692":{"name":"Desregulaci\u00f3n inmobiliaria","link":"https:\/\/lavozdisruptiva.com\/index.php\/tag\/desregulacion-inmobiliaria\/"},"514":{"name":"Federico Sturzenegger","link":"https:\/\/lavozdisruptiva.com\/index.php\/tag\/federico-sturzenegger\/"},"763":{"name":"Ministerio de Desregulaci\u00f3n y Transformaci\u00f3n del Estado","link":"https:\/\/lavozdisruptiva.com\/index.php\/tag\/ministerio-de-desregulacion-y-transformacion-del-estado\/"}},"comments_number":"0","wpmagazine_modules_lite_featured_media_urls":{"thumbnail":["https:\/\/lavozdisruptiva.com\/wp-content\/uploads\/2026\/04\/Stutzenegger-150x150.jpg",150,150,true],"cvmm-medium":["https:\/\/lavozdisruptiva.com\/wp-content\/uploads\/2026\/04\/Stutzenegger-300x300.jpg",300,300,true],"cvmm-medium-plus":["https:\/\/lavozdisruptiva.com\/wp-content\/uploads\/2026\/04\/Stutzenegger-305x207.jpg",305,207,true],"cvmm-portrait":["https:\/\/lavozdisruptiva.com\/wp-content\/uploads\/2026\/04\/Stutzenegger-400x600.jpg",400,600,true],"cvmm-medium-square":["https:\/\/lavozdisruptiva.com\/wp-content\/uploads\/2026\/04\/Stutzenegger-600x600.jpg",600,600,true],"cvmm-large":["https:\/\/lavozdisruptiva.com\/wp-content\/uploads\/2026\/04\/Stutzenegger-1024x800.jpg",1024,800,true],"cvmm-small":["https:\/\/lavozdisruptiva.com\/wp-content\/uploads\/2026\/04\/Stutzenegger-130x95.jpg",130,95,true],"full":["https:\/\/lavozdisruptiva.com\/wp-content\/uploads\/2026\/04\/Stutzenegger.jpg",1200,800,false]},"_links":{"self":[{"href":"https:\/\/lavozdisruptiva.com\/index.php\/wp-json\/wp\/v2\/posts\/9515","targetHints":{"allow":["GET"]}}],"collection":[{"href":"https:\/\/lavozdisruptiva.com\/index.php\/wp-json\/wp\/v2\/posts"}],"about":[{"href":"https:\/\/lavozdisruptiva.com\/index.php\/wp-json\/wp\/v2\/types\/post"}],"author":[{"embeddable":true,"href":"https:\/\/lavozdisruptiva.com\/index.php\/wp-json\/wp\/v2\/users\/3"}],"replies":[{"embeddable":true,"href":"https:\/\/lavozdisruptiva.com\/index.php\/wp-json\/wp\/v2\/comments?post=9515"}],"version-history":[{"count":2,"href":"https:\/\/lavozdisruptiva.com\/index.php\/wp-json\/wp\/v2\/posts\/9515\/revisions"}],"predecessor-version":[{"id":9518,"href":"https:\/\/lavozdisruptiva.com\/index.php\/wp-json\/wp\/v2\/posts\/9515\/revisions\/9518"}],"wp:featuredmedia":[{"embeddable":true,"href":"https:\/\/lavozdisruptiva.com\/index.php\/wp-json\/wp\/v2\/media\/9517"}],"wp:attachment":[{"href":"https:\/\/lavozdisruptiva.com\/index.php\/wp-json\/wp\/v2\/media?parent=9515"}],"wp:term":[{"taxonomy":"category","embeddable":true,"href":"https:\/\/lavozdisruptiva.com\/index.php\/wp-json\/wp\/v2\/categories?post=9515"},{"taxonomy":"post_tag","embeddable":true,"href":"https:\/\/lavozdisruptiva.com\/index.php\/wp-json\/wp\/v2\/tags?post=9515"}],"curies":[{"name":"wp","href":"https:\/\/api.w.org\/{rel}","templated":true}]}}