{"id":9122,"date":"2026-03-17T09:50:03","date_gmt":"2026-03-17T12:50:03","guid":{"rendered":"https:\/\/lavozdisruptiva.com\/?p=9122"},"modified":"2026-03-17T09:50:04","modified_gmt":"2026-03-17T12:50:04","slug":"el-gobierno-de-corrientes-y-el-banco-lanzaron-corrientes-sostiene-un-plan-para-acompanar-a-familias-y-empresas","status":"publish","type":"post","link":"https:\/\/lavozdisruptiva.com\/index.php\/2026\/03\/17\/el-gobierno-de-corrientes-y-el-banco-lanzaron-corrientes-sostiene-un-plan-para-acompanar-a-familias-y-empresas\/","title":{"rendered":"El Gobierno de Corrientes y el BanCo lanzaron &#8220;Corrientes Sostiene&#8221;, un plan para acompa\u00f1ar a familias y empresas"},"content":{"rendered":"\n<h2 class=\"wp-block-heading\" style=\"font-size:23px\">La iniciativa fue presentada por el mandatario Juan Pablo Vald\u00e9s y la titular del Banco de Corrientes, Laura Sprovieri. Contempla un desembolso de m\u00e1s de $130.000 millones a trav\u00e9s de cr\u00e9ditos para aliviar las cuentas de hogares y compa\u00f1\u00edas.<\/h2>\n\n\n\n<figure class=\"wp-block-image is-resized\"><img decoding=\"async\" src=\"https:\/\/media.ambito.com\/p\/009a278b5ac77f95a33b4e67ed3fff53\/adjuntos\/239\/imagenes\/043\/230\/0043230874\/655x368\/smart\/juan-pablo-valdes-y-laura-sprovieri-2.jpg\" alt=\"Juan Pablo Vald\u00e9s y la presidente del Banco de Corrientes, Laura Sprovieri.\" style=\"aspect-ratio:1.7799056537351263;width:830px;height:auto\"\/><figcaption class=\"wp-element-caption\">Juan Pablo Vald\u00e9s y la presidente del Banco de Corrientes, Laura Sprovieri.<\/figcaption><\/figure>\n\n\n\n<p class=\"has-medium-font-size\">El gobernador&nbsp;<strong>Juan Pablo Vald\u00e9s<\/strong>&nbsp;y la presidente del Banco de Corrientes,&nbsp;<strong>Laura Sprovieri,<\/strong>&nbsp;presentaron los detalles del plan integral&nbsp;<strong>\u201cCorrientes Sostiene\u201d<\/strong>, una iniciativa de refinanciaci\u00f3n destinada a brindar<strong>&nbsp;alivio financiero<\/strong>&nbsp;a las familias y fortalecer la actividad productiva provincial.<\/p>\n\n\n\n<p class=\"has-medium-font-size\">El programa, dado a conocer en el Sal\u00f3n Amarillo de Casa de Gobierno como parte de una pol\u00edtica activa de la administraci\u00f3n local para acompa\u00f1ar el desarrollo, fue anunciada p\u00fablicamente por el mandatario en su discurso de apertura de sesiones ordinarias del 1 de marzo, donde deline\u00f3 los principales ejes de su gesti\u00f3n 2026.<\/p>\n\n\n\n<p class=\"has-medium-font-size\">El plan supone la&nbsp;<strong>disposici\u00f3n de m\u00e1s de $130.000 millones en asistencia financiera<\/strong>, con el objetivo de acompa\u00f1ar la econom\u00eda local, proteger el empleo y promover la continuidad de proyectos personales y empresariales.<\/p>\n\n\n\n<p class=\"has-medium-font-size\">En el caso de&nbsp;<strong>&#8220;Corrientes Sostiene Familias&#8221;<\/strong>&nbsp;permitir\u00e1&nbsp;<strong>refinanciar deudas de tarjeta de cr\u00e9dito desde $100.000, en 6 o 12 cuotas fijas<\/strong>, con una tasa especial con reducci\u00f3n de 29 puntos. Representa un alivio financiero de $90.000 millones, alcanzando a 89.000 correntinos en toda la provincia.<\/p>\n\n\n\n<p class=\"has-medium-font-size\">Los interesados podr\u00e1n solicitar el beneficio en dos etapas: la primera fue desde el 6 hasta el 12 de marzo; y la segunda, a partir de hoy lunes 16 de marzo al 16 de abril. El tr\u00e1mite es sencillo y se realiza de forma telef\u00f3nica comunic\u00e1ndose al 0800 444 0160 (Contact Center del BanCo) o al 011 4379 3419 (Servicios Generales Visa), de lunes a viernes en el horario de 9 a 21hs.<\/p>\n\n\n\n<p class=\"has-medium-font-size\">Por otra parte,&nbsp;<strong>&#8220;Corrientes Sostiene Empresas&#8221;<\/strong>&nbsp;est\u00e1 destinada a compa\u00f1\u00edas y productores que actualmente utilicen el 75% o m\u00e1s de su l\u00edmite en cuenta corriente o en tarjetas corporativas (Visa Corporate, Business o Agro), y\/o que presenten dificultades de cumplimiento crediticio.&nbsp;<strong>El programa permite refinanciar hasta el 80% de los saldos en planes de hasta 12 cuotas fijas; una tasa especial con reducci\u00f3n de 15 puntos&nbsp;<\/strong>y condiciones especiales dise\u00f1adas para sostener la actividad productiva.<\/p>\n\n\n\n<p class=\"has-medium-font-size\">Esta iniciativa generar\u00e1 un<strong>&nbsp;alivio financiero estimado en m\u00e1s de $40.000 millones<\/strong>, beneficiando a m\u00e1s de&nbsp;<strong>1.400 empresas correntinas.<\/strong>&nbsp;Las solicitudes deber\u00e1n gestionarse a trav\u00e9s de las sucursales del banco, con el oficial de cuenta habitual.<\/p>\n\n\n\n<p class=\"has-medium-font-size\">En su discurso, el gobernador destac\u00f3 que\u00a0<strong>&#8220;<em>la provincia se encuentra con sus cuentas ordenadas, por eso podemos estar brindando esta asistencia financiera estimada en 130.000 millones de pesos a 89.000 familias y 1.400 empresas correntinas<\/em>\u201d<\/strong>. Y a\u00f1adi\u00f3 que \u201c<strong><em>ayudarlos a desendeudarse es una manera concreta de cuidar el trabajo, la producci\u00f3n y a los emprendimientos, y dar tranquilidad y orden a los correntinos, para que nuestra provincia pueda seguir creciendo<\/em><\/strong>&#8220;.<\/p>\n\n\n\n<h2 class=\"wp-block-heading has-medium-font-size\">Una banca p\u00fablica que acompa\u00f1a en los momentos clave<\/h2>\n\n\n\n<p class=\"has-medium-font-size\">La presidente del Banco de Corrientes,\u00a0<strong>Laura Sprovieri,<\/strong>\u00a0destac\u00f3 que el plan\u00a0<strong>&#8220;Corrientes Sostiene&#8221;<\/strong>\u00a0es una herramienta concreta para acompa\u00f1ar a las familias y darle respaldo financiero a quienes producen, invierten y sostienen empleo en la provincia.\u00a0<strong>\u201c<em>Cuando una econom\u00eda se est\u00e1 reordenando, la vida real no espera. Y en esa vida real, las familias necesitan ordenar sus cuentas y las empresas necesitan aire para seguir produciendo, pagando sueldos y sosteniendo actividad<\/em>\u201d.<\/strong><\/p>\n\n\n\n<p class=\"has-medium-font-size\">Asimismo, se\u00f1al\u00f3 que \u201c<strong><em>en el Banco de Corrientes -el banco de la Provincia- entendemos que, como banca p\u00fablica, nuestra misi\u00f3n no es solo maximizar utilidades, sino acompa\u00f1ar el crecimiento productivo y estar presentes en los momentos dif\u00edciles. Lo hicimos frente a la pandemia, a los incendios, ante las inundaciones y sequ\u00eda; diferimos sin costo cuotas de pr\u00e9stamos y tambi\u00e9n en este contexto econ\u00f3mico complejo\u201d<\/em><\/strong>.<\/p>\n\n\n\n<p class=\"has-medium-font-size\">A la vez que remarc\u00f3 que\u00a0<strong>el rol del BanCo es \u201c<em>sostener la producci\u00f3n, fortalecer el empleo y acompa\u00f1ar el desarrollo de Corrientes.\u00a0Porque nuestro compromiso, hoy y siempre, es trabajar junto al Gobierno Provincial para que la econom\u00eda de Corrientes se mantenga fuerte, y para que cada familia y cada empresa puedan proyectar un futuro con mayor estabilidad y oportunidades\u201d<\/em><\/strong>.<\/p>\n\n\n\n<p class=\"has-medium-font-size\">Finalmente, Sprovieri destac\u00f3 el esfuerzo mancomunado entre el Gobierno Provincial y el Banco de Corrientes: \u201c<strong><em>trabajamos juntos para cuidar la econom\u00eda local, porque cuando una empresa se sostiene, se sostiene el empleo, y cuando una familia puede ordenar sus cuentas, recupera tranquilidad. Este plan representa previsi\u00f3n, responsabilidad y un compromiso concreto con cada correntino<\/em><\/strong>\u201d.<\/p>\n\n\n\n<p class=\"has-medium-font-size\">Fuente: \u00c1mbito<\/p>\n\n\n\n<p class=\"has-medium-font-size\"><\/p>\n","protected":false},"excerpt":{"rendered":"<p>La iniciativa fue presentada por el mandatario Juan Pablo Vald\u00e9s y la titular del Banco de Corrientes, Laura Sprovieri. Contempla un desembolso de m\u00e1s de $130.000 millones a trav\u00e9s de cr\u00e9ditos para aliviar las cuentas de hogares y compa\u00f1\u00edas. El gobernador&nbsp;Juan Pablo Vald\u00e9s&nbsp;y la presidente del Banco de Corrientes,&nbsp;Laura Sprovieri,&nbsp;presentaron los detalles del plan integral&nbsp;\u201cCorrientes [&hellip;]<\/p>\n","protected":false},"author":3,"featured_media":9127,"comment_status":"closed","ping_status":"open","sticky":false,"template":"","format":"standard","meta":{"footnotes":""},"categories":[4,81,39,62],"tags":[1634,524,66,1632,1633,40],"class_list":["post-9122","post","type-post","status-publish","format-standard","has-post-thumbnail","hentry","category-economia","category-nacional","category-politica","category-regional","tag-banco-de-corrientes","tag-corrientes","tag-economia","tag-juan-pablo-valdez","tag-plan-corrientes-sostiene","tag-politica"],"blog_post_layout_featured_media_urls":{"thumbnail":["https:\/\/lavozdisruptiva.com\/wp-content\/uploads\/2026\/03\/Corrientes-3-150x150.webp",150,150,true],"full":["https:\/\/lavozdisruptiva.com\/wp-content\/uploads\/2026\/03\/Corrientes-3.webp",1200,675,false]},"categories_names":{"4":{"name":"Econom\u00eda","link":"https:\/\/lavozdisruptiva.com\/index.php\/category\/economia\/"},"81":{"name":"Nacional","link":"https:\/\/lavozdisruptiva.com\/index.php\/category\/nacional\/"},"39":{"name":"Pol\u00edtica","link":"https:\/\/lavozdisruptiva.com\/index.php\/category\/politica\/"},"62":{"name":"Regional","link":"https:\/\/lavozdisruptiva.com\/index.php\/category\/regional\/"}},"tags_names":{"1634":{"name":"Banco de Corrientes","link":"https:\/\/lavozdisruptiva.com\/index.php\/tag\/banco-de-corrientes\/"},"524":{"name":"Corrientes","link":"https:\/\/lavozdisruptiva.com\/index.php\/tag\/corrientes\/"},"66":{"name":"Econom\u00eda","link":"https:\/\/lavozdisruptiva.com\/index.php\/tag\/economia\/"},"1632":{"name":"Juan Pablo Valdez","link":"https:\/\/lavozdisruptiva.com\/index.php\/tag\/juan-pablo-valdez\/"},"1633":{"name":"Plan \"Corrientes Sostiene\"","link":"https:\/\/lavozdisruptiva.com\/index.php\/tag\/plan-corrientes-sostiene\/"},"40":{"name":"Pol\u00edtica","link":"https:\/\/lavozdisruptiva.com\/index.php\/tag\/politica\/"}},"comments_number":"0","wpmagazine_modules_lite_featured_media_urls":{"thumbnail":["https:\/\/lavozdisruptiva.com\/wp-content\/uploads\/2026\/03\/Corrientes-3-150x150.webp",150,150,true],"cvmm-medium":["https:\/\/lavozdisruptiva.com\/wp-content\/uploads\/2026\/03\/Corrientes-3-300x300.webp",300,300,true],"cvmm-medium-plus":["https:\/\/lavozdisruptiva.com\/wp-content\/uploads\/2026\/03\/Corrientes-3-305x207.webp",305,207,true],"cvmm-portrait":["https:\/\/lavozdisruptiva.com\/wp-content\/uploads\/2026\/03\/Corrientes-3-400x600.webp",400,600,true],"cvmm-medium-square":["https:\/\/lavozdisruptiva.com\/wp-content\/uploads\/2026\/03\/Corrientes-3-600x600.webp",600,600,true],"cvmm-large":["https:\/\/lavozdisruptiva.com\/wp-content\/uploads\/2026\/03\/Corrientes-3-1024x675.webp",1024,675,true],"cvmm-small":["https:\/\/lavozdisruptiva.com\/wp-content\/uploads\/2026\/03\/Corrientes-3-130x95.webp",130,95,true],"full":["https:\/\/lavozdisruptiva.com\/wp-content\/uploads\/2026\/03\/Corrientes-3.webp",1200,675,false]},"_links":{"self":[{"href":"https:\/\/lavozdisruptiva.com\/index.php\/wp-json\/wp\/v2\/posts\/9122","targetHints":{"allow":["GET"]}}],"collection":[{"href":"https:\/\/lavozdisruptiva.com\/index.php\/wp-json\/wp\/v2\/posts"}],"about":[{"href":"https:\/\/lavozdisruptiva.com\/index.php\/wp-json\/wp\/v2\/types\/post"}],"author":[{"embeddable":true,"href":"https:\/\/lavozdisruptiva.com\/index.php\/wp-json\/wp\/v2\/users\/3"}],"replies":[{"embeddable":true,"href":"https:\/\/lavozdisruptiva.com\/index.php\/wp-json\/wp\/v2\/comments?post=9122"}],"version-history":[{"count":3,"href":"https:\/\/lavozdisruptiva.com\/index.php\/wp-json\/wp\/v2\/posts\/9122\/revisions"}],"predecessor-version":[{"id":9128,"href":"https:\/\/lavozdisruptiva.com\/index.php\/wp-json\/wp\/v2\/posts\/9122\/revisions\/9128"}],"wp:featuredmedia":[{"embeddable":true,"href":"https:\/\/lavozdisruptiva.com\/index.php\/wp-json\/wp\/v2\/media\/9127"}],"wp:attachment":[{"href":"https:\/\/lavozdisruptiva.com\/index.php\/wp-json\/wp\/v2\/media?parent=9122"}],"wp:term":[{"taxonomy":"category","embeddable":true,"href":"https:\/\/lavozdisruptiva.com\/index.php\/wp-json\/wp\/v2\/categories?post=9122"},{"taxonomy":"post_tag","embeddable":true,"href":"https:\/\/lavozdisruptiva.com\/index.php\/wp-json\/wp\/v2\/tags?post=9122"}],"curies":[{"name":"wp","href":"https:\/\/api.w.org\/{rel}","templated":true}]}}