{"id":911,"date":"2023-08-18T10:47:15","date_gmt":"2023-08-18T13:47:15","guid":{"rendered":"https:\/\/lavozdisruptiva.com\/?p=911"},"modified":"2023-08-19T10:54:22","modified_gmt":"2023-08-19T13:54:22","slug":"aumentaron-y-luego-congelaron-los-precios-de-los-combustibles","status":"publish","type":"post","link":"https:\/\/lavozdisruptiva.com\/index.php\/2023\/08\/18\/aumentaron-y-luego-congelaron-los-precios-de-los-combustibles\/","title":{"rendered":"Precios de los combustibles: Aumento y Congelamiento"},"content":{"rendered":"\n<h2 class=\"wp-block-heading has-medium-font-size\" style=\"text-transform:none\">El ministro de Econom\u00eda y candidato presidencial de Uni\u00f3n por la Patria, anunci\u00f3 esta noche un acuerdo de congelamiento de precios de combustibles hasta el 31 de octubre. Buscan contener el impacto de la devaluaci\u00f3n.&nbsp;<\/h2>\n\n\n\n<figure class=\"wp-block-image\"><img decoding=\"async\" src=\"https:\/\/media.ambito.com\/p\/5e821b0e1a8c0b18f58cfe510e47af57\/adjuntos\/239\/imagenes\/039\/628\/0039628896\/655x368\/smart\/naftaspng.png\" alt=\"El congelamiento de precios sigue hasta el 31 de octubre.\"\/><\/figure>\n\n\n\n<p class=\"has-medium-font-size\"><strong>Gobierno y petroleras acuerdan congelar precios de combustibles hasta el 31 de octubre<\/strong><\/p>\n\n\n\n<p class=\"has-medium-font-size\">El ministro de Econom\u00eda y candidato presidencial de Uni\u00f3n por la Patria,<strong>&nbsp;<a href=\"https:\/\/www.ambito.com\/politica\/sergio-massa-nego-renuncia-hablo-del-dolar-blue-y-anticipo-que-habra-mas-anuncios-economicos-n5797483\" target=\"_blank\" rel=\"noreferrer noopener\">Sergio Massa<\/a>,<\/strong>&nbsp;anunci\u00f3 esta noche un acuerdo de&nbsp;<strong>congelamiento de precios de combustibles<\/strong>&nbsp;hasta el 31 de octubre. Buscan contener el impacto de la devaluaci\u00f3n. La medida acompa\u00f1a la&nbsp;<strong><a href=\"https:\/\/www.ambito.com\/michel-estamos-renovando-los-acuerdos-precios-y-estableciendo-incrementos-del-5-mensual-90-dias-n5796420\" target=\"_blank\" rel=\"noreferrer noopener\">extensi\u00f3n por 90 d\u00edas del entendimiento con empresas de consumo masivo<\/a>.<\/strong><\/p>\n\n\n\n<p class=\"has-medium-font-size\"><strong>Luego de la devaluaci\u00f3n del 22% del tipo de cambio dispuesta por el BCRA tras las PASO<\/strong>, el gobierno activ\u00f3 reuniones con empresarios para intentar morigerar su impacto en los precios. A la mesa de negociaci\u00f3n con empresas de consumo masivo que inici\u00f3 Guillermo Michel ahora se le suma el acuerdo al que arribaron con las principales compa\u00f1\u00edas del sector petrol\u00edfero.<\/p>\n\n\n\n<h2 class=\"wp-block-heading has-medium-font-size\"><a href=\"https:\/\/www.ambito.com\/aumentaron-125-los-combustibles-n5796582\">Aumentaron 12,5% los combustibles<\/a><\/h2>\n\n\n\n<p class=\"has-medium-font-size\">&#8220;En el d\u00eda de hoy, a partir de un trabajo de productores, refinadores, la secretar\u00eda de Energ\u00eda, Aduana y la secretar\u00eda de Comercio, hemos avanzado en un acuerdo que implica que el aumento del 12,5% ser\u00e1 el ultimo hasta el 31 de octubre&#8221;, inform\u00f3 el candidato presidencial de&nbsp;<strong>UP&nbsp;<\/strong>aunque tambi\u00e9n adelant\u00f3 que, luego de las subas implementadas en surtidor por&nbsp;<strong>Raizen (Shell)<\/strong>&nbsp;y&nbsp;<strong>Trafigura (Puma)<\/strong>&nbsp;del 12,5%,&nbsp;<a href=\"https:\/\/www.ambito.com\/ypf-aumentara-el-125-el-precio-los-combustibles-las-0-horas-n5798416\" target=\"_blank\" rel=\"noreferrer noopener\">esta noche<strong>&nbsp;YPF har\u00e1 lo propio para compensar<\/strong>.<\/a><\/p>\n\n\n\n<p class=\"has-medium-font-size\">&#8220;Agradezco a&nbsp;<strong>YPF<\/strong>&nbsp;que tom\u00f3 la decisi\u00f3n de esperar un acuerdo general de la industria y refinadores para coordinar el aumento&#8221;, indic\u00f3&nbsp;<strong>Massa,<\/strong>&nbsp;en un tiro por elevaci\u00f3n para el resto de las petroleras, que el 15 de agosto, apenas vencido el acuerdo de precios, remarcaron 12,5% las naftas unilateralmente.<\/p>\n\n\n\n<p class=\"has-medium-font-size\">Massa tambi\u00e9n agradeci\u00f3 que la petrolera estatal &#8220;se sienta parte de una pol\u00edtica p\u00fablica de cuidar el bolsillo de la gente&#8221;.<\/p>\n\n\n\n<p class=\"has-medium-font-size\">Seg\u00fan dijo, durante la vigencia del acuerdo &#8220;no habr\u00e1 m\u00e1s aumentos de combustible&#8221; y explic\u00f3 que la decisi\u00f3n surge a ra\u00edz de que una parte del impacto de la devaluaci\u00f3n ya la asumi\u00f3 el consumidor, otra parte la asumir\u00e1n las empresas y una tercera parte el Estado<strong>&nbsp;&#8220;que va a resignar parte de recursos que cobra en impuestos a las empresas de combustibles&#8221;.<\/strong><\/p>\n\n\n\n<p class=\"has-medium-font-size\">Al mismo tiempo le agradeci\u00f3 &#8220;a las empresas, tanto productoras como refinadoras&#8221; y afirm\u00f3 que &#8220;la industria de petr\u00f3leo y gas es uno de los tractores de nuestra econom\u00eda&#8221; ya que parte de la ca\u00edda por el impacto de la sequ\u00eda &#8220;se ve compensada por el enorme crecimiento que tiene el sector&#8221;.<\/p>\n\n\n\n<p class=\"has-medium-font-size\">Sin embargo, dijo que &#8220;lo m\u00e1s importante es que la actividad llegue al bolsillo de la gente de una manera ordenada&#8221;.<\/p>\n\n\n\n<h2 class=\"wp-block-heading has-medium-font-size\">Acuerdo con petroleras<\/h2>\n\n\n\n<p class=\"has-medium-font-size\">El Gobierno implementar\u00e1 a partir de esta medianoche el a<strong>cuerdo con las petroleras<\/strong>&nbsp;que congelar\u00e1 los precios en surtidor hasta el 31 de octubre. As\u00ed lo confirm\u00f3 el ministro Massa durante la reuni\u00f3n con empresarios del sector.<\/p>\n\n\n\n<p class=\"has-medium-font-size\">El congelamiento de combustibles tiene un doble objetivo: por un lado evitar el impacto directo en el bolsillo de los ciudadanos, y por otro frenar el traslado a precios que supondr\u00eda un incremento en el costo del transporte en la cadena de suministros de la econom\u00eda.<\/p>\n\n\n\n<p class=\"has-medium-font-size\">El acuerdo incluir\u00e1 beneficios fiscales para las empresas. Seg\u00fan adelant\u00f3&nbsp;<strong>Massa,<\/strong>&nbsp;el Estado resignar\u00e1 el cobro de tributos para contener parte de la devaluaci\u00f3n.<\/p>\n\n\n\n<p class=\"has-medium-font-size\">De todas maneras, tambi\u00e9n se anunci\u00f3 que la Secretar\u00eda de Energ\u00eda controlar\u00e1 el cumplimiento del acuerdo a trav\u00e9s de un sistema de denuncias. En caso de que las empresas no cumplan con lo pactado se les quitar\u00e1n los beneficios impositivos.<\/p>\n\n\n\n<p class=\"has-medium-font-size\">El encuentro, encabezado por el ministro Massa, cont\u00f3 con la presencia de la secretaria de Energ\u00eda&nbsp;<strong>Flavia Royon,<\/strong>&nbsp;el presidente de&nbsp;<strong>YPF, Pablo Gonz\u00e1lez,<\/strong>&nbsp;y el CEO de la petrolera de mayor\u00eda estatal,&nbsp;<strong>Pablo Iuliano, Marcos Bulgheroni<\/strong>&nbsp;de&nbsp;<strong>PAE, Adri\u00e1n Vila<\/strong>&nbsp;de&nbsp;<strong>PlusPetrol;<\/strong>&nbsp;Emilio Nadra y Rodrigo Fern\u00e1ndez Deleo&nbsp;<strong>(CGC);<\/strong>&nbsp;Francisco Villamil&nbsp;<strong>(Vista);<\/strong>&nbsp;Ricardo Markous&nbsp;<strong>(Tecpetrol);<\/strong>&nbsp;Santiago Patr\u00f3n Costas&nbsp;<strong>(Pampa Energy)<\/strong>&nbsp;y Gustavo Scarini&nbsp;<strong>(PCR).<\/strong><\/p>\n\n\n\n<p class=\"has-medium-font-size\">Fuente: Diario Ambito<\/p>\n","protected":false},"excerpt":{"rendered":"<p>El ministro de Econom\u00eda y candidato presidencial de Uni\u00f3n por la Patria, anunci\u00f3 esta noche un acuerdo de congelamiento de precios de combustibles hasta el 31 de octubre. Buscan contener el impacto de la devaluaci\u00f3n.&nbsp; Gobierno y petroleras acuerdan congelar precios de combustibles hasta el 31 de octubre El ministro de Econom\u00eda y candidato presidencial [&hellip;]<\/p>\n","protected":false},"author":3,"featured_media":946,"comment_status":"closed","ping_status":"open","sticky":false,"template":"","format":"standard","meta":{"footnotes":""},"categories":[4,94,39],"tags":[91,40,108,72],"class_list":["post-911","post","type-post","status-publish","format-standard","has-post-thumbnail","hentry","category-economia","category-el-pais","category-politica","tag-devaluacion","tag-politica","tag-precio-combustibles","tag-sergio-massa"],"blog_post_layout_featured_media_urls":{"thumbnail":["https:\/\/lavozdisruptiva.com\/wp-content\/uploads\/2023\/08\/ypfjpeg-150x150.webp",150,150,true],"full":["https:\/\/lavozdisruptiva.com\/wp-content\/uploads\/2023\/08\/ypfjpeg.webp",1200,675,false]},"categories_names":{"4":{"name":"Econom\u00eda","link":"https:\/\/lavozdisruptiva.com\/index.php\/category\/economia\/"},"94":{"name":"El Pais","link":"https:\/\/lavozdisruptiva.com\/index.php\/category\/el-pais\/"},"39":{"name":"Pol\u00edtica","link":"https:\/\/lavozdisruptiva.com\/index.php\/category\/politica\/"}},"tags_names":{"91":{"name":"Devaluaci\u00f3n","link":"https:\/\/lavozdisruptiva.com\/index.php\/tag\/devaluacion\/"},"40":{"name":"Pol\u00edtica","link":"https:\/\/lavozdisruptiva.com\/index.php\/tag\/politica\/"},"108":{"name":"Precio combustibles","link":"https:\/\/lavozdisruptiva.com\/index.php\/tag\/precio-combustibles\/"},"72":{"name":"Sergio Massa","link":"https:\/\/lavozdisruptiva.com\/index.php\/tag\/sergio-massa\/"}},"comments_number":"0","wpmagazine_modules_lite_featured_media_urls":{"thumbnail":["https:\/\/lavozdisruptiva.com\/wp-content\/uploads\/2023\/08\/ypfjpeg-150x150.webp",150,150,true],"cvmm-medium":["https:\/\/lavozdisruptiva.com\/wp-content\/uploads\/2023\/08\/ypfjpeg-300x300.webp",300,300,true],"cvmm-medium-plus":["https:\/\/lavozdisruptiva.com\/wp-content\/uploads\/2023\/08\/ypfjpeg-305x207.webp",305,207,true],"cvmm-portrait":["https:\/\/lavozdisruptiva.com\/wp-content\/uploads\/2023\/08\/ypfjpeg-400x600.webp",400,600,true],"cvmm-medium-square":["https:\/\/lavozdisruptiva.com\/wp-content\/uploads\/2023\/08\/ypfjpeg-600x600.webp",600,600,true],"cvmm-large":["https:\/\/lavozdisruptiva.com\/wp-content\/uploads\/2023\/08\/ypfjpeg-1024x675.webp",1024,675,true],"cvmm-small":["https:\/\/lavozdisruptiva.com\/wp-content\/uploads\/2023\/08\/ypfjpeg-130x95.webp",130,95,true],"full":["https:\/\/lavozdisruptiva.com\/wp-content\/uploads\/2023\/08\/ypfjpeg.webp",1200,675,false]},"_links":{"self":[{"href":"https:\/\/lavozdisruptiva.com\/index.php\/wp-json\/wp\/v2\/posts\/911","targetHints":{"allow":["GET"]}}],"collection":[{"href":"https:\/\/lavozdisruptiva.com\/index.php\/wp-json\/wp\/v2\/posts"}],"about":[{"href":"https:\/\/lavozdisruptiva.com\/index.php\/wp-json\/wp\/v2\/types\/post"}],"author":[{"embeddable":true,"href":"https:\/\/lavozdisruptiva.com\/index.php\/wp-json\/wp\/v2\/users\/3"}],"replies":[{"embeddable":true,"href":"https:\/\/lavozdisruptiva.com\/index.php\/wp-json\/wp\/v2\/comments?post=911"}],"version-history":[{"count":6,"href":"https:\/\/lavozdisruptiva.com\/index.php\/wp-json\/wp\/v2\/posts\/911\/revisions"}],"predecessor-version":[{"id":930,"href":"https:\/\/lavozdisruptiva.com\/index.php\/wp-json\/wp\/v2\/posts\/911\/revisions\/930"}],"wp:featuredmedia":[{"embeddable":true,"href":"https:\/\/lavozdisruptiva.com\/index.php\/wp-json\/wp\/v2\/media\/946"}],"wp:attachment":[{"href":"https:\/\/lavozdisruptiva.com\/index.php\/wp-json\/wp\/v2\/media?parent=911"}],"wp:term":[{"taxonomy":"category","embeddable":true,"href":"https:\/\/lavozdisruptiva.com\/index.php\/wp-json\/wp\/v2\/categories?post=911"},{"taxonomy":"post_tag","embeddable":true,"href":"https:\/\/lavozdisruptiva.com\/index.php\/wp-json\/wp\/v2\/tags?post=911"}],"curies":[{"name":"wp","href":"https:\/\/api.w.org\/{rel}","templated":true}]}}