{"id":9088,"date":"2026-03-15T11:15:45","date_gmt":"2026-03-15T14:15:45","guid":{"rendered":"https:\/\/lavozdisruptiva.com\/?p=9088"},"modified":"2026-03-15T11:15:46","modified_gmt":"2026-03-15T14:15:46","slug":"el-balance-de-expoagro-records-financiamiento-al-0-e-insistencia-por-las-retenciones","status":"publish","type":"post","link":"https:\/\/lavozdisruptiva.com\/index.php\/2026\/03\/15\/el-balance-de-expoagro-records-financiamiento-al-0-e-insistencia-por-las-retenciones\/","title":{"rendered":"El balance de Expoagro: r\u00e9cords, financiamiento al 0% e insistencia por las retenciones"},"content":{"rendered":"\n<h2 class=\"wp-block-heading\" style=\"font-size:23px\">Culmin\u00f3 la megamuestra del agro, en un clima que se vio marcado por los anuncios de cr\u00e9ditos y la participaci\u00f3n; el pedido pendiente al Gobierno.<\/h2>\n\n\n\n<figure class=\"wp-block-image size-large\"><img loading=\"lazy\" decoding=\"async\" width=\"1024\" height=\"576\" src=\"https:\/\/lavozdisruptiva.com\/wp-content\/uploads\/2026\/03\/Expo-2-1024x576.webp\" alt=\"\" class=\"wp-image-9092\" srcset=\"https:\/\/lavozdisruptiva.com\/wp-content\/uploads\/2026\/03\/Expo-2-1024x576.webp 1024w, https:\/\/lavozdisruptiva.com\/wp-content\/uploads\/2026\/03\/Expo-2-300x169.webp 300w, https:\/\/lavozdisruptiva.com\/wp-content\/uploads\/2026\/03\/Expo-2-768x432.webp 768w, https:\/\/lavozdisruptiva.com\/wp-content\/uploads\/2026\/03\/Expo-2.webp 1280w\" sizes=\"auto, (max-width: 1024px) 100vw, 1024px\" \/><\/figure>\n\n\n\n<p class=\"has-medium-font-size\">La vig\u00e9sima edici\u00f3n de la&nbsp;Expoagro edici\u00f3n 2026&nbsp;marc\u00f3 r\u00e9cords y present\u00f3 un abanico de nuevas oportunidades, aunque&nbsp;en esta&nbsp;coyuntura el sector repiti\u00f3&nbsp;<strong>su reclamo hist\u00f3rico<\/strong>: <strong>eliminar por completo el Derecho a las Exportaciones (DEX)<\/strong>.<\/p>\n\n\n\n<p class=\"has-medium-font-size\">El aut\u00f3dromo de&nbsp;<strong>San Nicol\u00e1s<\/strong>&nbsp;fue anfitri\u00f3n de una concurrencia que se fue superando d\u00edas tras d\u00eda: desde el martes hasta el viernes el p\u00fablico se fue incrementando,&nbsp;<strong>al punto de superar los 250.000 visitantes y quedar por encima de la edici\u00f3n del 2025.<\/strong><\/p>\n\n\n\n<p class=\"has-medium-font-size\">\u201c<strong><em>La puesta en escena de esta edici\u00f3n fue realmente extraordinaria.&nbsp;Lo que m\u00e1s me sorprendi\u00f3 fue la enorme concurrencia de p\u00fablico y el clima que se vivi\u00f3 durante toda la exposici\u00f3n: todos estaban contentos y destacaban la experiencia. Eso habla de que Expoagro sigue creciendo. Naci\u00f3 con foco en el agro, pero hoy claramente trascendi\u00f3 las fronteras del sector y es cada vez m\u00e1s cosmopolita<\/em><\/strong>\u201d, indic\u00f3&nbsp;<strong>Mart\u00edn Schvartzman,&nbsp;<\/strong>CEO de Exponenciar.<\/p>\n\n\n\n<p class=\"has-medium-font-size\">La puesta en escena incluy\u00f3&nbsp;<strong>m\u00e1s de 700 expositores<\/strong>,&nbsp;<strong>7 auditorios<\/strong>&nbsp;funcionando en simult\u00e1neo,&nbsp;<strong>m\u00e1s de 170.000 cabezas rematadas<\/strong>&nbsp;entre 11 casas consignatarias,<strong>&nbsp;367 reuniones de negocios<\/strong>,&nbsp;<strong>12 plots con cultivos en pie&nbsp;<\/strong>y presencia internacional, seg\u00fan constat\u00f3 la&nbsp;<strong>Agencia Noticias Argentinas.<\/strong><\/p>\n\n\n\n<h3 class=\"wp-block-heading has-medium-font-size\">Nuevas oportunidades<\/h3>\n\n\n\n<p class=\"has-medium-font-size\">El foco de atenci\u00f3n se centr\u00f3 en la venta de maquinaria agr\u00edcola y las posibilidades que dieron distintas entidades bancarias&nbsp;para otorgar financiamientos.<\/p>\n\n\n\n<p class=\"has-medium-font-size\">Tal es el caso del&nbsp;<strong>Naci\u00f3n y Provincia<\/strong>, los cuales soprendieron al anunciar&nbsp;<strong>l\u00edneas de cr\u00e9dito en d\u00f3lares a tasa cero<\/strong>, tanto para capital de trabajo nuevo como el usado.<\/p>\n\n\n\n<p class=\"has-medium-font-size\">Para el primero, la tasa en pesos se pact\u00f3 al&nbsp;<strong>19%<\/strong>&nbsp;fijo; el segundo, por su parte, inicia&nbsp;en&nbsp;<strong>tasas del 22,5% con 48 meses de plazo.<\/strong><\/p>\n\n\n\n<p class=\"has-medium-font-size\">Tal es as\u00ed que<strong>&nbsp;el Provincia<\/strong>&nbsp;&#8211;<strong>quien fue main sponsor del evento<\/strong>&#8211;<strong>&nbsp;<\/strong>recibi\u00f3 pedidos de cr\u00e9ditos por&nbsp;<strong>m\u00e1s de $531.000 millones y US$738 millones<\/strong>.<\/p>\n\n\n\n<p class=\"has-medium-font-size\">Entre otros de los bancos se encuentran el Banco Galicia (m\u00e1s de $<strong>150.000 millones)<\/strong>,<strong>&nbsp;ICBC ($63.500 millones)<\/strong>,<strong>&nbsp;Credicoop ($55.000 millones y US$31 millones)&nbsp;<\/strong>y<strong>&nbsp;Patagonia (US$12 millones)<\/strong>, entre otros.<\/p>\n\n\n\n<p class=\"has-medium-font-size\">En total, se concretaron&nbsp;<strong>US$10.000 millones de solicitudes de cr\u00e9ditos entre las 12 entidades financieras&nbsp;<\/strong>que participaron de la &#8220;<strong>Capital Nacional de los Agronegocios<\/strong>\u201d.<\/p>\n\n\n\n<p class=\"has-medium-font-size\">Sin embargo, y a pesar de ser una excelente noticia para el campo,perdi\u00f3 cierto protagonismo frente al reclamo persistente de&nbsp;<strong>quitar las retenciones<\/strong>. Los referentes del agro alzaron su voz y volvieron a marcar la agenda, en algo que&nbsp;<strong>no dan por olvidado.<\/strong><\/p>\n\n\n\n<p class=\"has-medium-font-size\"><strong>Los reclamos<\/strong><\/p>\n\n\n\n<p class=\"has-medium-font-size\"><strong>Andrea Sarnari,&nbsp;<\/strong>presidenta de la&nbsp;<strong>Federaci\u00f3n Agraria Argentina&nbsp;<\/strong>(FAA), manifest\u00f3 que desde su espacio van a seguir insistiendo y mencion\u00f3, adem\u00e1s, una reducci\u00f3n impositiva para el sector.<\/p>\n\n\n\n<p class=\"has-medium-font-size\">\u201c<strong><em>Expoagro es una\u00a0vidriera\u00a0donde muestra gran parte de lo que se hace en el\u00a0campo\u00a0y sobre todo en la\u00a0industria\u00a0y en lo que los\u00a0productores\u00a0usamos como\u00a0tecnolog\u00eda. Las\u00a0cuentas pendientes\u00a0son varias, pero especialmente creo que algo que dijo el\u00a0secretario de Agricultura (Sergio Iraeta)\u00a0en su apertura: hay que\u00a0bajar la presi\u00f3n impositiva\u00a0para convertir a las\u00a0econom\u00edas productivas primarias\u00a0rentables. Y ese camino se empez\u00f3 a transitar, aunque todav\u00eda falta mucho y seguiremos insistiendo, principalmente, por la\u00a0eliminaci\u00f3n de las retenciones<\/em><\/strong>\u201d.<\/p>\n\n\n\n<p class=\"has-medium-font-size\">En tanto, el presidente de<strong>&nbsp;Confederaciones Rurales Argentinas&nbsp;<\/strong>(CRA),&nbsp;<strong>Carlos Castagnani<\/strong>, pidi\u00f3 por una mejor infraestructura, acompa\u00f1ado de una baja en el costo de producci\u00f3n.<\/p>\n\n\n\n<p class=\"has-medium-font-size\">\u201c<strong><em>Hay impuestos que son ins\u00f3litos, como el Impuesto al Cheque; hay impuestos provinciales y municipales que son tan fuertes como los nacionales. Tenemos que lograr, como entidad,\u00a0tener el di\u00e1logo con todos los estamentos. Y por supuesto, no olvidamos nuestro reclamo hist\u00f3rico<\/em><\/strong>\u201d.<\/p>\n\n\n\n<p class=\"has-medium-font-size\">Para \u00e9l, eliminar las retenciones por completo es una \u201cnecesidad\u201d para el sector y en esa l\u00ednea desafi\u00f3 al poder: \u201c<strong><em>\u00bfQu\u00e9 pasa el d\u00eda que no haya m\u00e1s retenciones?\u00a0Vamos a ver cu\u00e1nto tiempo perdimos y cu\u00e1nto da\u00f1o le hicimos a la producci\u00f3n y al pa\u00eds<\/em><\/strong>\u201d.<\/p>\n\n\n\n<p class=\"has-medium-font-size\">No solo dirigentes del agro, sino que tambi\u00e9n&nbsp;autoridades provinciales&nbsp;expresaron su deseo de culminar definitivamente con los DEX.<\/p>\n\n\n\n<p class=\"has-medium-font-size\">La vicegobernadora de C\u00f3rdoba,&nbsp;<strong>Myrian Prunotto<\/strong>,&nbsp;refresc\u00f3 el pedido al Gobierno&nbsp;y destac\u00f3 que su provincia aportar\u00e1 este a\u00f1o&nbsp;<strong>US$2.500 millones<\/strong>&nbsp;al fisco nacional por este concepto.<\/p>\n\n\n\n<p class=\"has-medium-font-size\">El gobernador de la provincia de Buenos Aires,<strong>&nbsp;Axel Kicillof,<\/strong>&nbsp;tambi\u00e9n marc\u00f3 su postura: \u201c<strong><em>Estamos a la espera&nbsp;porque es una situaci\u00f3n muy estrafalaria a nivel mundial, en el marco de que los precios internacionales, al comp\u00e1s de los conflictos b\u00e9licos y de lo que es la geopol\u00edtica, se van moviendo\u201d<\/em><\/strong>.<\/p>\n\n\n\n<h3 class=\"wp-block-heading has-medium-font-size\">Presencias del arco pol\u00edtico<\/h3>\n\n\n\n<p class=\"has-medium-font-size\">Como todos los a\u00f1os, la megamuestra del campo<strong>&nbsp;cont\u00f3 con la participaci\u00f3n de disitntos actores y referentes de la pol\u00edtica nacional<\/strong>, entre los que destacaron gobernadores, funcionarios y legisladores de todos los espacios.<\/p>\n\n\n\n<p class=\"has-medium-font-size\">De parte del Gobierno nacional dijeron presente la vicepresidenta<strong>&nbsp;Victoria Villarruel<\/strong>; el ministro del Interior,&nbsp;<strong>Diego Santilli<\/strong>, el secretario de Agricultura, Ganader\u00eda y Pesca,&nbsp;<strong>Sergio Iraeta<\/strong>; y el secretario de Finanzas,&nbsp;<strong>Federico Furiase<\/strong>.<\/p>\n\n\n\n<p class=\"has-medium-font-size\">Con respecto a las autoridades provinciales participaron\u00a0<strong>Axel Kicillof\u00a0<\/strong>(provincia de Buenos Aires),\u00a0<strong>Maximiliano Pullaro<\/strong>\u00a0(Santa Fe),\u00a0<strong>Sergio Ziliotto<\/strong>\u00a0(La Pampa),\u00a0<strong>Rogelio Frigerio<\/strong>\u00a0(Entre R\u00edos),\u00a0<strong>Jorge Macri<\/strong>\u00a0(jefe de la Ciudad de Buenos Aires) y los vicegobernadores<strong>\u00a0Antonio Marocco<\/strong>\u00a0(Salta) y\u00a0<strong>Myrian Prunotto\u00a0<\/strong>(C\u00f3rdoba).<\/p>\n\n\n\n<p class=\"has-medium-font-size\">Tambi\u00e9n cont\u00f3 con la asistencia de distintos senadores -entre ellos\u00a0<strong>\u201cWado\u201d De Pedro<\/strong>\u00a0(UxP) y\u00a0<strong>Patricia Bullrich<\/strong>\u00a0(LLA)- y diputados como\u00a0<strong>Miguel \u00c1ngel Pichetto, Victoria Tolosa Paz\u00a0<\/strong>y\u00a0<strong>Esteban Paul\u00f3n<\/strong>, entre los m\u00e1s reconocidos.<\/p>\n\n\n\n<p class=\"has-medium-font-size\"><strong>Mauricio Macri<\/strong>, expresidente, y\u00a0<strong>Guillermo Francos<\/strong>, exjefe de Gabinete, tambi\u00e9n estuvieron presentes en la vig\u00e9sima edici\u00f3n de la Expoagro, al igual que\u00a0distintos intendentes y legisladores bonaerenses.<\/p>\n\n\n\n<h3 class=\"wp-block-heading has-medium-font-size\">Las ausencias<\/h3>\n\n\n\n<p class=\"has-medium-font-size\">A comparaci\u00f3n de la anterior edici\u00f3n, la principal ausencia se vio marcada por\u00a0<strong>la falta del presidente Javier Milei<\/strong>. El mandatario no estuvo presente debido a su participaci\u00f3n en la \u201cArgentina Week\u201d y su\u00a0viaje rel\u00e1mpago a Espa\u00f1a.\u00a0<\/p>\n\n\n\n<p class=\"has-medium-font-size\">Otro de los funcionarios del Poder Ejecutivo que no particip\u00f3 fue el ministro de Econom\u00eda,&nbsp;<strong>Luis Caputo<\/strong>, dado que acompa\u00f1\u00f3 al Jefe de Estado hacia Estados Unidos. En tanto, la ministra de Seguridad,&nbsp;<strong>Alejandra Monteoliva<\/strong>, debi\u00f3 cancelar su presencia en la feria del agro dado problemas en su agenda.&nbsp;<\/p>\n\n\n\n<p class=\"has-medium-font-size\">Fuente: Con informaci\u00f3n de NA<\/p>\n","protected":false},"excerpt":{"rendered":"<p>Culmin\u00f3 la megamuestra del agro, en un clima que se vio marcado por los anuncios de cr\u00e9ditos y la participaci\u00f3n; el pedido pendiente al Gobierno. La vig\u00e9sima edici\u00f3n de la&nbsp;Expoagro edici\u00f3n 2026&nbsp;marc\u00f3 r\u00e9cords y present\u00f3 un abanico de nuevas oportunidades, aunque&nbsp;en esta&nbsp;coyuntura el sector repiti\u00f3&nbsp;su reclamo hist\u00f3rico: eliminar por completo el Derecho a las Exportaciones [&hellip;]<\/p>\n","protected":false},"author":3,"featured_media":9091,"comment_status":"closed","ping_status":"open","sticky":false,"template":"","format":"standard","meta":{"footnotes":""},"categories":[170,4,81,3,39],"tags":[66,1626,604,40,777],"class_list":["post-9088","post","type-post","status-publish","format-standard","has-post-thumbnail","hentry","category-agricultura","category-economia","category-nacional","category-negocios","category-politica","tag-economia","tag-expoagro","tag-gobierno-nacional","tag-politica","tag-retenciones"],"blog_post_layout_featured_media_urls":{"thumbnail":["https:\/\/lavozdisruptiva.com\/wp-content\/uploads\/2026\/03\/Expo-1-150x150.webp",150,150,true],"full":["https:\/\/lavozdisruptiva.com\/wp-content\/uploads\/2026\/03\/Expo-1.webp",1280,720,false]},"categories_names":{"170":{"name":"Agricultura","link":"https:\/\/lavozdisruptiva.com\/index.php\/category\/agricultura\/"},"4":{"name":"Econom\u00eda","link":"https:\/\/lavozdisruptiva.com\/index.php\/category\/economia\/"},"81":{"name":"Nacional","link":"https:\/\/lavozdisruptiva.com\/index.php\/category\/nacional\/"},"3":{"name":"Negocios","link":"https:\/\/lavozdisruptiva.com\/index.php\/category\/negocios\/"},"39":{"name":"Pol\u00edtica","link":"https:\/\/lavozdisruptiva.com\/index.php\/category\/politica\/"}},"tags_names":{"66":{"name":"Econom\u00eda","link":"https:\/\/lavozdisruptiva.com\/index.php\/tag\/economia\/"},"1626":{"name":"Expoagro","link":"https:\/\/lavozdisruptiva.com\/index.php\/tag\/expoagro\/"},"604":{"name":"Gobierno Nacional","link":"https:\/\/lavozdisruptiva.com\/index.php\/tag\/gobierno-nacional\/"},"40":{"name":"Pol\u00edtica","link":"https:\/\/lavozdisruptiva.com\/index.php\/tag\/politica\/"},"777":{"name":"Retenciones","link":"https:\/\/lavozdisruptiva.com\/index.php\/tag\/retenciones\/"}},"comments_number":"0","wpmagazine_modules_lite_featured_media_urls":{"thumbnail":["https:\/\/lavozdisruptiva.com\/wp-content\/uploads\/2026\/03\/Expo-1-150x150.webp",150,150,true],"cvmm-medium":["https:\/\/lavozdisruptiva.com\/wp-content\/uploads\/2026\/03\/Expo-1-300x300.webp",300,300,true],"cvmm-medium-plus":["https:\/\/lavozdisruptiva.com\/wp-content\/uploads\/2026\/03\/Expo-1-305x207.webp",305,207,true],"cvmm-portrait":["https:\/\/lavozdisruptiva.com\/wp-content\/uploads\/2026\/03\/Expo-1-400x600.webp",400,600,true],"cvmm-medium-square":["https:\/\/lavozdisruptiva.com\/wp-content\/uploads\/2026\/03\/Expo-1-600x600.webp",600,600,true],"cvmm-large":["https:\/\/lavozdisruptiva.com\/wp-content\/uploads\/2026\/03\/Expo-1-1024x720.webp",1024,720,true],"cvmm-small":["https:\/\/lavozdisruptiva.com\/wp-content\/uploads\/2026\/03\/Expo-1-130x95.webp",130,95,true],"full":["https:\/\/lavozdisruptiva.com\/wp-content\/uploads\/2026\/03\/Expo-1.webp",1280,720,false]},"_links":{"self":[{"href":"https:\/\/lavozdisruptiva.com\/index.php\/wp-json\/wp\/v2\/posts\/9088","targetHints":{"allow":["GET"]}}],"collection":[{"href":"https:\/\/lavozdisruptiva.com\/index.php\/wp-json\/wp\/v2\/posts"}],"about":[{"href":"https:\/\/lavozdisruptiva.com\/index.php\/wp-json\/wp\/v2\/types\/post"}],"author":[{"embeddable":true,"href":"https:\/\/lavozdisruptiva.com\/index.php\/wp-json\/wp\/v2\/users\/3"}],"replies":[{"embeddable":true,"href":"https:\/\/lavozdisruptiva.com\/index.php\/wp-json\/wp\/v2\/comments?post=9088"}],"version-history":[{"count":5,"href":"https:\/\/lavozdisruptiva.com\/index.php\/wp-json\/wp\/v2\/posts\/9088\/revisions"}],"predecessor-version":[{"id":9095,"href":"https:\/\/lavozdisruptiva.com\/index.php\/wp-json\/wp\/v2\/posts\/9088\/revisions\/9095"}],"wp:featuredmedia":[{"embeddable":true,"href":"https:\/\/lavozdisruptiva.com\/index.php\/wp-json\/wp\/v2\/media\/9091"}],"wp:attachment":[{"href":"https:\/\/lavozdisruptiva.com\/index.php\/wp-json\/wp\/v2\/media?parent=9088"}],"wp:term":[{"taxonomy":"category","embeddable":true,"href":"https:\/\/lavozdisruptiva.com\/index.php\/wp-json\/wp\/v2\/categories?post=9088"},{"taxonomy":"post_tag","embeddable":true,"href":"https:\/\/lavozdisruptiva.com\/index.php\/wp-json\/wp\/v2\/tags?post=9088"}],"curies":[{"name":"wp","href":"https:\/\/api.w.org\/{rel}","templated":true}]}}