{"id":9047,"date":"2026-03-11T20:25:53","date_gmt":"2026-03-11T23:25:53","guid":{"rendered":"https:\/\/lavozdisruptiva.com\/?p=9047"},"modified":"2026-03-11T20:25:54","modified_gmt":"2026-03-11T23:25:54","slug":"vtv-seguridad-vial-o-negocio-cautivo","status":"publish","type":"post","link":"https:\/\/lavozdisruptiva.com\/index.php\/2026\/03\/11\/vtv-seguridad-vial-o-negocio-cautivo\/","title":{"rendered":"VTV: seguridad vial o negocio cautivo"},"content":{"rendered":"\n<p style=\"font-size:23px\"><strong>Mientras el Gobierno nacional avanza con una reforma para reducir tr\u00e1mites y ampliar la competencia en el sistema de verificaci\u00f3n t\u00e9cnica vehicular, en Misiones ya anticipan que no habr\u00e1 cambios. El debate vuelve a poner en el centro una pregunta inc\u00f3moda: si el sistema est\u00e1 pensado para mejorar la seguridad vial o si termin\u00f3 consolidando un negocio regulado con ingresos garantizados.<\/strong><\/p>\n\n\n\n<figure class=\"wp-block-image size-full\"><img loading=\"lazy\" decoding=\"async\" width=\"746\" height=\"297\" src=\"https:\/\/lavozdisruptiva.com\/wp-content\/uploads\/2026\/03\/VTV-3.png\" alt=\"\" class=\"wp-image-9052\" srcset=\"https:\/\/lavozdisruptiva.com\/wp-content\/uploads\/2026\/03\/VTV-3.png 746w, https:\/\/lavozdisruptiva.com\/wp-content\/uploads\/2026\/03\/VTV-3-300x119.png 300w\" sizes=\"auto, (max-width: 746px) 100vw, 746px\" \/><\/figure>\n\n\n\n<h1 class=\"wp-block-heading has-medium-font-size\">Para qu\u00e9 sirve la VTV<\/h1>\n\n\n\n<p class=\"has-medium-font-size\">La Verificaci\u00f3n T\u00e9cnica Vehicular (VTV) \u2014tambi\u00e9n denominada Revisi\u00f3n T\u00e9cnica Obligatoria (RTO)\u2014 es un control t\u00e9cnico que deben realizar los veh\u00edculos para certificar que se encuentran en condiciones m\u00ednimas de seguridad para circular.<br><br>Durante la inspecci\u00f3n se eval\u00faan distintos componentes del veh\u00edculo:<br>\u2022 sistema de frenos<br>\u2022 neum\u00e1ticos y llantas<br>\u2022 direcci\u00f3n y suspensi\u00f3n<br>\u2022 iluminaci\u00f3n<br>\u2022 sistema de escape<br>\u2022 emisiones contaminantes<br><br>Seg\u00fan los resultados, el veh\u00edculo puede quedar aprobado, condicional o rechazado. El objetivo del sistema es prevenir accidentes vinculados a fallas mec\u00e1nicas que podr\u00edan detectarse mediante controles peri\u00f3dicos.<\/p>\n\n\n\n<h1 class=\"wp-block-heading has-medium-font-size\">La reforma que impulsa el Gobierno nacional<\/h1>\n\n\n\n<p class=\"has-medium-font-size\">El ministro de Desregulaci\u00f3n y Transformaci\u00f3n del Estado, Federico Sturzenegger, anunci\u00f3 la implementaci\u00f3n de cambios en el r\u00e9gimen de verificaci\u00f3n t\u00e9cnica mediante el <strong>Decreto 139\/2026<\/strong>, que ratifica modificaciones introducidas previamente en el Decreto 196\/2025.<br>La iniciativa busca simplificar tr\u00e1mites y reducir costos para los conductores.<\/p>\n\n\n\n<h1 class=\"wp-block-heading has-medium-font-size\">Nuevos plazos de control<\/h1>\n\n\n\n<p class=\"has-medium-font-size\">\u2022 Veh\u00edculos 0 km: primera verificaci\u00f3n a los 5 a\u00f1os<br>\u2022 Entre 5 y 10 a\u00f1os: cada 2 a\u00f1os<br>\u2022 M\u00e1s de 10 a\u00f1os: controles m\u00e1s frecuentes<br>Con esto se reduce significativamente la cantidad de verificaciones que deben realizar los veh\u00edculos relativamente nuevos.<\/p>\n\n\n\n<h1 class=\"wp-block-heading has-medium-font-size\">Apertura del sistema a m\u00e1s talleres<\/h1>\n\n\n\n<p class=\"has-medium-font-size\">La reforma <strong>elimina la exclusividad de las plantas verificadoras tradicionales<\/strong> y habilita a que la revisi\u00f3n pueda realizarse en concesionarias, talleres mec\u00e1nicos habilitados, centros de verificaci\u00f3n y establecimientos que actualmente inspeccionan veh\u00edculos de carga.<\/p>\n\n\n\n<h1 class=\"wp-block-heading has-medium-font-size\">Eliminaci\u00f3n de tr\u00e1mites intermedios<\/h1>\n\n\n\n<p class=\"has-medium-font-size\">Tambi\u00e9n se elimina el llamado Informe de Configuraci\u00f3n de Modelo (ICM), un tr\u00e1mite previo que deb\u00eda realizarse para ciertas modificaciones en veh\u00edculos.<\/p>\n\n\n\n<h1 class=\"wp-block-heading has-medium-font-size\">Un sistema cuestionado desde hace tiempo<\/h1>\n\n\n\n<p class=\"has-medium-font-size\">El debate sobre la VTV no es nuevo.<br>En La Voz Disruptiva ya se hab\u00edan publicado an\u00e1lisis cr\u00edticos sobre el funcionamiento del sistema:<br>\u2022 18 de marzo de 2025: a<a href=\"https:\/\/lavozdisruptiva.com\/index.php\/2025\/03\/18\/desregulacion-el-gobierno-nacional-modernizo-la-ley-de-transito-y-oficializo-cambios-en-la-licencia-de-conducir-vtv-y-peajes\/\" data-type=\"link\" data-id=\"https:\/\/lavozdisruptiva.com\/index.php\/2025\/03\/18\/desregulacion-el-gobierno-nacional-modernizo-la-ley-de-transito-y-oficializo-cambios-en-la-licencia-de-conducir-vtv-y-peajes\/\">n\u00e1lisis sobre los intentos de reforma del sistema de verificaci\u00f3n t\u00e9cnica.<\/a><br>\u2022 9 de julio de 2025: la nota titulada \u201c<a href=\"https:\/\/lavozdisruptiva.com\/index.php\/2025\/07\/09\/la-trampa-legal-de-la-vtv-cuando-el-estado-se-convierte-en-socio-de-la-recaudacion-privada\/\" data-type=\"link\" data-id=\"https:\/\/lavozdisruptiva.com\/index.php\/2025\/07\/09\/la-trampa-legal-de-la-vtv-cuando-el-estado-se-convierte-en-socio-de-la-recaudacion-privada\/\">La VTV: una trampa legal\u201d,<\/a> donde se advert\u00eda que el esquema hab\u00eda derivado en \u201cun sistema donde el Estado se convierte en socio de la recaudaci\u00f3n privada\u201d.<\/p>\n\n\n\n<p class=\"has-medium-font-size\">.17 de diciembre de 2025, <a href=\"https:\/\/lavozdisruptiva.com\/index.php\/2025\/12\/17\/la-trampa-legal-de-la-vtv-sigue-con-vida-en-misiones\/\" data-type=\"link\" data-id=\"https:\/\/lavozdisruptiva.com\/index.php\/2025\/12\/17\/la-trampa-legal-de-la-vtv-sigue-con-vida-en-misiones\/\">ya advirtiendo que en Misiones esa &#8220;trampa legal&#8221; segu\u00eda con vida<\/a>.<\/p>\n\n\n\n<h1 class=\"wp-block-heading has-medium-font-size\">Cu\u00e1nto cuesta la VTV en Argentina<\/h1>\n\n\n\n<p class=\"has-medium-font-size\">El valor de la Verificaci\u00f3n T\u00e9cnica Vehicular var\u00eda seg\u00fan la provincia, pero en todos los casos se trata de un tr\u00e1mite obligatorio con tarifas fijadas administrativamente.<br>Valores aproximados para autos particulares en 2026:<\/p>\n\n\n\n<figure class=\"wp-block-table\"><table class=\"has-fixed-layout\"><tbody><tr><td>Provincia<\/td><td>Costo aproximado<\/td><\/tr><tr><td>Buenos Aires<\/td><td>$63.000<\/td><\/tr><tr><td>CABA<\/td><td>$52.000<\/td><\/tr><tr><td>C\u00f3rdoba<\/td><td>$48.000<\/td><\/tr><tr><td>Santa Fe<\/td><td>$45.000<\/td><\/tr><tr><td>Misiones<\/td><td>$54.600 \u2013 $71.000<\/td><\/tr><\/tbody><\/table><\/figure>\n\n\n\n<p class=\"has-medium-font-size\">En la pr\u00e1ctica, esto significa que millones de conductores deben pagar cada a\u00f1o o cada dos a\u00f1os un servicio obligatorio cuyo precio no surge de la competencia de mercado sino de tarifas definidas por el propio sistema regulado.<br>Multiplicado por el parque automotor, el resultado es un negocio de miles de millones de pesos anuales garantizado por ley.<\/p>\n\n\n\n<h1 class=\"wp-block-heading\">Misiones: todo indica que no habr\u00e1 cambios<\/h1>\n\n\n\n<p class=\"has-medium-font-size\">Autoridades provinciales y responsables de plantas verificadoras ya anticiparon -en distintas declaraciones- que el sistema actual se mantendr\u00eda sin modificaciones. <strong>Se justifican diciendo que las leyes de tr\u00e1nsito son de adhesi\u00f3n provincial<\/strong>, lo que significa que cada jurisdicci\u00f3n decide si adopta o no las reformas nacionales o en otras palabras si se adhiere o no. En el caso de Misiones, las primeras se\u00f1ales indican que el esquema vigente continuar\u00e1 sin cambios en el corto plazo.<\/p>\n\n\n\n<h1 class=\"wp-block-heading has-medium-font-size\">Seguridad vial o renta regulada<\/h1>\n\n\n\n<p class=\"has-medium-font-size\">La seguridad vial es un objetivo leg\u00edtimo. Sin embargo, cuando el sistema funciona con prestadores autorizados por el Estado, demanda obligatoria garantizada por ley y tarifas definidas administrativamente, surge el riesgo de que se transforme en un negocio regulado con ingresos asegurados.<\/p>\n\n\n\n<h1 class=\"wp-block-heading has-medium-font-size\">Adherir o no adherir&#8230;. esa es la cuesti\u00f3n<\/h1>\n\n\n\n<p class=\"has-medium-font-size\">La reforma impulsada por el Gobierno nacional busca introducir competencia, ampliar la oferta de talleres habilitados y reducir la frecuencia de controles para veh\u00edculos nuevos.<br>Pero el impacto real depender\u00e1 de una decisi\u00f3n clave:<strong>si las provincias deciden o no adherir a las reformas.<\/strong><br><br>En el caso de<strong>Misiones, todo indica que el sistema seguir\u00e1 igual<\/strong>. Y si eso ocurre, la pregunta seguir\u00e1 vigente para miles de conductores: l<strong>a VTV, \u00bfes un instrumento de seguridad vial\u2026 o simplemente un negocio cautivo garantizado por ley?<\/strong><\/p>\n\n\n\n<p class=\"has-medium-font-size\">Fuente: elaboraci\u00f3n propia de LVD en base a medios nacionales (\u00c1mbito, iProfesional y Primera Edici\u00f3n).<\/p>\n","protected":false},"excerpt":{"rendered":"<p>Mientras el Gobierno nacional avanza con una reforma para reducir tr\u00e1mites y ampliar la competencia en el sistema de verificaci\u00f3n t\u00e9cnica vehicular, en Misiones ya anticipan que no habr\u00e1 cambios. El debate vuelve a poner en el centro una pregunta inc\u00f3moda: si el sistema est\u00e1 pensado para mejorar la seguridad vial o si termin\u00f3 consolidando [&hellip;]<\/p>\n","protected":false},"author":3,"featured_media":9051,"comment_status":"closed","ping_status":"open","sticky":false,"template":"","format":"standard","meta":{"footnotes":""},"categories":[4,81,3,39,62],"tags":[1621,146,514,412,771],"class_list":["post-9047","post","type-post","status-publish","format-standard","has-post-thumbnail","hentry","category-economia","category-nacional","category-negocios","category-politica","category-regional","tag-decreto-139-26","tag-desregulacion","tag-federico-sturzenegger","tag-javier-milei","tag-vtv"],"blog_post_layout_featured_media_urls":{"thumbnail":["https:\/\/lavozdisruptiva.com\/wp-content\/uploads\/2026\/03\/VTV-1-150x150.avif",150,150,true],"full":["https:\/\/lavozdisruptiva.com\/wp-content\/uploads\/2026\/03\/VTV-1.avif",767,430,false]},"categories_names":{"4":{"name":"Econom\u00eda","link":"https:\/\/lavozdisruptiva.com\/index.php\/category\/economia\/"},"81":{"name":"Nacional","link":"https:\/\/lavozdisruptiva.com\/index.php\/category\/nacional\/"},"3":{"name":"Negocios","link":"https:\/\/lavozdisruptiva.com\/index.php\/category\/negocios\/"},"39":{"name":"Pol\u00edtica","link":"https:\/\/lavozdisruptiva.com\/index.php\/category\/politica\/"},"62":{"name":"Regional","link":"https:\/\/lavozdisruptiva.com\/index.php\/category\/regional\/"}},"tags_names":{"1621":{"name":"Decreto 139\/26","link":"https:\/\/lavozdisruptiva.com\/index.php\/tag\/decreto-139-26\/"},"146":{"name":"Desregulaci\u00f3n","link":"https:\/\/lavozdisruptiva.com\/index.php\/tag\/desregulacion\/"},"514":{"name":"Federico Sturzenegger","link":"https:\/\/lavozdisruptiva.com\/index.php\/tag\/federico-sturzenegger\/"},"412":{"name":"Javier Milei","link":"https:\/\/lavozdisruptiva.com\/index.php\/tag\/javier-milei\/"},"771":{"name":"VTV","link":"https:\/\/lavozdisruptiva.com\/index.php\/tag\/vtv\/"}},"comments_number":"0","wpmagazine_modules_lite_featured_media_urls":{"thumbnail":["https:\/\/lavozdisruptiva.com\/wp-content\/uploads\/2026\/03\/VTV-1-150x150.avif",150,150,true],"cvmm-medium":["https:\/\/lavozdisruptiva.com\/wp-content\/uploads\/2026\/03\/VTV-1-300x300.avif",300,300,true],"cvmm-medium-plus":["https:\/\/lavozdisruptiva.com\/wp-content\/uploads\/2026\/03\/VTV-1-305x207.avif",305,207,true],"cvmm-portrait":["https:\/\/lavozdisruptiva.com\/wp-content\/uploads\/2026\/03\/VTV-1-400x430.avif",400,430,true],"cvmm-medium-square":["https:\/\/lavozdisruptiva.com\/wp-content\/uploads\/2026\/03\/VTV-1-600x430.avif",600,430,true],"cvmm-large":["https:\/\/lavozdisruptiva.com\/wp-content\/uploads\/2026\/03\/VTV-1.avif",767,430,false],"cvmm-small":["https:\/\/lavozdisruptiva.com\/wp-content\/uploads\/2026\/03\/VTV-1-130x95.avif",130,95,true],"full":["https:\/\/lavozdisruptiva.com\/wp-content\/uploads\/2026\/03\/VTV-1.avif",767,430,false]},"_links":{"self":[{"href":"https:\/\/lavozdisruptiva.com\/index.php\/wp-json\/wp\/v2\/posts\/9047","targetHints":{"allow":["GET"]}}],"collection":[{"href":"https:\/\/lavozdisruptiva.com\/index.php\/wp-json\/wp\/v2\/posts"}],"about":[{"href":"https:\/\/lavozdisruptiva.com\/index.php\/wp-json\/wp\/v2\/types\/post"}],"author":[{"embeddable":true,"href":"https:\/\/lavozdisruptiva.com\/index.php\/wp-json\/wp\/v2\/users\/3"}],"replies":[{"embeddable":true,"href":"https:\/\/lavozdisruptiva.com\/index.php\/wp-json\/wp\/v2\/comments?post=9047"}],"version-history":[{"count":7,"href":"https:\/\/lavozdisruptiva.com\/index.php\/wp-json\/wp\/v2\/posts\/9047\/revisions"}],"predecessor-version":[{"id":9056,"href":"https:\/\/lavozdisruptiva.com\/index.php\/wp-json\/wp\/v2\/posts\/9047\/revisions\/9056"}],"wp:featuredmedia":[{"embeddable":true,"href":"https:\/\/lavozdisruptiva.com\/index.php\/wp-json\/wp\/v2\/media\/9051"}],"wp:attachment":[{"href":"https:\/\/lavozdisruptiva.com\/index.php\/wp-json\/wp\/v2\/media?parent=9047"}],"wp:term":[{"taxonomy":"category","embeddable":true,"href":"https:\/\/lavozdisruptiva.com\/index.php\/wp-json\/wp\/v2\/categories?post=9047"},{"taxonomy":"post_tag","embeddable":true,"href":"https:\/\/lavozdisruptiva.com\/index.php\/wp-json\/wp\/v2\/tags?post=9047"}],"curies":[{"name":"wp","href":"https:\/\/api.w.org\/{rel}","templated":true}]}}