{"id":9041,"date":"2026-03-10T10:53:04","date_gmt":"2026-03-10T13:53:04","guid":{"rendered":"https:\/\/lavozdisruptiva.com\/?p=9041"},"modified":"2026-03-10T11:18:24","modified_gmt":"2026-03-10T14:18:24","slug":"milei-la-uia-y-la-vieja-discusion-argentina-empresarios-estado-y-privilegios","status":"publish","type":"post","link":"https:\/\/lavozdisruptiva.com\/index.php\/2026\/03\/10\/milei-la-uia-y-la-vieja-discusion-argentina-empresarios-estado-y-privilegios\/","title":{"rendered":"Milei, la UIA y la vieja discusi\u00f3n argentina: empresarios, Estado y privilegios"},"content":{"rendered":"\n<p style=\"font-size:23px\">La confrontaci\u00f3n entre el gobierno de Javier Milei y sectores de la Uni\u00f3n Industrial Argentina reabri\u00f3 una discusi\u00f3n hist\u00f3rica: qu\u00e9 tipo de empresariado necesita el pa\u00eds y cu\u00e1l debe ser su relaci\u00f3n con el Estado. A lo largo de m\u00e1s de un siglo, la industria argentina creci\u00f3 muchas veces al abrigo de la protecci\u00f3n estatal, pero tambi\u00e9n qued\u00f3 atrapada en una dependencia estructural de ese mismo sistema.<\/p>\n\n\n\n<h2 class=\"wp-block-heading\" style=\"font-size:23px\">Una discusi\u00f3n que vuelve<\/h2>\n\n\n\n<p class=\"has-medium-font-size\">Las tensiones recientes entre el presidente Javier Milei y sectores del empresariado industrial volvieron a poner en el centro del debate una vieja pregunta argentina: \u00bfde qu\u00e9 manera debe relacionarse el Estado con quienes invierten, producen y generan empleo?<\/p>\n\n\n\n<p class=\"has-medium-font-size\">El gobierno libertario sostiene que durante d\u00e9cadas existi\u00f3 en el pa\u00eds un sistema econ\u00f3mico basado en privilegios regulatorios: mercados protegidos, barreras a la importaci\u00f3n, subsidios impl\u00edcitos y tipos de cambio administrados que permitieron a algunas empresas prosperar sin enfrentar una verdadera competencia.<\/p>\n\n\n\n<p class=\"has-medium-font-size\">Desde ese punto de vista, la apertura econ\u00f3mica actual simplemente estar\u00eda exponiendo a empresarios que \u2014en palabras del propio presidente\u2014 <strong>\u201ccazaban en el zool\u00f3gico\u201d<\/strong>.<\/p>\n\n\n\n<p class=\"has-medium-font-size\">Del lado de las c\u00e1maras empresarias, en cambio, el planteo es diferente. La Uni\u00f3n Industrial Argentina (UIA) y otras entidades reconocen algunos avances macroecon\u00f3micos, pero advierten sobre los riesgos de una apertura acelerada que pueda destruir capacidades productivas acumuladas durante d\u00e9cadas.<\/p>\n\n\n\n<p class=\"has-medium-font-size\">La discusi\u00f3n parece nueva, pero en realidad es una constante de la historia econ\u00f3mica argentina.<\/p>\n\n\n\n<h2 class=\"wp-block-heading\" style=\"font-size:23px\">El origen de la industria protegida<\/h2>\n\n\n\n<p class=\"has-medium-font-size\">La Uni\u00f3n Industrial Argentina naci\u00f3 en 1887 como resultado de la uni\u00f3n entre peque\u00f1os fabricantes y grandes grupos industriales que buscaban protecci\u00f3n frente a la competencia extranjera.<\/p>\n\n\n\n<p class=\"has-medium-font-size\">El principal respaldo pol\u00edtico de aquel proceso fue el presidente Carlos Pellegrini, quien sosten\u00eda que un pa\u00eds basado exclusivamente en la exportaci\u00f3n agropecuaria era un pa\u00eds incompleto.<\/p>\n\n\n\n<p class=\"has-medium-font-size\">Desde entonces, el desarrollo industrial argentino estuvo profundamente ligado a la intervenci\u00f3n estatal: aranceles, subsidios y barreras a la importaci\u00f3n fueron los instrumentos que permitieron construir un mercado interno para las manufacturas locales.<\/p>\n\n\n\n<p class=\"has-medium-font-size\">Esa matriz marcar\u00eda el rumbo de las d\u00e9cadas siguientes.<\/p>\n\n\n\n<h2 class=\"wp-block-heading\" style=\"font-size:23px\">Per\u00f3n y la paradoja industrial<\/h2>\n\n\n\n<p class=\"has-medium-font-size\">El per\u00edodo de mayor expansi\u00f3n industrial en la Argentina lleg\u00f3 con el primer peronismo.<\/p>\n\n\n\n<p class=\"has-medium-font-size\">El modelo de sustituci\u00f3n de importaciones cre\u00f3 un mercado interno protegido que permiti\u00f3 el crecimiento de las f\u00e1bricas nacionales.<\/p>\n\n\n\n<p class=\"has-medium-font-size\">Sin embargo, la relaci\u00f3n entre el empresariado industrial y el gobierno peronista estuvo lejos de ser arm\u00f3nica.<\/p>\n\n\n\n<p class=\"has-medium-font-size\">Muchos industriales se beneficiaban del aumento del consumo interno, pero al mismo tiempo desconfiaban del poder sindical y de la intervenci\u00f3n estatal en la econom\u00eda.<\/p>\n\n\n\n<p class=\"has-medium-font-size\"><strong>La UIA &#8220;no es uni\u00f3n, ni industrial, ni argentina&#8221;. Comentario de Juan Domingo Per\u00f3n sobre la Uni\u00f3n Industrial Argentina puede verse en el siguiente video:<\/strong><\/p>\n\n\n\n<p>\ud83d\udc49 <a href=\"https:\/\/x.com\/LegadoPeron\/status\/1740007338986348674\/video\/1\">https:\/\/x.com\/LegadoPeron\/status\/1740007338986348674\/video\/1<\/a><\/p>\n\n\n\n<h2 class=\"wp-block-heading\" style=\"font-size:23px\">La apertura de 1976 y el golpe a la industria<\/h2>\n\n\n\n<p class=\"has-medium-font-size\">La dictadura militar de 1976 represent\u00f3 un giro radical en el modelo econ\u00f3mico.<\/p>\n\n\n\n<p class=\"has-medium-font-size\">Muchos sectores empresariales vieron inicialmente con buenos ojos el nuevo orden pol\u00edtico, que promet\u00eda disciplinar el conflicto social y reducir el poder sindical.<\/p>\n\n\n\n<p class=\"has-medium-font-size\">Sin embargo, la apertura econ\u00f3mica impulsada por el ministro Jos\u00e9 Alfredo Mart\u00ednez de Hoz termin\u00f3 golpeando duramente a la industria nacional.<\/p>\n\n\n\n<p class=\"has-medium-font-size\">En pocos a\u00f1os desapareci\u00f3 cerca de una cuarta parte del aparato fabril argentino.<\/p>\n\n\n\n<p class=\"has-medium-font-size\">El proceso concluy\u00f3 con uno de los episodios m\u00e1s pol\u00e9micos de la historia econ\u00f3mica argentina: la estatizaci\u00f3n de la deuda privada en 1982.<\/p>\n\n\n\n<h2 class=\"wp-block-heading\" style=\"font-size:23px\">Democracia, convertibilidad y crisis<\/h2>\n\n\n\n<p class=\"has-medium-font-size\">El regreso de la democracia en 1983 no resolvi\u00f3 las tensiones hist\u00f3ricas entre industria y pol\u00edtica econ\u00f3mica en la Argentina.<br>Durante el gobierno de Ra\u00fal Alfons\u00edn, la UIA fue una de las voces cr\u00edticas m\u00e1s persistentes frente a la pol\u00edtica econ\u00f3mica.<\/p>\n\n\n\n<p class=\"has-medium-font-size\">En los a\u00f1os noventa, la convertibilidad impulsada por Carlos Menem gener\u00f3 una profunda divisi\u00f3n dentro del empresariado: mientras algunos sectores ligados a los servicios o a las importaciones se beneficiaban, gran parte de la industria enfrentaba una p\u00e9rdida creciente de competitividad.<\/p>\n\n\n\n<p class=\"has-medium-font-size\">Tras la crisis de 2001, el modelo de d\u00f3lar artificialmente alto y energ\u00eda barata impulsado por N\u00e9stor Kirchner gener\u00f3 un nuevo per\u00edodo de expansi\u00f3n industrial basado en el consumo interno.<\/p>\n\n\n\n<p class=\"has-medium-font-size\">Pero esa relaci\u00f3n tambi\u00e9n termin\u00f3 deterior\u00e1ndose durante los \u00faltimos a\u00f1os del kirchnerismo, en medio de controles de precios, restricciones a importaciones y tensiones crecientes con el sector privado.<\/p>\n\n\n\n<h2 class=\"wp-block-heading\" style=\"font-size:23px\">Milei y los &#8216;empresaurios&#8217;<\/h2>\n\n\n\n<p class=\"has-medium-font-size\">La llegada de Javier Milei introdujo un cambio conceptual fuerte en esta historia.<\/p>\n\n\n\n<p class=\"has-medium-font-size\">Por primera vez en d\u00e9cadas, un presidente liberal cuestiona abiertamente a sectores del empresariado industrial acus\u00e1ndolos de haber prosperado gracias a privilegios estatales.<\/p>\n\n\n\n<p class=\"has-medium-font-size\">Los ejemplos recientes incluyen la licitaci\u00f3n de ca\u00f1os para YPF, declaraciones de empresarios textiles que admitieron ganancias extraordinarias durante a\u00f1os y el caso de la empresa FATE con precios muy superiores a los de pa\u00edses vecinos (Brasil, Chile, Paraguay) algo que muchos consumidores argentinos experimentan incluso al comprar neum\u00e1ticos en el exterior.<\/p>\n\n\n\n<h2 class=\"wp-block-heading\" style=\"font-size:23px\">El desaf\u00edo de la competitividad<\/h2>\n\n\n\n<p class=\"has-medium-font-size\">Durante d\u00e9cadas muchas industrias sostuvieron su actividad sobre tres pilares: mercados internos protegidos, tipos de cambio altos y restricciones al movimiento de capitales.<\/p>\n\n\n\n<p class=\"has-medium-font-size\">Ese esquema permiti\u00f3 sobrevivir, pero no siempre incentiv\u00f3 la innovaci\u00f3n, la productividad o la inserci\u00f3n internacional.<\/p>\n\n\n\n<p class=\"has-medium-font-size\">El desaf\u00edo actual es construir competitividad sist\u00e9mica: un entramado econ\u00f3mico donde la competitividad no dependa de barreras artificiales sino de infraestructura, tecnolog\u00eda, eficiencia log\u00edstica y estabilidad macroecon\u00f3mica.<\/p>\n\n\n\n<h2 class=\"wp-block-heading\" style=\"font-size:23px\">Una batalla cultural<\/h2>\n\n\n\n<p class=\"has-medium-font-size\">El enfrentamiento actual entre el gobierno y ciertos sectores empresariales tambi\u00e9n puede interpretarse como parte de <strong>una batalla cultural<\/strong>.<\/p>\n\n\n\n<p class=\"has-medium-font-size\">Discusi\u00f3n que tambi\u00e9n nos llega a Misiones, donde el sistema regulatorio de la yerba mate vigente con organismos como la CRYM o el INYM, muestra c\u00f3mo los mercados protegidos tambi\u00e9n generan tensiones entre productores, industria y consumidores.<\/p>\n\n\n\n<p class=\"has-medium-font-size\">Esta es una discusi\u00f3n sobre qu\u00e9 tipo de capitalismo quiere construir la Argentina.<\/p>\n\n\n\n<p class=\"has-medium-font-size\">Donde el verdadero desaf\u00edo no es tampoco elegir entre empresarios \u201cbuenos\u201d o \u201cmalos\u201d, ni entre Estado o mercado.<\/p>\n\n\n\n<p class=\"has-medium-font-size\">El desaf\u00edo es construir un pa\u00eds donde la competitividad no dependa de un mercado cautivo, de la captura de privilegios regulatorios, de un d\u00f3lar artificialmente alto o de restricciones al comercio y a los capitales.<br><strong>Sino de un sistema productivo capaz de competir genuinamente en el mundo.<\/strong><\/p>\n\n\n\n<p class=\"has-medium-font-size\">Esa es, en definitiva, la batalla cultural que hoy se est\u00e1 librando en la econom\u00eda argentina.<\/p>\n\n\n\n<h2 class=\"wp-block-heading has-medium-font-size\"><strong>Recuadro anal\u00edtico: Protecci\u00f3n vs Competitividad<\/strong><\/h2>\n\n\n\n<figure class=\"wp-block-table\"><table class=\"has-fixed-layout\"><tbody><tr><td>Econom\u00eda Protegida<\/td><td>Econom\u00eda Competitiva<\/td><\/tr><tr><td>Mercado interno cerrado<\/td><td>Apertura a la competencia internacional<\/td><\/tr><tr><td>Rentabilidad basada en protecci\u00f3n<\/td><td>Rentabilidad basada en productividad<\/td><\/tr><tr><td>Dependencia del Estado<\/td><td>Autonom\u00eda empresarial<\/td><\/tr><tr><td>Innovaci\u00f3n limitada<\/td><td>Innovaci\u00f3n constante<\/td><\/tr><tr><td>Precios altos para consumidores<\/td><td>Precios determinados por competencia<\/td><\/tr><\/tbody><\/table><\/figure>\n\n\n\n<p class=\"has-medium-font-size\">Este cuadro resume la tensi\u00f3n hist\u00f3rica del desarrollo argentino: proteger la producci\u00f3n local o construir competitividad real en los mercados globales.<\/p>\n\n\n\n<h2 class=\"wp-block-heading has-medium-font-size\"><strong>Fuente: <\/strong><\/h2>\n\n\n\n<p><strong>An\u00e1lisis propio con referencias hist\u00f3ricas y debates recientes entre el gobierno nacional y la Uni\u00f3n Industrial Argentina.<\/strong><\/p>\n","protected":false},"excerpt":{"rendered":"<p>La confrontaci\u00f3n entre el gobierno de Javier Milei y sectores de la Uni\u00f3n Industrial Argentina reabri\u00f3 una discusi\u00f3n hist\u00f3rica: qu\u00e9 tipo de empresariado necesita el pa\u00eds y cu\u00e1l debe ser su relaci\u00f3n con el Estado. A lo largo de m\u00e1s de un siglo, la industria argentina creci\u00f3 muchas veces al abrigo de la protecci\u00f3n estatal, [&hellip;]<\/p>\n","protected":false},"author":3,"featured_media":9044,"comment_status":"closed","ping_status":"open","sticky":false,"template":"","format":"standard","meta":{"footnotes":""},"categories":[4,81,3,39],"tags":[546,412,1159,40,388],"class_list":["post-9041","post","type-post","status-publish","format-standard","has-post-thumbnail","hentry","category-economia","category-nacional","category-negocios","category-politica","tag-batalla-cultural","tag-javier-milei","tag-peron","tag-politica","tag-uia"],"blog_post_layout_featured_media_urls":{"thumbnail":["https:\/\/lavozdisruptiva.com\/wp-content\/uploads\/2026\/03\/Milei-150x150.avif",150,150,true],"full":["https:\/\/lavozdisruptiva.com\/wp-content\/uploads\/2026\/03\/Milei.avif",1200,900,false]},"categories_names":{"4":{"name":"Econom\u00eda","link":"https:\/\/lavozdisruptiva.com\/index.php\/category\/economia\/"},"81":{"name":"Nacional","link":"https:\/\/lavozdisruptiva.com\/index.php\/category\/nacional\/"},"3":{"name":"Negocios","link":"https:\/\/lavozdisruptiva.com\/index.php\/category\/negocios\/"},"39":{"name":"Pol\u00edtica","link":"https:\/\/lavozdisruptiva.com\/index.php\/category\/politica\/"}},"tags_names":{"546":{"name":"Batalla cultural","link":"https:\/\/lavozdisruptiva.com\/index.php\/tag\/batalla-cultural\/"},"412":{"name":"Javier Milei","link":"https:\/\/lavozdisruptiva.com\/index.php\/tag\/javier-milei\/"},"1159":{"name":"Per\u00f3n","link":"https:\/\/lavozdisruptiva.com\/index.php\/tag\/peron\/"},"40":{"name":"Pol\u00edtica","link":"https:\/\/lavozdisruptiva.com\/index.php\/tag\/politica\/"},"388":{"name":"UIA","link":"https:\/\/lavozdisruptiva.com\/index.php\/tag\/uia\/"}},"comments_number":"0","wpmagazine_modules_lite_featured_media_urls":{"thumbnail":["https:\/\/lavozdisruptiva.com\/wp-content\/uploads\/2026\/03\/Milei-150x150.avif",150,150,true],"cvmm-medium":["https:\/\/lavozdisruptiva.com\/wp-content\/uploads\/2026\/03\/Milei-300x300.avif",300,300,true],"cvmm-medium-plus":["https:\/\/lavozdisruptiva.com\/wp-content\/uploads\/2026\/03\/Milei-305x207.avif",305,207,true],"cvmm-portrait":["https:\/\/lavozdisruptiva.com\/wp-content\/uploads\/2026\/03\/Milei-400x600.avif",400,600,true],"cvmm-medium-square":["https:\/\/lavozdisruptiva.com\/wp-content\/uploads\/2026\/03\/Milei-600x600.avif",600,600,true],"cvmm-large":["https:\/\/lavozdisruptiva.com\/wp-content\/uploads\/2026\/03\/Milei-1024x900.avif",1024,900,true],"cvmm-small":["https:\/\/lavozdisruptiva.com\/wp-content\/uploads\/2026\/03\/Milei-130x95.avif",130,95,true],"full":["https:\/\/lavozdisruptiva.com\/wp-content\/uploads\/2026\/03\/Milei.avif",1200,900,false]},"_links":{"self":[{"href":"https:\/\/lavozdisruptiva.com\/index.php\/wp-json\/wp\/v2\/posts\/9041","targetHints":{"allow":["GET"]}}],"collection":[{"href":"https:\/\/lavozdisruptiva.com\/index.php\/wp-json\/wp\/v2\/posts"}],"about":[{"href":"https:\/\/lavozdisruptiva.com\/index.php\/wp-json\/wp\/v2\/types\/post"}],"author":[{"embeddable":true,"href":"https:\/\/lavozdisruptiva.com\/index.php\/wp-json\/wp\/v2\/users\/3"}],"replies":[{"embeddable":true,"href":"https:\/\/lavozdisruptiva.com\/index.php\/wp-json\/wp\/v2\/comments?post=9041"}],"version-history":[{"count":3,"href":"https:\/\/lavozdisruptiva.com\/index.php\/wp-json\/wp\/v2\/posts\/9041\/revisions"}],"predecessor-version":[{"id":9046,"href":"https:\/\/lavozdisruptiva.com\/index.php\/wp-json\/wp\/v2\/posts\/9041\/revisions\/9046"}],"wp:featuredmedia":[{"embeddable":true,"href":"https:\/\/lavozdisruptiva.com\/index.php\/wp-json\/wp\/v2\/media\/9044"}],"wp:attachment":[{"href":"https:\/\/lavozdisruptiva.com\/index.php\/wp-json\/wp\/v2\/media?parent=9041"}],"wp:term":[{"taxonomy":"category","embeddable":true,"href":"https:\/\/lavozdisruptiva.com\/index.php\/wp-json\/wp\/v2\/categories?post=9041"},{"taxonomy":"post_tag","embeddable":true,"href":"https:\/\/lavozdisruptiva.com\/index.php\/wp-json\/wp\/v2\/tags?post=9041"}],"curies":[{"name":"wp","href":"https:\/\/api.w.org\/{rel}","templated":true}]}}