{"id":8678,"date":"2026-01-25T13:02:40","date_gmt":"2026-01-25T16:02:40","guid":{"rendered":"https:\/\/lavozdisruptiva.com\/?p=8678"},"modified":"2026-01-25T13:02:42","modified_gmt":"2026-01-25T16:02:42","slug":"no-se-olviden-de-cabezas","status":"publish","type":"post","link":"https:\/\/lavozdisruptiva.com\/index.php\/2026\/01\/25\/no-se-olviden-de-cabezas\/","title":{"rendered":"No se olviden de Cabezas"},"content":{"rendered":"\n<p style=\"font-size:23px\"><strong>Hoy, 25 de enero, se cumplen 29 a\u00f1os del asesinato de Jos\u00e9 Luis Cabezas, el fotoperiodista que pag\u00f3 con su vida el haber retratado al poder que operaba en las sombras. Su muerte no fue un hecho aislado, sino un mensaje hacia la sociedad democr\u00e1tica y la prensa libre.<\/strong><\/p>\n\n\n\n<h2 class=\"wp-block-heading\" style=\"font-size:22px\">Un crimen que marc\u00f3 un antes y un despu\u00e9s<\/h2>\n\n\n\n<p class=\"has-medium-font-size\">El 25 de enero de 1997, el cuerpo de Jos\u00e9 Luis Cabezas, fot\u00f3grafo de la revista Noticias, fue hallado dentro de un Ford Fiesta incendiado en una cava cercana a Pinamar, provincia de Buenos Aires. Estaba esposado y con dos disparos en la cabeza, se\u00f1al clara de que no se trat\u00f3 de un robo ni de un hecho al azar.<br><br>Cabezas hab\u00eda logrado algo que muchos consideraban imposible: fotografiar al empresario Alfredo Yabr\u00e1n, conocido por su poder econ\u00f3mico y pol\u00edtico y su obsesi\u00f3n por permanecer en las sombras. Esa imagen, publicada en tapa de Noticias en marzo de 1996, rompi\u00f3 el blindaje medi\u00e1tico que rodeaba a Yabr\u00e1n y lo expuso ante la opini\u00f3n p\u00fablica.<\/p>\n\n\n\n<figure class=\"wp-block-image size-full\"><img loading=\"lazy\" decoding=\"async\" width=\"900\" height=\"506\" src=\"https:\/\/lavozdisruptiva.com\/wp-content\/uploads\/2026\/01\/Yabran.jpg\" alt=\"\" class=\"wp-image-8680\" srcset=\"https:\/\/lavozdisruptiva.com\/wp-content\/uploads\/2026\/01\/Yabran.jpg 900w, https:\/\/lavozdisruptiva.com\/wp-content\/uploads\/2026\/01\/Yabran-300x169.jpg 300w, https:\/\/lavozdisruptiva.com\/wp-content\/uploads\/2026\/01\/Yabran-768x432.jpg 768w\" sizes=\"auto, (max-width: 900px) 100vw, 900px\" \/><\/figure>\n\n\n\n<h2 class=\"wp-block-heading\" style=\"font-size:23px\">Qui\u00e9nes estuvieron detr\u00e1s del crimen<\/h2>\n\n\n\n<p class=\"has-medium-font-size\">La investigaci\u00f3n judicial identific\u00f3 a una banda integrada por polic\u00edas bonaerenses y delincuentes, conocidos como \u201cLos Horneros\u201d, como los autores materiales del secuestro y asesinato. El jefe de seguridad de Yabr\u00e1n, Gregorio R\u00edos, fue se\u00f1alado como el nexo con el poder del empresario.<br><br>Yabr\u00e1n fue citado a declarar como principal sospechoso, pero nunca lleg\u00f3 a hacerlo. En mayo de 1998, cuando pesaba sobre \u00e9l una orden de detenci\u00f3n, se suicid\u00f3 en una estancia en Entre R\u00edos, cerrando una parte clave del caso sin responder todas las preguntas sobre las responsabilidades reales.<\/p>\n\n\n\n<h2 class=\"wp-block-heading\" style=\"font-size:23px\">Justicia y sus sombras<\/h2>\n\n\n\n<p class=\"has-medium-font-size\">En 2002, la Justicia dict\u00f3 condenas, incluso perpetuas, para los polic\u00edas y responsables de la ejecuci\u00f3n, y para R\u00edos como instigador. Sin embargo, con el paso de los a\u00f1os, varios de los condenados accedieron a beneficios, reducciones de pena y libertades condicionales, lo que gener\u00f3 fuertes cr\u00edticas e indignaci\u00f3n en la familia de Cabezas y en organizaciones period\u00edsticas.<\/p>\n\n\n\n<h2 class=\"wp-block-heading\" style=\"font-size:23px\">El legado de una foto y un nombre<\/h2>\n\n\n\n<p class=\"has-medium-font-size\">El crimen de Cabezas no fue solo un ataque a un fot\u00f3grafo: fue un intento de disciplinar a la prensa y silenciar la mirada cr\u00edtica sobre los poderes f\u00e1cticos. Su figura se transform\u00f3 en consigna permanente &#8211;<strong>\u201cNo se olviden de Cabezas<\/strong>\u201d- y su memoria se reafirma cada <strong>25 de enero como D\u00eda Nacional del Reportero Gr\u00e1fico<\/strong>, en defensa de la libertad de expresi\u00f3n y contra las zonas de impunidad.<\/p>\n\n\n\n<h2 class=\"wp-block-heading\" style=\"font-size:23px\">La memoria permanente<\/h2>\n\n\n\n<p class=\"has-medium-font-size\">A casi tres d\u00e9cadas, el caso Cabezas sigue siendo un s\u00edmbolo de la lucha por un periodismo independiente y una sociedad que exige transparencia. Recordarlo no es un ejercicio nost\u00e1lgico: es una advertencia vigente frente a cualquier <strong>forma de poder que busque ocultarse, disciplinar a la prensa o convertir el silencio en norma<\/strong>.<br><br>La memoria de Cabezas tambi\u00e9n abraza a quienes hoy, desde otros \u00e1mbitos y con nuevas herramientas, se animan a incomodar al poder diciendo verdades que muchos prefieren callar, difundiendo documentos que permanecen archivados, &#8220;filtrando&#8221; mensajes, fotos o videos que no gustan. No siempre son periodistas o fot\u00f3grafos profesionales, se suman miles de gente com\u00fan, que est\u00e1n en todos lados y cumplen la misma funci\u00f3n esencial: <strong>romper el silencio<\/strong>.<\/p>\n\n\n\n<p class=\"has-medium-font-size\">Nota del editor:<br>Esta nota fue elaborada a partir de una publicaci\u00f3n reciente de la <strong>revista Noticias<\/strong>, utilizada como disparador para una reflexi\u00f3n editorial propia de La Voz Disruptiva.<\/p>\n\n\n\n<p><\/p>\n","protected":false},"excerpt":{"rendered":"<p>Hoy, 25 de enero, se cumplen 29 a\u00f1os del asesinato de Jos\u00e9 Luis Cabezas, el fotoperiodista que pag\u00f3 con su vida el haber retratado al poder que operaba en las sombras. Su muerte no fue un hecho aislado, sino un mensaje hacia la sociedad democr\u00e1tica y la prensa libre. Un crimen que marc\u00f3 un antes [&hellip;]<\/p>\n","protected":false},"author":3,"featured_media":8682,"comment_status":"closed","ping_status":"open","sticky":false,"template":"","format":"standard","meta":{"footnotes":""},"categories":[81,48,39],"tags":[1553,82,40,1554],"class_list":["post-8678","post","type-post","status-publish","format-standard","has-post-thumbnail","hentry","category-nacional","category-policiales","category-politica","tag-jose-luis-cabezas","tag-noticias","tag-politica","tag-yabran"],"blog_post_layout_featured_media_urls":{"thumbnail":["https:\/\/lavozdisruptiva.com\/wp-content\/uploads\/2026\/01\/Cabezas-1-150x150.jpg",150,150,true],"full":["https:\/\/lavozdisruptiva.com\/wp-content\/uploads\/2026\/01\/Cabezas-1.jpg",900,506,false]},"categories_names":{"81":{"name":"Nacional","link":"https:\/\/lavozdisruptiva.com\/index.php\/category\/nacional\/"},"48":{"name":"Policiales","link":"https:\/\/lavozdisruptiva.com\/index.php\/category\/policiales\/"},"39":{"name":"Pol\u00edtica","link":"https:\/\/lavozdisruptiva.com\/index.php\/category\/politica\/"}},"tags_names":{"1553":{"name":"Jos\u00e9 Luis Cabezas","link":"https:\/\/lavozdisruptiva.com\/index.php\/tag\/jose-luis-cabezas\/"},"82":{"name":"Noticias","link":"https:\/\/lavozdisruptiva.com\/index.php\/tag\/noticias\/"},"40":{"name":"Pol\u00edtica","link":"https:\/\/lavozdisruptiva.com\/index.php\/tag\/politica\/"},"1554":{"name":"Yabr\u00e1n","link":"https:\/\/lavozdisruptiva.com\/index.php\/tag\/yabran\/"}},"comments_number":"0","wpmagazine_modules_lite_featured_media_urls":{"thumbnail":["https:\/\/lavozdisruptiva.com\/wp-content\/uploads\/2026\/01\/Cabezas-1-150x150.jpg",150,150,true],"cvmm-medium":["https:\/\/lavozdisruptiva.com\/wp-content\/uploads\/2026\/01\/Cabezas-1-300x300.jpg",300,300,true],"cvmm-medium-plus":["https:\/\/lavozdisruptiva.com\/wp-content\/uploads\/2026\/01\/Cabezas-1-305x207.jpg",305,207,true],"cvmm-portrait":["https:\/\/lavozdisruptiva.com\/wp-content\/uploads\/2026\/01\/Cabezas-1-400x506.jpg",400,506,true],"cvmm-medium-square":["https:\/\/lavozdisruptiva.com\/wp-content\/uploads\/2026\/01\/Cabezas-1-600x506.jpg",600,506,true],"cvmm-large":["https:\/\/lavozdisruptiva.com\/wp-content\/uploads\/2026\/01\/Cabezas-1.jpg",900,506,false],"cvmm-small":["https:\/\/lavozdisruptiva.com\/wp-content\/uploads\/2026\/01\/Cabezas-1-130x95.jpg",130,95,true],"full":["https:\/\/lavozdisruptiva.com\/wp-content\/uploads\/2026\/01\/Cabezas-1.jpg",900,506,false]},"_links":{"self":[{"href":"https:\/\/lavozdisruptiva.com\/index.php\/wp-json\/wp\/v2\/posts\/8678","targetHints":{"allow":["GET"]}}],"collection":[{"href":"https:\/\/lavozdisruptiva.com\/index.php\/wp-json\/wp\/v2\/posts"}],"about":[{"href":"https:\/\/lavozdisruptiva.com\/index.php\/wp-json\/wp\/v2\/types\/post"}],"author":[{"embeddable":true,"href":"https:\/\/lavozdisruptiva.com\/index.php\/wp-json\/wp\/v2\/users\/3"}],"replies":[{"embeddable":true,"href":"https:\/\/lavozdisruptiva.com\/index.php\/wp-json\/wp\/v2\/comments?post=8678"}],"version-history":[{"count":4,"href":"https:\/\/lavozdisruptiva.com\/index.php\/wp-json\/wp\/v2\/posts\/8678\/revisions"}],"predecessor-version":[{"id":8684,"href":"https:\/\/lavozdisruptiva.com\/index.php\/wp-json\/wp\/v2\/posts\/8678\/revisions\/8684"}],"wp:featuredmedia":[{"embeddable":true,"href":"https:\/\/lavozdisruptiva.com\/index.php\/wp-json\/wp\/v2\/media\/8682"}],"wp:attachment":[{"href":"https:\/\/lavozdisruptiva.com\/index.php\/wp-json\/wp\/v2\/media?parent=8678"}],"wp:term":[{"taxonomy":"category","embeddable":true,"href":"https:\/\/lavozdisruptiva.com\/index.php\/wp-json\/wp\/v2\/categories?post=8678"},{"taxonomy":"post_tag","embeddable":true,"href":"https:\/\/lavozdisruptiva.com\/index.php\/wp-json\/wp\/v2\/tags?post=8678"}],"curies":[{"name":"wp","href":"https:\/\/api.w.org\/{rel}","templated":true}]}}