{"id":8670,"date":"2026-01-23T11:02:58","date_gmt":"2026-01-23T14:02:58","guid":{"rendered":"https:\/\/lavozdisruptiva.com\/?p=8670"},"modified":"2026-01-23T11:02:59","modified_gmt":"2026-01-23T14:02:59","slug":"definiciones-de-milei-sobre-el-futuro-de-la-economia-dolar-inflacion-y-bandas-cambiarias","status":"publish","type":"post","link":"https:\/\/lavozdisruptiva.com\/index.php\/2026\/01\/23\/definiciones-de-milei-sobre-el-futuro-de-la-economia-dolar-inflacion-y-bandas-cambiarias\/","title":{"rendered":"Definiciones de Milei sobre el futuro de la econom\u00eda: D\u00f3lar, inflaci\u00f3n y bandas cambiarias."},"content":{"rendered":"\n<h2 class=\"wp-block-heading\" style=\"font-size:23px\">Frente a la prensa, el Presidente dio detalles de sus expectativas para la econom\u00eda argentina en 2026. Adem\u00e1s, explic\u00f3 cu\u00e1les son las condiciones que restan darse para liberar las bandas cambiarias.<\/h2>\n\n\n\n<p class=\"has-medium-font-size\">Durante su paso por el\u00a0<strong>Foro Econ\u00f3mico Mundial de Davos<\/strong>, el Presidente\u00a0<strong>Javier Milei\u00a0<\/strong>concedi\u00f3 una entrevista a Bloomberg\u00a0 donde dio detalles de las expectativas que mantiene el Gobierno para la econom\u00eda argentina\u00a0<strong>durante 2026.\u00a0<\/strong>La\u00a0<strong>relaci\u00f3n con China<\/strong>, los planes para nuevos tratados de comercio y las condiciones restantes para eliminar las\u00a0bandas cambiarias\u00a0fueron los principales temas debatidos.<\/p>\n\n\n\n<p class=\"has-medium-font-size\">\u201c<strong><em>Desde mi punto de vista, ese momento llegar\u00e1 cuando nosotros hayamos terminado de\u00a0limpiar el sobrante monetario. Ya sea por los rezagos de la pol\u00edtica monetaria, por los controles de capitales que hubo, cargamos con sobrante monetario como consecuencia de los controles de precios. Dado, que nosotros hemos fijado la cantidad de dinero y ahora solamente emitimos contra nueva demanda, en alg\u00fan momento, la inflaci\u00f3n local va a terminar convergiendo a la internacional\u201d<\/em><\/strong>, detall\u00f3 Milei.<\/p>\n\n\n\n<h2 class=\"wp-block-heading\" style=\"font-size:23px\">D\u00f3lar y bandas: El futuro de la pol\u00edtica cambiaria<\/h2>\n\n\n\n<p class=\"has-medium-font-size\">En el inicio de la entrevista con Bloomberg, el jefe de Estado hizo referencia a la situaci\u00f3n en la que su gesti\u00f3n lleg\u00f3 al poder: &#8220;<strong><em>Lo primero que hay que entender es que cuando usted llega y tiene que manejar un pa\u00eds, no es que usted viene de cero, tiene que enfrentar una historia.\u00a0Y Argentina tiene tras sus espaldas una muy mala historia<\/em>&#8220;.<\/strong><\/p>\n\n\n\n<p class=\"has-medium-font-size\">&#8220;<strong><em>Hay un primer problema respecto a\u00a0lo que es la moneda en Argentina\u00a0y es el mecanismo por el cual los agentes forman expectativas&#8221;<\/em><\/strong>, detall\u00f3 sobre uno de los grandes desaf\u00edos en materia cambiarias.<\/p>\n\n\n\n<p class=\"has-medium-font-size\">En ese sentido, el Presidente ahond\u00f3: &#8220;<strong><em>Llevamos 90 a\u00f1os en una din\u00e1mica de ca\u00edda de la demanda de dinero,\u00a0salto del tipo de cambio y suba de precios de los transables, mayoristas, minoristas y salarios. Es muy probable que la gente crea entonces\u00a0que si salta el tipo de cambio van a saltar los precios, no me puedo enojar con la forma en la que las personas forman expectativas<\/em>&#8220;.<\/strong><\/p>\n\n\n\n<figure class=\"wp-block-image is-resized\" id=\"8178549-Libre-1161055872_wrap\"><img decoding=\"async\" src=\"https:\/\/media.ambito.com\/p\/f79688e45072e9a5369ff25abae9a553\/adjuntos\/239\/imagenes\/043\/117\/0043117322\/730x0\/938x417:958x437\/javier-milei-bandas.jpg\" alt=\"Para Milei, las bandas ayudan al argentino a &quot;aprender a flotar&quot;.\" style=\"width:817px;height:auto\" title=\"Para Milei, las bandas ayudan al argentino a &quot;aprender a flotar&quot;.\"\/><figcaption class=\"wp-element-caption\">Para Milei, las bandas ayudan al argentino a &#8220;aprender a flotar&#8221;.<\/figcaption><\/figure>\n\n\n\n<p class=\"has-medium-font-size\">En el panorama actual, para el Presidente &#8220;<strong><em>el tipo de cambio dentro de la banda es libre<\/em><\/strong>&#8221; y este mecanismo &#8220;<strong><em>solamente tienen como funci\u00f3n mostrarle a la gente que el tipo de cambio no va a valer cualquier cosa y de esa manera que\u00a0aprendan a flotar, que se saquen el miedo a flotar<\/em><\/strong>&#8220;.<\/p>\n\n\n\n<p class=\"has-medium-font-size\">Al ser consultado puntualmente cuando las bandas ser\u00e1n retiradas, Milei advirti\u00f3: &#8220;<strong><em>Dado que nosotros hemos fijado la cantidad de dinero\u00a0y ahora solamente emitimos contra nueva demanda, en alg\u00fan momento la inflaci\u00f3n local va a tener mirar convergiendo a la internacional. En ese sentido quiere decir que en ese momento usted limpi\u00f3 el\u00a0moneyoverhang.\u00a0En ese momento usted va a estar en condiciones de flotar libremente sin ning\u00fan tipo de problemas<\/em><\/strong>&#8220;:<\/p>\n\n\n\n<p class=\"has-medium-font-size\">&#8220;<strong><em>Ah\u00ed, los agentes habr\u00e1n aprendido y si hay volatilidad en el tipo de cambio y lo quieren trasladar en los precios dom\u00e9sticos, bueno tendr\u00e1n que enfrentar la peor cara de Munger que es no van a tener demanda y van a tener que acomodarse<\/em><\/strong>&#8220;, sentenci\u00f3.<\/p>\n\n\n\n<h2 class=\"wp-block-heading\" style=\"font-size:23px\">China es un gran socio comercial<\/h2>\n\n\n\n<p class=\"has-medium-font-size\">En otro pasaje de la entrevista con Bloomberg, Milei fue consultado por el v\u00ednculo actual que tiene nuestro pa\u00eds con el gobierno de Xi Jinping: &#8220;<strong><em>Estados Unidos comercializa con con China.\u00a0Para nosotros, China es un gran socio comercial e\u00a0implica un mont\u00f3n de oportunidades para expandir mercados<\/em><\/strong>&#8220;<\/p>\n\n\n\n<figure class=\"wp-block-image is-resized\" id=\"8178544-Libre-1203037954_wrap\"><img decoding=\"async\" src=\"https:\/\/media.ambito.com\/p\/5212818a8c6e4187a3357503a96d9186\/adjuntos\/239\/imagenes\/043\/117\/0043117308\/javier-milei-donald-trump-consejo-paz.jpg\" alt=\"Alineaci&oacute;n ideol&oacute;gica con EEUU y apertura comercial: la estrategia de Milei.\" style=\"width:832px;height:auto\" title=\"Alineaci&oacute;n ideol&oacute;gica con EEUU y apertura comercial: la estrategia de Milei.\"\/><figcaption class=\"wp-element-caption\">Alineaci\u00f3n ideol\u00f3gica con EEUU y apertura comercial: la estrategia de Milei.\u00a0<\/figcaption><\/figure>\n\n\n\n<p class=\"has-medium-font-size\">&#8220;<strong><em>Usted f\u00edjese que, cuando llega el momento geopol\u00edtico,\u00a0\u00bfusted tiene dudas d\u00f3nde estoy? \u00bfTiene dudas d\u00f3nde est\u00e1 Argentina?&#8221;<\/em><\/strong>, respondi\u00f3 de manera firme ante las dudas sobre el posicionamiento argentino en el nuevo tablero mundial.<\/p>\n\n\n\n<p style=\"font-size:23px\"><strong>La apertura comercial de Argentina<\/strong><\/p>\n\n\n\n<p class=\"has-medium-font-size\">&#8220;<strong><em>Yo gobierno para cuarenta y siete coma cinco millones de argentinos y tomo las decisiones que m\u00e1s favorecen a los argentinos. Y parte de ello es que Argentina, que es un pa\u00eds muy cerrado, llegue a tener una relaci\u00f3n de comercio respecto al PBI cerca del 90%<\/em><\/strong>&#8220;.<\/p>\n\n\n\n<p class=\"has-medium-font-size\">Sobre el futuro &#8211; y a pesar de las trabas en el acuerdo Mercosur-UE, Milei adelant\u00f3: &#8220;<strong><em>Mi plan es abrirme a la Uni\u00f3n Europea,\u00a0abrirme a AFTA, abrirme a Estados Unidos y abrirme a China, y abrir. Yo quiero una econom\u00eda abierta&#8221;<\/em><\/strong>.<\/p>\n\n\n\n<p class=\"has-medium-font-size\">Ante las cr\u00edticas sobre la posible p\u00e9rdidas de empleo que puede generar la apertura indiscriminada de la econom\u00eda, Milei sentenci\u00f3: &#8220;<strong><em>En Argentina una remera se pagaba u$s40 y sale u$s5. Bueno, esos u$s35 que se ahorran\u00a0lo van a gastar en otro sector y va a generar puesto de trabajo en otro lado de la econom\u00eda, donde los donde los individuos quieren y adem\u00e1s tienen productividad m\u00e1s alta<\/em><\/strong>&#8220;.<\/p>\n\n\n\n<p class=\"has-medium-font-size\">Fuente: Con informaci\u00f3n de \u00c1mbito\/ Medios digitales<\/p>\n","protected":false},"excerpt":{"rendered":"<p>Frente a la prensa, el Presidente dio detalles de sus expectativas para la econom\u00eda argentina en 2026. Adem\u00e1s, explic\u00f3 cu\u00e1les son las condiciones que restan darse para liberar las bandas cambiarias. Durante su paso por el\u00a0Foro Econ\u00f3mico Mundial de Davos, el Presidente\u00a0Javier Milei\u00a0concedi\u00f3 una entrevista a Bloomberg\u00a0 donde dio detalles de las expectativas que mantiene [&hellip;]<\/p>\n","protected":false},"author":3,"featured_media":8673,"comment_status":"closed","ping_status":"open","sticky":false,"template":"","format":"standard","meta":{"footnotes":""},"categories":[4,47,81,39],"tags":[1551,1552,490,458,887,66,412,40],"class_list":["post-8670","post","type-post","status-publish","format-standard","has-post-thumbnail","hentry","category-economia","category-internacional","category-nacional","category-politica","tag-bandas-cambiarias","tag-bloomberg","tag-china","tag-davos","tag-donald-trump","tag-economia","tag-javier-milei","tag-politica"],"blog_post_layout_featured_media_urls":{"thumbnail":["https:\/\/lavozdisruptiva.com\/wp-content\/uploads\/2026\/01\/Milei-con-Bloomberg-150x150.avif",150,150,true],"full":["https:\/\/lavozdisruptiva.com\/wp-content\/uploads\/2026\/01\/Milei-con-Bloomberg.avif",992,558,false]},"categories_names":{"4":{"name":"Econom\u00eda","link":"https:\/\/lavozdisruptiva.com\/index.php\/category\/economia\/"},"47":{"name":"Internacional","link":"https:\/\/lavozdisruptiva.com\/index.php\/category\/internacional\/"},"81":{"name":"Nacional","link":"https:\/\/lavozdisruptiva.com\/index.php\/category\/nacional\/"},"39":{"name":"Pol\u00edtica","link":"https:\/\/lavozdisruptiva.com\/index.php\/category\/politica\/"}},"tags_names":{"1551":{"name":"Bandas cambiarias","link":"https:\/\/lavozdisruptiva.com\/index.php\/tag\/bandas-cambiarias\/"},"1552":{"name":"Bloomberg","link":"https:\/\/lavozdisruptiva.com\/index.php\/tag\/bloomberg\/"},"490":{"name":"China","link":"https:\/\/lavozdisruptiva.com\/index.php\/tag\/china\/"},"458":{"name":"Davos","link":"https:\/\/lavozdisruptiva.com\/index.php\/tag\/davos\/"},"887":{"name":"Donald Trump","link":"https:\/\/lavozdisruptiva.com\/index.php\/tag\/donald-trump\/"},"66":{"name":"Econom\u00eda","link":"https:\/\/lavozdisruptiva.com\/index.php\/tag\/economia\/"},"412":{"name":"Javier Milei","link":"https:\/\/lavozdisruptiva.com\/index.php\/tag\/javier-milei\/"},"40":{"name":"Pol\u00edtica","link":"https:\/\/lavozdisruptiva.com\/index.php\/tag\/politica\/"}},"comments_number":"0","wpmagazine_modules_lite_featured_media_urls":{"thumbnail":["https:\/\/lavozdisruptiva.com\/wp-content\/uploads\/2026\/01\/Milei-con-Bloomberg-150x150.avif",150,150,true],"cvmm-medium":["https:\/\/lavozdisruptiva.com\/wp-content\/uploads\/2026\/01\/Milei-con-Bloomberg-300x300.avif",300,300,true],"cvmm-medium-plus":["https:\/\/lavozdisruptiva.com\/wp-content\/uploads\/2026\/01\/Milei-con-Bloomberg-305x207.avif",305,207,true],"cvmm-portrait":["https:\/\/lavozdisruptiva.com\/wp-content\/uploads\/2026\/01\/Milei-con-Bloomberg-400x558.avif",400,558,true],"cvmm-medium-square":["https:\/\/lavozdisruptiva.com\/wp-content\/uploads\/2026\/01\/Milei-con-Bloomberg-600x558.avif",600,558,true],"cvmm-large":["https:\/\/lavozdisruptiva.com\/wp-content\/uploads\/2026\/01\/Milei-con-Bloomberg.avif",992,558,false],"cvmm-small":["https:\/\/lavozdisruptiva.com\/wp-content\/uploads\/2026\/01\/Milei-con-Bloomberg-130x95.avif",130,95,true],"full":["https:\/\/lavozdisruptiva.com\/wp-content\/uploads\/2026\/01\/Milei-con-Bloomberg.avif",992,558,false]},"_links":{"self":[{"href":"https:\/\/lavozdisruptiva.com\/index.php\/wp-json\/wp\/v2\/posts\/8670","targetHints":{"allow":["GET"]}}],"collection":[{"href":"https:\/\/lavozdisruptiva.com\/index.php\/wp-json\/wp\/v2\/posts"}],"about":[{"href":"https:\/\/lavozdisruptiva.com\/index.php\/wp-json\/wp\/v2\/types\/post"}],"author":[{"embeddable":true,"href":"https:\/\/lavozdisruptiva.com\/index.php\/wp-json\/wp\/v2\/users\/3"}],"replies":[{"embeddable":true,"href":"https:\/\/lavozdisruptiva.com\/index.php\/wp-json\/wp\/v2\/comments?post=8670"}],"version-history":[{"count":5,"href":"https:\/\/lavozdisruptiva.com\/index.php\/wp-json\/wp\/v2\/posts\/8670\/revisions"}],"predecessor-version":[{"id":8676,"href":"https:\/\/lavozdisruptiva.com\/index.php\/wp-json\/wp\/v2\/posts\/8670\/revisions\/8676"}],"wp:featuredmedia":[{"embeddable":true,"href":"https:\/\/lavozdisruptiva.com\/index.php\/wp-json\/wp\/v2\/media\/8673"}],"wp:attachment":[{"href":"https:\/\/lavozdisruptiva.com\/index.php\/wp-json\/wp\/v2\/media?parent=8670"}],"wp:term":[{"taxonomy":"category","embeddable":true,"href":"https:\/\/lavozdisruptiva.com\/index.php\/wp-json\/wp\/v2\/categories?post=8670"},{"taxonomy":"post_tag","embeddable":true,"href":"https:\/\/lavozdisruptiva.com\/index.php\/wp-json\/wp\/v2\/tags?post=8670"}],"curies":[{"name":"wp","href":"https:\/\/api.w.org\/{rel}","templated":true}]}}