{"id":8638,"date":"2026-01-20T11:08:35","date_gmt":"2026-01-20T14:08:35","guid":{"rendered":"https:\/\/lavozdisruptiva.com\/?p=8638"},"modified":"2026-01-20T11:08:36","modified_gmt":"2026-01-20T14:08:36","slug":"amia-rindio-homenaje-al-fiscal-alberto-nisman-a-11-anos-de-su-muerte","status":"publish","type":"post","link":"https:\/\/lavozdisruptiva.com\/index.php\/2026\/01\/20\/amia-rindio-homenaje-al-fiscal-alberto-nisman-a-11-anos-de-su-muerte\/","title":{"rendered":"AMIA rindi\u00f3 homenaje al fiscal Alberto Nisman a 11 a\u00f1os de su muerte"},"content":{"rendered":"\n<h2 class=\"wp-block-heading\" style=\"font-size:23px\">Desde el 2004 hasta su fallecimiento, Nisman encabez\u00f3 la Unidad Fiscal que investig\u00f3 el atentado terrorista de 1994.<\/h2>\n\n\n\n<p class=\"has-medium-font-size\">La\u00a0<strong>Asociaci\u00f3n Mutual Israelita Argentina (AMIA)\u00a0<\/strong>rindi\u00f3 este lunes un sentido homenaje al fallecido fiscal\u00a0<strong>Alberto Nisman<\/strong>\u00a0a once a\u00f1os de su muerte, ocurrida en extra\u00f1as circunstancias a\u00fan no esclarecidas por la Justicia.<\/p>\n\n\n\n<figure class=\"wp-block-image size-full\"><img loading=\"lazy\" decoding=\"async\" width=\"800\" height=\"600\" src=\"https:\/\/lavozdisruptiva.com\/wp-content\/uploads\/2026\/01\/Nisman-2.jpg\" alt=\"\" class=\"wp-image-8640\" srcset=\"https:\/\/lavozdisruptiva.com\/wp-content\/uploads\/2026\/01\/Nisman-2.jpg 800w, https:\/\/lavozdisruptiva.com\/wp-content\/uploads\/2026\/01\/Nisman-2-300x225.jpg 300w, https:\/\/lavozdisruptiva.com\/wp-content\/uploads\/2026\/01\/Nisman-2-768x576.jpg 768w, https:\/\/lavozdisruptiva.com\/wp-content\/uploads\/2026\/01\/Nisman-2-136x102.jpg 136w\" sizes=\"auto, (max-width: 800px) 100vw, 800px\" \/><\/figure>\n\n\n\n<p class=\"has-medium-font-size\">El acto homenaje fue conducido por el secretario general de la instituci\u00f3n,&nbsp;<strong>Mario Sobol,&nbsp;<\/strong>y tambi\u00e9n realizaron discursos el presidente de AMIA,&nbsp;<strong>Osvaldo Armoza,<\/strong>&nbsp;y la jueza federal de San Isidro,<strong>&nbsp;Sandra Arroyo Salgado<\/strong>, ex esposa y madre de las dos hijas del fiscal.<\/p>\n\n\n\n<p class=\"has-medium-font-size\">Tambi\u00e9n estuvieron en la ceremonia, realizada en la plaza seca del edificio de Pasteur 633, el embajador de Israel en Argentina,<strong>&nbsp;Eyal Sela;<\/strong>&nbsp;el presidente de la DAIA;&nbsp;<strong>Mauro Berenstein; Sara Garfunkel,<\/strong>&nbsp;madre del fallecido fiscal; referentes comunitarios y del \u00e1mbito judicial.&nbsp;<\/p>\n\n\n\n<p class=\"has-medium-font-size\">Previo a los discursos de los oradores, los titulares de la DAIA y de la AMIA junto a Arroyo Salgado encendieron una vela en memoria del fiscal, y se recit\u00f3 una plegaria a cargo del jaz\u00e1n&nbsp;<strong>Alberto Dayan.<\/strong><\/p>\n\n\n\n<p class=\"has-medium-font-size\"><strong>\u201c<em>Debemos seguir alzando la voz. Porque en definitiva la verdad y la justicia siempre llegan<\/em>\u201d<\/strong>, sostuvo Arroyo Salgado.<\/p>\n\n\n\n<p class=\"has-medium-font-size\">La jueza tambi\u00e9n hizo referencia al juicio oral en ausencia para los 10 acusados de haber planificado y ordenado el atentado terrorista.&nbsp;<\/p>\n\n\n\n<p class=\"has-medium-font-size\"><strong>\u201c<em>Hoy podemos decir que el esclarecimiento del juicio AMIA cuenta con la herramienta legal que permitir\u00e1 someter a juicio oral y p\u00fablico, a aquellos iran\u00edes que el fiscal Alberto Nisman acus\u00f3 de dicha atrocidad, all\u00e1 por el 2006\u201d<\/em>,<\/strong>\u00a0destac\u00f3.<\/p>\n\n\n\n<h2 class=\"wp-block-heading has-medium-font-size\">Los mensajes<\/h2>\n\n\n\n<p class=\"has-medium-font-size\">A su turno, Amorza record\u00f3 que\u00a0<strong>\u201c<em>para la Justicia argentina la muerte de Alberto Nisman fue un homicidio, directamente relacionado con la tarea que llev\u00f3 adelante desde la Unidad Fiscal para la Investigaci\u00f3n de la Causa AMIA,\u00a0tal como lo determin\u00f3, oportunamente, la Corte Suprema de Justicia de la Naci\u00f3n<\/em><\/strong>&#8220;.<\/p>\n\n\n\n<p class=\"has-medium-font-size\">\u201c<strong><em>A once a\u00f1os de la muerte del fiscal, reafirmamos que no hay paz posible sin justicia, ni democracia s\u00f3lida sin verdad. No hay futuro sostenible si el Estado no responde frente a los hechos m\u00e1s graves que han marcado nuestra historia reciente\u201d<\/em><\/strong>, expres\u00f3.<\/p>\n\n\n\n<p class=\"has-medium-font-size\">Y a\u00f1adi\u00f3: \u201c<strong><em>Por la memoria de las v\u00edctimas del atentado a la AMIA, por las v\u00edctimas del atentado contra la Embajada de Israel, por la memoria de Alberto Nisman y por el futuro de nuestra democracia, sigamos reclamando verdad y justicia<\/em>\u201d<\/strong>.<\/p>\n\n\n\n<h2 class=\"wp-block-heading has-medium-font-size\">La historia<\/h2>\n\n\n\n<p class=\"has-medium-font-size\">Desde el 2004 hasta su fallecimiento,&nbsp;<strong>Nisman encabez\u00f3 la Unidad Fiscal AMIA que investig\u00f3 el atentado terrorista a la sede mutual perpetrado el 18 de julio de 1994<\/strong>, masacre que dej\u00f3 el tr\u00e1gico saldo de 85 v\u00edctimas fatales y 300 personas heridas.<\/p>\n\n\n\n<p class=\"has-medium-font-size\">Durante los a\u00f1os previos a su muerte, sobre el fiscal pesaron acusaciones por supuestas&nbsp;irregularidades y falta de resultados en la investigaci\u00f3n judicial, y por sus v\u00ednculos con la&nbsp;<strong>embajada de Estados Unidos<\/strong>&nbsp;y el por entonces poderoso jefe de Operaciones de la SIDE&nbsp;<strong>Jaime Stiuso.<\/strong><\/p>\n\n\n\n<p class=\"has-medium-font-size\">D\u00edas antes de morir, Nisman present\u00f3 una denuncia contra la entonces presidenta<strong>&nbsp;Cristina Kirchner,<\/strong>&nbsp;contra el entonces canciller&nbsp;<strong>H\u00e9ctor Timerman&nbsp;<\/strong>y otros funcionarios de ese gobierno en la causa que investigaba la firma del memor\u00e1ndum de entendimiento con Ir\u00e1n como un acto de encubrimiento para proteger a los sospechosos iran\u00edes del atentado a la AMIA.<\/p>\n\n\n\n<p class=\"has-medium-font-size\"><strong>Para el fiscal, el gobierno kirchnerista pretend\u00eda desviar la causa AMIA de la pista iran\u00ed,&nbsp;<\/strong>y a cambio del memor\u00e1ndum hab\u00eda acordado con Ir\u00e1n dejar sin efecto el pedido de captura internacional sobre los sospechosos de esa nacionalidad.<\/p>\n\n\n\n<p class=\"has-medium-font-size\">A trav\u00e9s de una comunicaci\u00f3n formal, el jefe de Interpol, sin embargo, desbarat\u00f3 la hip\u00f3tesis consignando que jam\u00e1s el Gobierno le hab\u00eda pedido que se levantaran las notificaciones rojas.<\/p>\n\n\n\n<p class=\"has-medium-font-size\">En la noche previa a la presentaci\u00f3n que Nisman ten\u00eda pautada en el Congreso, donde concurrir\u00eda por invitaci\u00f3n de las entonces diputadas del PRO\u00a0<strong>Patricia Bullrich y Laura Alonso\u00a0<\/strong>para que profundizara sobre la denuncia presentada, se hall\u00f3 su cad\u00e1ver en el departamento de Puerto Madero donde se hab\u00eda instalado para preparar su presentaci\u00f3n.<\/p>\n\n\n\n<p class=\"has-medium-font-size\">Desde entonces han convivido distintas hip\u00f3tesis no concluyentes sobre su&nbsp;<strong>supuesto suicidio o eventual homicidio<\/strong>&nbsp;vinculado a la denuncia que impulsaba contra el Gobierno kirchnerista.<\/p>\n\n\n\n<p class=\"has-medium-font-size\">Esta \u00faltima l\u00ednea es la que sostienen las organizaciones comunitarias, la familia de Nisman y sectores de la Justicia.\u00a0<\/p>\n\n\n\n<p class=\"has-medium-font-size\">Fuente: NA<\/p>\n","protected":false},"excerpt":{"rendered":"<p>Desde el 2004 hasta su fallecimiento, Nisman encabez\u00f3 la Unidad Fiscal que investig\u00f3 el atentado terrorista de 1994. La\u00a0Asociaci\u00f3n Mutual Israelita Argentina (AMIA)\u00a0rindi\u00f3 este lunes un sentido homenaje al fallecido fiscal\u00a0Alberto Nisman\u00a0a once a\u00f1os de su muerte, ocurrida en extra\u00f1as circunstancias a\u00fan no esclarecidas por la Justicia. El acto homenaje fue conducido por el secretario [&hellip;]<\/p>\n","protected":false},"author":3,"featured_media":8641,"comment_status":"closed","ping_status":"open","sticky":false,"template":"","format":"standard","meta":{"footnotes":""},"categories":[81,48,39],"tags":[919,773,40],"class_list":["post-8638","post","type-post","status-publish","format-standard","has-post-thumbnail","hentry","category-nacional","category-policiales","category-politica","tag-alberto-nisman","tag-amia","tag-politica"],"blog_post_layout_featured_media_urls":{"thumbnail":["https:\/\/lavozdisruptiva.com\/wp-content\/uploads\/2026\/01\/Nisman-150x150.jpg",150,150,true],"full":["https:\/\/lavozdisruptiva.com\/wp-content\/uploads\/2026\/01\/Nisman.jpg",1280,853,false]},"categories_names":{"81":{"name":"Nacional","link":"https:\/\/lavozdisruptiva.com\/index.php\/category\/nacional\/"},"48":{"name":"Policiales","link":"https:\/\/lavozdisruptiva.com\/index.php\/category\/policiales\/"},"39":{"name":"Pol\u00edtica","link":"https:\/\/lavozdisruptiva.com\/index.php\/category\/politica\/"}},"tags_names":{"919":{"name":"Alberto Nisman","link":"https:\/\/lavozdisruptiva.com\/index.php\/tag\/alberto-nisman\/"},"773":{"name":"AMIA","link":"https:\/\/lavozdisruptiva.com\/index.php\/tag\/amia\/"},"40":{"name":"Pol\u00edtica","link":"https:\/\/lavozdisruptiva.com\/index.php\/tag\/politica\/"}},"comments_number":"0","wpmagazine_modules_lite_featured_media_urls":{"thumbnail":["https:\/\/lavozdisruptiva.com\/wp-content\/uploads\/2026\/01\/Nisman-150x150.jpg",150,150,true],"cvmm-medium":["https:\/\/lavozdisruptiva.com\/wp-content\/uploads\/2026\/01\/Nisman-300x300.jpg",300,300,true],"cvmm-medium-plus":["https:\/\/lavozdisruptiva.com\/wp-content\/uploads\/2026\/01\/Nisman-305x207.jpg",305,207,true],"cvmm-portrait":["https:\/\/lavozdisruptiva.com\/wp-content\/uploads\/2026\/01\/Nisman-400x600.jpg",400,600,true],"cvmm-medium-square":["https:\/\/lavozdisruptiva.com\/wp-content\/uploads\/2026\/01\/Nisman-600x600.jpg",600,600,true],"cvmm-large":["https:\/\/lavozdisruptiva.com\/wp-content\/uploads\/2026\/01\/Nisman-1024x853.jpg",1024,853,true],"cvmm-small":["https:\/\/lavozdisruptiva.com\/wp-content\/uploads\/2026\/01\/Nisman-130x95.jpg",130,95,true],"full":["https:\/\/lavozdisruptiva.com\/wp-content\/uploads\/2026\/01\/Nisman.jpg",1280,853,false]},"_links":{"self":[{"href":"https:\/\/lavozdisruptiva.com\/index.php\/wp-json\/wp\/v2\/posts\/8638","targetHints":{"allow":["GET"]}}],"collection":[{"href":"https:\/\/lavozdisruptiva.com\/index.php\/wp-json\/wp\/v2\/posts"}],"about":[{"href":"https:\/\/lavozdisruptiva.com\/index.php\/wp-json\/wp\/v2\/types\/post"}],"author":[{"embeddable":true,"href":"https:\/\/lavozdisruptiva.com\/index.php\/wp-json\/wp\/v2\/users\/3"}],"replies":[{"embeddable":true,"href":"https:\/\/lavozdisruptiva.com\/index.php\/wp-json\/wp\/v2\/comments?post=8638"}],"version-history":[{"count":2,"href":"https:\/\/lavozdisruptiva.com\/index.php\/wp-json\/wp\/v2\/posts\/8638\/revisions"}],"predecessor-version":[{"id":8642,"href":"https:\/\/lavozdisruptiva.com\/index.php\/wp-json\/wp\/v2\/posts\/8638\/revisions\/8642"}],"wp:featuredmedia":[{"embeddable":true,"href":"https:\/\/lavozdisruptiva.com\/index.php\/wp-json\/wp\/v2\/media\/8641"}],"wp:attachment":[{"href":"https:\/\/lavozdisruptiva.com\/index.php\/wp-json\/wp\/v2\/media?parent=8638"}],"wp:term":[{"taxonomy":"category","embeddable":true,"href":"https:\/\/lavozdisruptiva.com\/index.php\/wp-json\/wp\/v2\/categories?post=8638"},{"taxonomy":"post_tag","embeddable":true,"href":"https:\/\/lavozdisruptiva.com\/index.php\/wp-json\/wp\/v2\/tags?post=8638"}],"curies":[{"name":"wp","href":"https:\/\/api.w.org\/{rel}","templated":true}]}}