{"id":8613,"date":"2026-01-17T19:56:33","date_gmt":"2026-01-17T22:56:33","guid":{"rendered":"https:\/\/lavozdisruptiva.com\/?p=8613"},"modified":"2026-01-17T19:56:34","modified_gmt":"2026-01-17T22:56:34","slug":"el-mercosur-y-la-union-europea-sellaron-un-historico-acuerdo-en-paraguay","status":"publish","type":"post","link":"https:\/\/lavozdisruptiva.com\/index.php\/2026\/01\/17\/el-mercosur-y-la-union-europea-sellaron-un-historico-acuerdo-en-paraguay\/","title":{"rendered":"El Mercosur y la Uni\u00f3n Europea sellaron un hist\u00f3rico acuerdo en Paraguay"},"content":{"rendered":"\n<p style=\"font-size:23px\"><strong>Tras m\u00e1s de 26 a\u00f1os de negociaciones, los pa\u00edses del Mercosur y la Uni\u00f3n Europea firmaron en Asunci\u00f3n uno de los acuerdos de asociaci\u00f3n m\u00e1s importantes del mundo. Con la presencia del presidente Javier Milei y el respaldo de los principales l\u00edderes regionales y europeos, el entendimiento abre un nuevo escenario de integraci\u00f3n comercial, inversiones y exigencias de calidad que desaf\u00edan y, al mismo tiempo, potencian a las econom\u00edas regionales como Misiones.<\/strong><\/p>\n\n\n\n<h2 class=\"wp-block-heading has-medium-font-size\">Una ceremonia cargada de simbolismo regional y global<\/h2>\n\n\n\n<p class=\"has-medium-font-size\">La firma del acuerdo se realiz\u00f3 este jueves al mediod\u00eda en el Gran Teatro \u201cJos\u00e9 Asunci\u00f3n Flores\u201d del Banco Central del Paraguay, en Asunci\u00f3n, en el marco de la presidencia pro tempore paraguaya del Mercosur. El acto reuni\u00f3 a los presidentes de Argentina, Paraguay, Uruguay y Bolivia, adem\u00e1s de las m\u00e1ximas autoridades de la Uni\u00f3n Europea.<\/p>\n\n\n\n<figure class=\"wp-block-image size-full\"><img loading=\"lazy\" decoding=\"async\" width=\"992\" height=\"530\" src=\"https:\/\/lavozdisruptiva.com\/wp-content\/uploads\/2026\/01\/Acuerdo-2.avif\" alt=\"\" class=\"wp-image-8616\" srcset=\"https:\/\/lavozdisruptiva.com\/wp-content\/uploads\/2026\/01\/Acuerdo-2.avif 992w, https:\/\/lavozdisruptiva.com\/wp-content\/uploads\/2026\/01\/Acuerdo-2-300x160.avif 300w, https:\/\/lavozdisruptiva.com\/wp-content\/uploads\/2026\/01\/Acuerdo-2-768x410.avif 768w\" sizes=\"auto, (max-width: 992px) 100vw, 992px\" \/><\/figure>\n\n\n\n<h2 class=\"wp-block-heading has-medium-font-size\">Milei: apertura, dinamismo y una se\u00f1al clara al mundo<\/h2>\n\n\n\n<p class=\"has-medium-font-size\">En un breve pero contundente discurso, el presidente Javier Milei calific\u00f3 al acuerdo como el logro m\u00e1s importante en la historia del Mercosur y lo present\u00f3 como una se\u00f1al clara de que la Argentina vuelve a integrarse activamente al comercio global.<\/p>\n\n\n\n<h2 class=\"wp-block-heading has-medium-font-size\">Europa y la dimensi\u00f3n geopol\u00edtica del acuerdo<\/h2>\n\n\n\n<p class=\"has-medium-font-size\">La presidenta de la Comisi\u00f3n Europea, Ursula von der Leyen, destac\u00f3 que el acuerdo consolida a la Uni\u00f3n Europea como principal inversor extranjero en la regi\u00f3n, y subray\u00f3 su valor geopol\u00edtico en un contexto global cada vez m\u00e1s competitivo.<\/p>\n\n\n\n<h2 class=\"wp-block-heading has-medium-font-size\">\u00bfQu\u00e9 es el acuerdo Mercosur\u2013Uni\u00f3n Europea?<\/h2>\n\n\n\n<p class=\"has-medium-font-size\">El acuerdo crea uno de los espacios econ\u00f3micos integrados m\u00e1s grandes del mundo, con cerca de 700 millones de habitantes y aproximadamente el 25% del PBI global.<\/p>\n\n\n\n<h2 class=\"wp-block-heading has-medium-font-size\">Oportunidades para productos misioneros<\/h2>\n\n\n\n<p class=\"has-medium-font-size\">Para Misiones, el acuerdo abre oportunidades concretas para la yerba mate, el t\u00e9, la forestoindustria, bebidas e infusiones, con un beneficio arancelario del 99,5% para las exportaciones agroindustriales.<\/p>\n\n\n\n<h2 class=\"wp-block-heading has-medium-font-size\">Yerba mate: una luz en medio de la sobreoferta<\/h2>\n\n\n\n<p class=\"has-medium-font-size\">El acuerdo aparece como una v\u00eda para canalizar la superproducci\u00f3n yerbatera, apostando a calidad, diferenciaci\u00f3n y valor agregado para acceder a mercados exigentes.<\/p>\n\n\n\n<h2 class=\"wp-block-heading has-medium-font-size\">Un acuerdo que abre puertas y exige madurez<\/h2>\n\n\n\n<p style=\"font-size:21px\">La firma del acuerdo entre el Mercosur y la Uni\u00f3n Europea no es un punto de llegada, sino el verdadero punto de partida. La apertura de uno de los mercados m\u00e1s grandes, desarrollados y exigentes del mundo implica una oportunidad hist\u00f3rica, pero tambi\u00e9n una enorme responsabilidad para los pa\u00edses y las regiones productivas que aspiren a aprovecharla.<br><br><strong>Desaf\u00edo para Misiones<\/strong><\/p>\n\n\n\n<p class=\"has-medium-font-size\">Para Misiones, el desaf\u00edo es profundo y estructural. Acceder al mercado europeo exige elevar de manera sostenida los est\u00e1ndares de calidad, trazabilidad, certificaciones sanitarias y ambientales, sostenibilidad productiva y cumplimiento normativo. Nada de esto ocurre de forma autom\u00e1tica ni se resuelve con la sola firma de un tratado. Requiere inversi\u00f3n, planificaci\u00f3n, capacitaci\u00f3n, innovaci\u00f3n tecnol\u00f3gica y una articulaci\u00f3n inteligente entre el sector privado y el Estado.<br><br>El riesgo ser\u00eda creer que el acuerdo, por s\u00ed solo, resolver\u00e1 los problemas de competitividad. Por el contrario, todo comienza ahora. La tarea que se abre es tit\u00e1nica: modernizar procesos, ordenar cadenas productivas, profesionalizar la gesti\u00f3n, agregar valor y construir una cultura exportadora acorde a consumidores sofisticados y exigentes.<br><br>Si Misiones logra asumir este desaf\u00edo con madurez, el acuerdo UE\u2013Mercosur puede convertirse en una verdadera palanca de desarrollo, inversiones y empleo. De lo contrario, la oportunidad pasar\u00e1 de largo. La puerta est\u00e1 abierta; ahora comienza el trabajo para estar a la altura de las circunstancias.<\/p>\n\n\n\n<p class=\"has-medium-font-size\">Fuente: Con informaci\u00f3n de INFOBAE , LVD y medios digitales<\/p>\n","protected":false},"excerpt":{"rendered":"<p>Tras m\u00e1s de 26 a\u00f1os de negociaciones, los pa\u00edses del Mercosur y la Uni\u00f3n Europea firmaron en Asunci\u00f3n uno de los acuerdos de asociaci\u00f3n m\u00e1s importantes del mundo. Con la presencia del presidente Javier Milei y el respaldo de los principales l\u00edderes regionales y europeos, el entendimiento abre un nuevo escenario de integraci\u00f3n comercial, inversiones [&hellip;]<\/p>\n","protected":false},"author":3,"featured_media":8615,"comment_status":"closed","ping_status":"open","sticky":false,"template":"","format":"standard","meta":{"footnotes":""},"categories":[170,4,47,3,39],"tags":[1536,66,412,923,40,1526],"class_list":["post-8613","post","type-post","status-publish","format-standard","has-post-thumbnail","hentry","category-agricultura","category-economia","category-internacional","category-negocios","category-politica","tag-acuerdo-mercosur-ue","tag-economia","tag-javier-milei","tag-mercosur","tag-politica","tag-ue"],"blog_post_layout_featured_media_urls":{"thumbnail":["https:\/\/lavozdisruptiva.com\/wp-content\/uploads\/2026\/01\/Acuerdo-1-150x150.avif",150,150,true],"full":["https:\/\/lavozdisruptiva.com\/wp-content\/uploads\/2026\/01\/Acuerdo-1.avif",992,661,false]},"categories_names":{"170":{"name":"Agricultura","link":"https:\/\/lavozdisruptiva.com\/index.php\/category\/agricultura\/"},"4":{"name":"Econom\u00eda","link":"https:\/\/lavozdisruptiva.com\/index.php\/category\/economia\/"},"47":{"name":"Internacional","link":"https:\/\/lavozdisruptiva.com\/index.php\/category\/internacional\/"},"3":{"name":"Negocios","link":"https:\/\/lavozdisruptiva.com\/index.php\/category\/negocios\/"},"39":{"name":"Pol\u00edtica","link":"https:\/\/lavozdisruptiva.com\/index.php\/category\/politica\/"}},"tags_names":{"1536":{"name":"Acuerdo MERCOSUR-UE","link":"https:\/\/lavozdisruptiva.com\/index.php\/tag\/acuerdo-mercosur-ue\/"},"66":{"name":"Econom\u00eda","link":"https:\/\/lavozdisruptiva.com\/index.php\/tag\/economia\/"},"412":{"name":"Javier Milei","link":"https:\/\/lavozdisruptiva.com\/index.php\/tag\/javier-milei\/"},"923":{"name":"MERCOSUR","link":"https:\/\/lavozdisruptiva.com\/index.php\/tag\/mercosur\/"},"40":{"name":"Pol\u00edtica","link":"https:\/\/lavozdisruptiva.com\/index.php\/tag\/politica\/"},"1526":{"name":"UE","link":"https:\/\/lavozdisruptiva.com\/index.php\/tag\/ue\/"}},"comments_number":"0","wpmagazine_modules_lite_featured_media_urls":{"thumbnail":["https:\/\/lavozdisruptiva.com\/wp-content\/uploads\/2026\/01\/Acuerdo-1-150x150.avif",150,150,true],"cvmm-medium":["https:\/\/lavozdisruptiva.com\/wp-content\/uploads\/2026\/01\/Acuerdo-1-300x300.avif",300,300,true],"cvmm-medium-plus":["https:\/\/lavozdisruptiva.com\/wp-content\/uploads\/2026\/01\/Acuerdo-1-305x207.avif",305,207,true],"cvmm-portrait":["https:\/\/lavozdisruptiva.com\/wp-content\/uploads\/2026\/01\/Acuerdo-1-400x600.avif",400,600,true],"cvmm-medium-square":["https:\/\/lavozdisruptiva.com\/wp-content\/uploads\/2026\/01\/Acuerdo-1-600x600.avif",600,600,true],"cvmm-large":["https:\/\/lavozdisruptiva.com\/wp-content\/uploads\/2026\/01\/Acuerdo-1.avif",992,661,false],"cvmm-small":["https:\/\/lavozdisruptiva.com\/wp-content\/uploads\/2026\/01\/Acuerdo-1-130x95.avif",130,95,true],"full":["https:\/\/lavozdisruptiva.com\/wp-content\/uploads\/2026\/01\/Acuerdo-1.avif",992,661,false]},"_links":{"self":[{"href":"https:\/\/lavozdisruptiva.com\/index.php\/wp-json\/wp\/v2\/posts\/8613","targetHints":{"allow":["GET"]}}],"collection":[{"href":"https:\/\/lavozdisruptiva.com\/index.php\/wp-json\/wp\/v2\/posts"}],"about":[{"href":"https:\/\/lavozdisruptiva.com\/index.php\/wp-json\/wp\/v2\/types\/post"}],"author":[{"embeddable":true,"href":"https:\/\/lavozdisruptiva.com\/index.php\/wp-json\/wp\/v2\/users\/3"}],"replies":[{"embeddable":true,"href":"https:\/\/lavozdisruptiva.com\/index.php\/wp-json\/wp\/v2\/comments?post=8613"}],"version-history":[{"count":4,"href":"https:\/\/lavozdisruptiva.com\/index.php\/wp-json\/wp\/v2\/posts\/8613\/revisions"}],"predecessor-version":[{"id":8619,"href":"https:\/\/lavozdisruptiva.com\/index.php\/wp-json\/wp\/v2\/posts\/8613\/revisions\/8619"}],"wp:featuredmedia":[{"embeddable":true,"href":"https:\/\/lavozdisruptiva.com\/index.php\/wp-json\/wp\/v2\/media\/8615"}],"wp:attachment":[{"href":"https:\/\/lavozdisruptiva.com\/index.php\/wp-json\/wp\/v2\/media?parent=8613"}],"wp:term":[{"taxonomy":"category","embeddable":true,"href":"https:\/\/lavozdisruptiva.com\/index.php\/wp-json\/wp\/v2\/categories?post=8613"},{"taxonomy":"post_tag","embeddable":true,"href":"https:\/\/lavozdisruptiva.com\/index.php\/wp-json\/wp\/v2\/tags?post=8613"}],"curies":[{"name":"wp","href":"https:\/\/api.w.org\/{rel}","templated":true}]}}