{"id":8306,"date":"2025-12-04T11:04:14","date_gmt":"2025-12-04T14:04:14","guid":{"rendered":"https:\/\/lavozdisruptiva.com\/?p=8306"},"modified":"2025-12-04T11:04:15","modified_gmt":"2025-12-04T14:04:15","slug":"resucita-cambiemos-la-jugada-inesperada-de-pro-y-ucr-para-no-quedar-fuera-del-mapa","status":"publish","type":"post","link":"https:\/\/lavozdisruptiva.com\/index.php\/2025\/12\/04\/resucita-cambiemos-la-jugada-inesperada-de-pro-y-ucr-para-no-quedar-fuera-del-mapa\/","title":{"rendered":"Resucita Cambiemos: la jugada inesperada de PRO y UCR para no quedar fuera del mapa"},"content":{"rendered":"\n<h2 class=\"wp-block-heading\" style=\"font-size:23px\">Con 22 diputados, el PRO, la UCR y aliados recrean un interbloque estilo Cambiemos para evitar quedar relegados frente a Provincias Unidas. Ser\u00e1n 22 miembros junto al MID, Karina Banfi y el santacruce\u00f1o Juan Carlos Garrido. Disputa abierta por la vicepresidencia tercera con Provincias Unidas.<\/h2>\n\n\n\n<p class=\"has-medium-font-size\">Los bloques del&nbsp;<strong>PRO&nbsp;<\/strong>y la&nbsp;<strong>UCR<\/strong>, que quedaron muy diezmados a ra\u00edz de las elecciones de octubre pasado, se las ingeniaron al menos para armar un interbloque con el&nbsp;<strong>MID&nbsp;<\/strong>que tiene reminiscencias a la alianza Cambiemos y que empata en cantidad de miembros con el&nbsp;interbloque&nbsp;<strong>Unidos<\/strong>.<\/p>\n\n\n\n<p class=\"has-medium-font-size\">Con la incorporaci\u00f3n a \u00faltimo momento del santacruce\u00f1o&nbsp;<strong>Jos\u00e9 Luis Garrido,<\/strong>&nbsp;quien d\u00edas anteriores negociaba su pase a&nbsp;<strong>Provincias Unidas<\/strong>&nbsp;(que conforma&nbsp;<strong>Unidos<\/strong>&nbsp;junto a&nbsp;<strong>Encuentro Federal y la Coalici\u00f3n C\u00edvica<\/strong>), el espacio neo cambiemita logr\u00f3 ara\u00f1ar los 22 integrantes, y de esa manera fren\u00f3 la designaci\u00f3n del cordob\u00e9s&nbsp;<strong>Ignacio Garc\u00eda Aresca<\/strong>&nbsp;(Provincias Unidas -Unidos) como vicepresidente tercero en la sesi\u00f3n preparatoria de este mi\u00e9rcoles.<\/p>\n\n\n\n<p class=\"has-medium-font-size\">Tras la ratificaci\u00f3n de&nbsp;<strong>Mart\u00edn Menem, Cecilia Moreau y Luis Petri&nbsp;<\/strong>como presidente, vicepresidenta primera y vicepresidente segundo, respectivamente, qued\u00f3 vacante la designaci\u00f3n de la vicepresidencia tercera, situaci\u00f3n que reci\u00e9n se destrabar\u00e1 en una pr\u00f3xima reuni\u00f3n del plenario. &nbsp;<\/p>\n\n\n\n<p class=\"has-medium-font-size\">El interbloque que es un&nbsp;<em>d\u00e9j\u00e0 vu<\/em>&nbsp;desmejorado de lo que supo ser Cambiemos, todav\u00eda no tiene un nombre, y se resolver\u00e1 antes del 10 de diciembre, cuando la nueva integraci\u00f3n de la C\u00e1mara baja se ponga formalmente en funciones.<\/p>\n\n\n\n<p class=\"has-medium-font-size\">El PRO, a la cabeza de un golpeado&nbsp;<strong>Cristian Ritondo<\/strong>, logr\u00f3 conservar apenas 12 integrantes de los 35 que supo tener meses atr\u00e1s.<\/p>\n\n\n\n<p class=\"has-medium-font-size\">Sinti\u00e9ndose traicionado por&nbsp;<strong>Patricia Bullrich,&nbsp;<\/strong>que le sac\u00f3 una decena de diputados nacionales en las \u00faltimas semanas, el presidente del <strong>PRO bonaerense<\/strong> debi\u00f3 maniobrar en poco tiempo para armar un interbloque con los restos de la UCR a fin de no quedar desdibujado en el mapa de la nueva C\u00e1mara de Diputados.<\/p>\n\n\n\n<p class=\"has-medium-font-size\">En la bancada amarilla se quedaron junto a Ritondo:&nbsp;<strong>Alejandro Finnochiaro, Florencia de Sensi, Fernando de Andreis, Antonela Giampieri, Javier S\u00e1nchez, Mart\u00edn Ardohain, Emmanuel Bianchetti, \u00c1lvaro Gonz\u00e1lez, Daiana Fern\u00e1ndez Molero, An\u00edbal Tortoriello y Alicia Fregonese.&nbsp;<\/strong><\/p>\n\n\n\n<p class=\"has-medium-font-size\">Los \u00faltimos que soltaron amarras del PRO hab\u00edan sido el santafesino&nbsp;<strong>Jos\u00e9 Nu\u00f1ez&nbsp;<\/strong>y el rionegrino&nbsp;<strong>Jorge Capozzi,<\/strong>&nbsp;que partieron rumbo a Provincias Unidas.<\/p>\n\n\n\n<p style=\"font-size:23px\"><strong>\u00bfY la UCR?<\/strong><\/p>\n\n\n\n<p class=\"has-medium-font-size\">El <strong>bloque la UCR<\/strong>, una sombra de lo que fue alguna vez, qued\u00f3 <strong>reducido a solamente seis integrantes filo oficialistas,<\/strong> ya que el resto de los pocos radicales que lograron sobrevivir al tsunami electoral de octubre <strong>migraron a Provincias Unidas<\/strong>, de perfil m\u00e1s opositor.<\/p>\n\n\n\n<p class=\"has-medium-font-size\">La presidenta de la bancada UCR ser\u00e1&nbsp;<strong>Pamela Verasay,&nbsp;<\/strong>una mendocina que reporta al gobernador&nbsp;<strong>Alfredo Cornejo.<\/strong><\/p>\n\n\n\n<p class=\"has-medium-font-size\">El resto de los miembros son&nbsp;<strong>Guillermo Ag\u00fcero, Gerardo Cipolini, Di\u00f3genes Gonz\u00e1lez, Lisandro Nieri y Dar\u00edo Schneider.<\/strong><\/p>\n\n\n\n<p class=\"has-medium-font-size\">Al PRO y la UCR hay que computar dentro del interbloque a&nbsp;<strong>Karina Banfi,<\/strong>&nbsp;que rompi\u00f3 con el bloque de la UCR tras perder la disputa por la presidencia, al mencionado<strong>&nbsp;Garrido&nbsp;<\/strong>y a los dos diputados del MID&nbsp;<strong>(Oscar Zago y Claudio Falcone).&nbsp;<\/strong><\/p>\n\n\n\n<p class=\"has-medium-font-size\">Fuente: Con informaci\u00f3n de NA y medios digitales<\/p>\n","protected":false},"excerpt":{"rendered":"<p>Con 22 diputados, el PRO, la UCR y aliados recrean un interbloque estilo Cambiemos para evitar quedar relegados frente a Provincias Unidas. Ser\u00e1n 22 miembros junto al MID, Karina Banfi y el santacruce\u00f1o Juan Carlos Garrido. Disputa abierta por la vicepresidencia tercera con Provincias Unidas. Los bloques del&nbsp;PRO&nbsp;y la&nbsp;UCR, que quedaron muy diezmados a ra\u00edz [&hellip;]<\/p>\n","protected":false},"author":3,"featured_media":8309,"comment_status":"closed","ping_status":"open","sticky":false,"template":"","format":"standard","meta":{"footnotes":""},"categories":[81,39],"tags":[1483,663,662,1484],"class_list":["post-8306","post","type-post","status-publish","format-standard","has-post-thumbnail","hentry","category-nacional","category-politica","tag-cristian-ritondo","tag-pro","tag-ucr","tag-unidos"],"blog_post_layout_featured_media_urls":{"thumbnail":["https:\/\/lavozdisruptiva.com\/wp-content\/uploads\/2025\/12\/Cambiemos-2-150x150.webp",150,150,true],"full":["https:\/\/lavozdisruptiva.com\/wp-content\/uploads\/2025\/12\/Cambiemos-2.webp",1279,720,false]},"categories_names":{"81":{"name":"Nacional","link":"https:\/\/lavozdisruptiva.com\/index.php\/category\/nacional\/"},"39":{"name":"Pol\u00edtica","link":"https:\/\/lavozdisruptiva.com\/index.php\/category\/politica\/"}},"tags_names":{"1483":{"name":"Cristian Ritondo","link":"https:\/\/lavozdisruptiva.com\/index.php\/tag\/cristian-ritondo\/"},"663":{"name":"PRO","link":"https:\/\/lavozdisruptiva.com\/index.php\/tag\/pro\/"},"662":{"name":"UCR","link":"https:\/\/lavozdisruptiva.com\/index.php\/tag\/ucr\/"},"1484":{"name":"Unidos","link":"https:\/\/lavozdisruptiva.com\/index.php\/tag\/unidos\/"}},"comments_number":"0","wpmagazine_modules_lite_featured_media_urls":{"thumbnail":["https:\/\/lavozdisruptiva.com\/wp-content\/uploads\/2025\/12\/Cambiemos-2-150x150.webp",150,150,true],"cvmm-medium":["https:\/\/lavozdisruptiva.com\/wp-content\/uploads\/2025\/12\/Cambiemos-2-300x300.webp",300,300,true],"cvmm-medium-plus":["https:\/\/lavozdisruptiva.com\/wp-content\/uploads\/2025\/12\/Cambiemos-2-305x207.webp",305,207,true],"cvmm-portrait":["https:\/\/lavozdisruptiva.com\/wp-content\/uploads\/2025\/12\/Cambiemos-2-400x600.webp",400,600,true],"cvmm-medium-square":["https:\/\/lavozdisruptiva.com\/wp-content\/uploads\/2025\/12\/Cambiemos-2-600x600.webp",600,600,true],"cvmm-large":["https:\/\/lavozdisruptiva.com\/wp-content\/uploads\/2025\/12\/Cambiemos-2-1024x720.webp",1024,720,true],"cvmm-small":["https:\/\/lavozdisruptiva.com\/wp-content\/uploads\/2025\/12\/Cambiemos-2-130x95.webp",130,95,true],"full":["https:\/\/lavozdisruptiva.com\/wp-content\/uploads\/2025\/12\/Cambiemos-2.webp",1279,720,false]},"_links":{"self":[{"href":"https:\/\/lavozdisruptiva.com\/index.php\/wp-json\/wp\/v2\/posts\/8306","targetHints":{"allow":["GET"]}}],"collection":[{"href":"https:\/\/lavozdisruptiva.com\/index.php\/wp-json\/wp\/v2\/posts"}],"about":[{"href":"https:\/\/lavozdisruptiva.com\/index.php\/wp-json\/wp\/v2\/types\/post"}],"author":[{"embeddable":true,"href":"https:\/\/lavozdisruptiva.com\/index.php\/wp-json\/wp\/v2\/users\/3"}],"replies":[{"embeddable":true,"href":"https:\/\/lavozdisruptiva.com\/index.php\/wp-json\/wp\/v2\/comments?post=8306"}],"version-history":[{"count":3,"href":"https:\/\/lavozdisruptiva.com\/index.php\/wp-json\/wp\/v2\/posts\/8306\/revisions"}],"predecessor-version":[{"id":8312,"href":"https:\/\/lavozdisruptiva.com\/index.php\/wp-json\/wp\/v2\/posts\/8306\/revisions\/8312"}],"wp:featuredmedia":[{"embeddable":true,"href":"https:\/\/lavozdisruptiva.com\/index.php\/wp-json\/wp\/v2\/media\/8309"}],"wp:attachment":[{"href":"https:\/\/lavozdisruptiva.com\/index.php\/wp-json\/wp\/v2\/media?parent=8306"}],"wp:term":[{"taxonomy":"category","embeddable":true,"href":"https:\/\/lavozdisruptiva.com\/index.php\/wp-json\/wp\/v2\/categories?post=8306"},{"taxonomy":"post_tag","embeddable":true,"href":"https:\/\/lavozdisruptiva.com\/index.php\/wp-json\/wp\/v2\/tags?post=8306"}],"curies":[{"name":"wp","href":"https:\/\/api.w.org\/{rel}","templated":true}]}}