{"id":8294,"date":"2025-12-03T10:44:21","date_gmt":"2025-12-03T13:44:21","guid":{"rendered":"https:\/\/lavozdisruptiva.com\/?p=8294"},"modified":"2025-12-03T10:44:22","modified_gmt":"2025-12-03T13:44:22","slug":"se-renueva-la-camara-de-diputados-como-sera-la-nueva-composicion","status":"publish","type":"post","link":"https:\/\/lavozdisruptiva.com\/index.php\/2025\/12\/03\/se-renueva-la-camara-de-diputados-como-sera-la-nueva-composicion\/","title":{"rendered":"Se renueva la C\u00e1mara de Diputados: c\u00f3mo ser\u00e1 la nueva composici\u00f3n"},"content":{"rendered":"\n<h2 class=\"wp-block-heading\" style=\"font-size:23px\">Los diputados electos jurar\u00e1n en el recinto, en el medio de movimientos entre bloques que permitieron que La Libertad Avanza se convierta en primera minor\u00eda.<\/h2>\n\n\n\n<p class=\"has-medium-font-size\">La jura de<strong>\u00a0127 diputados<\/strong>\u00a0pondr\u00e1 rostro a la nueva composici\u00f3n de la C\u00e1mara baja pero no terminar\u00e1 de cerrar lo que marc\u00f3 la actividad en el Congreso en las \u00faltimas semanas: los permanentes modificaciones que alteraron el n\u00famero de los bloques y le permitieron a<strong>\u00a0La Libertad Avanza<\/strong>\u00a0un\u00a0crecimiento por decena que lo posicion\u00f3 como primera fuerza,\u00a0<strong>desplazando a Fuerza Patria<\/strong>. La ceremonia, que iniciar\u00e1 a las 13 horas, tambi\u00e9n determinar\u00e1 la renovaci\u00f3n de<strong>\u00a0Mart\u00edn Menem como presidente del recinto.<\/strong><\/p>\n\n\n\n<p class=\"has-medium-font-size\"><strong><em>\u201cFueron d\u00edas movidos. Todos queriendo caranchearse diputados\u201d<\/em>,\u00a0<\/strong>sintetiz\u00f3 un legislador que se pas\u00f3 de bloque en las \u00faltimas 24 horas, un s\u00edntoma que impact\u00f3 en todos los partidos, con<strong>\u00a0el PRO como principal perjudicado<\/strong>\u00a0(perdi\u00f3 12 miembros, la mitad de su bancada) en detrimento de<strong>\u00a0La Libertad Avanza<\/strong>.\u00a0<strong>El oficialismo pas\u00f3 de 83 a 95 legisladores,<\/strong>\u00a0sumando de tres espacios distintos para garantizarse un salto exponencial desde su anterior distribuci\u00f3n, en la que contaba con s\u00f3lo 38 bancas.<\/p>\n\n\n\n<p class=\"has-medium-font-size\">Su composici\u00f3n ya no cuenta con la inexperiencia en la gesti\u00f3n p\u00fablica que antes lo caracterizaba, no s\u00f3lo por la incorporaci\u00f3n de&nbsp;<strong>dirigentes de trayectoria del PRO<\/strong>&nbsp;(Giudici, Rodr\u00edguez Machado), sino tambi\u00e9n porque fueron&nbsp;<strong>electas figuras con cargos de gesti\u00f3n<\/strong>. El m\u00e1s reconocido es el ministro de Defensa&nbsp;<strong>Luis Petri<\/strong>, pero tambi\u00e9n se encuentra la \u00faltima directora del Correo Argentino, Gladys Humenuk, o el intendente de la localidad formose\u00f1a de Las Lomitas, Atilio Basualdo.<strong>&nbsp;Tambi\u00e9n se convertir\u00e1n en diputadas funcionarias que fueron parte de la estrategia de extensi\u00f3n territorial libertaria,<\/strong>&nbsp;como la neuquina Gabriela Mu\u00f1oz (ANSES), la salte\u00f1a Eliana Bruno (ANSES) o el bonaerense Joaqu\u00edn Ojeda (PAMI).<\/p>\n\n\n\n<p class=\"has-medium-font-size\">Precisamente, en el armado de listas comienzan a emerger las correspondencias marcadas por el oficio de pol\u00edtica territorial de algunos dirigentes, como&nbsp;<strong>Mart\u00edn y \u201cLule\u201d Menem&nbsp;<\/strong>(como ejemplo, uno de sus hombres de confianza Hern\u00e1n Urien),&nbsp;<strong>Sebasti\u00e1n Pareja&nbsp;<\/strong>(Rub\u00e9n Torres) o&nbsp;<strong>Gabriel Bornoroni&nbsp;<\/strong>(Gonzalo Roca). Otra particularidad es la juventud que tendr\u00e1 el cuerpo legislativo libertario, que tiene en los santafesinos Agust\u00edn Pellegrini y Valentina Ravera el&nbsp;<strong>r\u00e9cord de los diputados electos m\u00e1s j\u00f3venes desde el regreso democr\u00e1tico<\/strong>, con 25 a\u00f1os. La bonaerense Andrea Vera (29) y el riojano Gino Visconti (31) tambi\u00e9n se encuentran en este lote.<\/p>\n\n\n\n<p class=\"has-medium-font-size\">Uno de los perfiles m\u00e1s conocidos es el de la artista Virginia Gallardo. Electo por La Pampa, el dirigente de la\u00a0<strong>Fundaci\u00f3n Faro, Adri\u00e1n Ravier<\/strong>, tambi\u00e9n es una figura prominente de la constelaci\u00f3n libertaria, junto a la vedette bonaerense <strong>Karen Reichard<\/strong>t, el conductor radial Sergio Figliuolo, el ex tenista misionero Diego Hartfield y la periodista salte\u00f1a Gabriela Flores, tambi\u00e9n periodista, por Salta (La Libertad Avanza).<\/p>\n\n\n\n<h2 class=\"wp-block-heading\" style=\"font-size:23px\">La agenda alternativa: figuras de experiencia y el polo peronista<\/h2>\n\n\n\n<p class=\"has-medium-font-size\">Aunque perdi\u00f3 el lugar de primera fuerza un d\u00eda antes de la jura, la renovaci\u00f3n parlamentaria le ofrece al peronismo la posibilidad para&nbsp;<strong>recuperar terreno en la agenda p\u00fablica<\/strong>, con perfiles dis\u00edmiles que pueden posicionarse como alternativa de gesti\u00f3n. La santafesina&nbsp;<strong>Caren Tepp<\/strong>&nbsp;es una de las dirigentes j\u00f3venes m\u00e1s resonantes de la nueva composici\u00f3n, en una nueva composici\u00f3n con&nbsp;<strong>fuerte perfil acad\u00e9mico<\/strong>: asume la expresidenta de la CNEA, Adriana Serquis; el exministro de Educaci\u00f3n nacional, Nicol\u00e1s Trotta; el decano de la Facultad de Veterinarias de la Universidad Nacional de La Pampa, Abelardo Ferr\u00e1n; y el exministro de Educaci\u00f3n rionegrino, Marcelo Mengo.<\/p>\n\n\n\n<p class=\"has-medium-font-size\">Aunque tambi\u00e9n deber\u00e1n administrar la convivencia entre los altos perfiles que asumen por cada tribu, como<strong>\u00a0Juan Grabois<\/strong>\u00a0(Patria Grande) y <strong>Sebasti\u00e1n Galmarini<\/strong> (Frente Renovador), el bloque contar\u00e1 con diversidad en presencia territorial (el intendente de Las Garcitas, <strong>Sergio Dolce<\/strong>, y el exjefe comunal de San Rafael, Emir F\u00e9lix); trayectoria en gesti\u00f3n nacional (<strong>Guillermo Michel, Jorge Taiana y Agust\u00edn Rossi<\/strong>); y representaci\u00f3n sindical (Hugo Moyano hijo y Hugo Yasky). Incluso, hay una apelaci\u00f3n a las fuerzas del cielo, con la<strong>\u00a0asunci\u00f3n del sacerdote santacruce\u00f1o Juan Carlos Molina.<\/strong><\/p>\n\n\n\n<p class=\"has-medium-font-size\"><strong>La flamante bancada de\u00a0Provincias Unidas\u00a0<\/strong>aportar\u00e1 un grupo de dirigentes con experiencia, cuya aspiraci\u00f3n ya provoc\u00f3 tensiones internas: <strong>Miguel Pichetto y Nicol\u00e1s Massot<\/strong> no se incorporaron al espacio como el resto de\u00a0<strong>Encuentro Federal<\/strong>\u00a0por la discusi\u00f3n sobre qui\u00e9n presidir\u00eda el bloque. Finalmente ese rol lo cumplir\u00e1 la vicegobernadora de Santa Fe,<strong>\u00a0Gisela Scaglia<\/strong>, pero en el espacio tambi\u00e9n convive el exgobernador de C\u00f3rdoba,\u00a0<strong>Juan Schiaretti<\/strong>; el exministro de Econom\u00eda,<strong>\u00a0Mart\u00edn Lousteau<\/strong>; la intendenta de Despe\u00f1aderos, Carolina Basualdo; y la ministra de Ambiente juje\u00f1a, In\u00e9s Ziagar\u00e1n.<\/p>\n\n\n\n<p class=\"has-medium-font-size\">E<strong>l espacio provincialista paralelo<\/strong>\u00a0que se arma en torno a las provincias de\u00a0<strong>Catamarca, Misiones, Salta y Tucum\u00e1n<\/strong>\u00a0tendr\u00e1 como una de sus referencias al exgobernador misionero Oscar Herrera Ahuad. Aqu\u00ed se podr\u00eda sumar el titular de UTHGRA San Luis, Claudio \u00c1lvarez, quien suceder\u00e1 a Carlos D\u2019Alessandro en el bloque\u00a0<strong>Coherencia<\/strong>. Aunque disminuyeron su influencia parlamentaria dr\u00e1sticamente la\u00a0<strong>UCR<\/strong>\u00a0(el ministro entrerriano Dar\u00edo Schneider, el subsecretario chaque\u00f1o Guillermo Ag\u00fcero) y el\u00a0<strong>PRO<\/strong>\u00a0(el exsecretario General macrista, Fernando de Andreis) suman trayectoria para el debate. De otro perfil ideol\u00f3gico, el\u00a0<strong>FIT\u00a0<\/strong>tendr\u00e1 un bloque de cuatro dirigentes conocidos: Myriam Bregman, Nicol\u00e1s Del Ca\u00f1o, Romina Del Pl\u00e1 y N\u00e9stor Pitrola.<\/p>\n\n\n\n<h2 class=\"wp-block-heading\" style=\"font-size:23px\">C\u00f3mo est\u00e1 compuesta la C\u00e1mara de Diputados<\/h2>\n\n\n\n<p class=\"has-medium-font-size\">Hasta el momento, los<strong>&nbsp;bloques de la C\u00e1mara de Diputados<\/strong>&nbsp;y su composici\u00f3n son:<\/p>\n\n\n\n<ul class=\"wp-block-list\">\n<li class=\"has-medium-font-size\"><strong>La Libertad Avanza:\u00a0<\/strong>95 diputados.<\/li>\n\n\n\n<li class=\"has-medium-font-size\"><strong>Uni\u00f3n por la Patria:<\/strong>\u00a093 diputados.<\/li>\n\n\n\n<li class=\"has-medium-font-size\"><strong>Provincias Unidas:\u00a0<\/strong>18 diputados.<\/li>\n\n\n\n<li class=\"has-medium-font-size\"><strong>PRO:\u00a0<\/strong>12 diputados.<\/li>\n\n\n\n<li class=\"has-medium-font-size\"><strong>Innovaci\u00f3n Federal:\u00a0<\/strong>7 diputados.<\/li>\n\n\n\n<li class=\"has-medium-font-size\"><strong>UCR:<\/strong>\u00a06 diputados.<\/li>\n\n\n\n<li class=\"has-medium-font-size\"><strong>Coherencia:\u00a0<\/strong>4 diputados.<\/li>\n\n\n\n<li class=\"has-medium-font-size\"><strong>Frente de Izquierda:<\/strong>\u00a04 diputados.<\/li>\n\n\n\n<li class=\"has-medium-font-size\"><strong>Independencia:<\/strong>\u00a03 diputados.<\/li>\n\n\n\n<li class=\"has-medium-font-size\"><strong>Elijo Catamarca:\u00a0<\/strong>3 diputados.<\/li>\n\n\n\n<li class=\"has-medium-font-size\"><strong>Encuentro Federal:\u00a0<\/strong>2 diputados.<\/li>\n\n\n\n<li class=\"has-medium-font-size\"><strong>Coalici\u00f3n C\u00edvica:\u00a0<\/strong>2 diputados.<\/li>\n\n\n\n<li class=\"has-medium-font-size\"><strong>PJ San Luis:<\/strong>\u00a02 diputados.<\/li>\n\n\n\n<li class=\"has-medium-font-size\"><strong>MID<\/strong>: 2 diputados.<\/li>\n\n\n\n<li class=\"has-medium-font-size\"><strong>Producci\u00f3n y Trabajo:<\/strong>\u00a02 diputados.<\/li>\n\n\n\n<li class=\"has-medium-font-size\"><strong>La Neuquinidad:\u00a0<\/strong>1 diputada.<\/li>\n\n\n\n<li class=\"has-medium-font-size\"><strong>Defendamos C\u00f3rdoba:\u00a0<\/strong>1 diputada.<\/li>\n<\/ul>\n\n\n\n<h2 class=\"wp-block-heading\" style=\"font-size:22px\">Diputados: qui\u00e9nes son los diputados electos<\/h2>\n\n\n\n<p class=\"has-medium-font-size\">Dentro de los 127 diputados que fueron electos el pasado 26 de octubre, por la alianza&nbsp;<strong>La Libertad Avanza<\/strong>&nbsp;ingresaron: Karen Reichardt,&nbsp;<strong>Sebasti\u00e1n Pareja,&nbsp;<\/strong>Gladys Humenuk, Alejandro Carrancio, Johanna Longo, Rub\u00e9n Torres, Miriam Niveyro, Sergio Figliuolo, Giselle Castelnuovo, \u00c1lvaro Garc\u00eda, Joaqu\u00edn Patricio Ojeda, Mar\u00eda Luisa Gonz\u00e1lez Estevarena, Hern\u00e1n Urien, Andrea Fernanda Vera, Alejandro Fargosi, Patricia Holzman, Nicol\u00e1s Emma,&nbsp;<strong>Sabrina Ajmechet<\/strong>, Antonela Giampieri, Agust\u00edn Pellegrini, Yamile Tomassoni, Juan Pablo Montenegro, Valentina Ravera,&nbsp;<strong>Gonzalo Roca<\/strong>, Laura Sodano, Marcos Pati\u00f1o y Laura Rodr\u00edguez Machado.<\/p>\n\n\n\n<p class=\"has-medium-font-size\">Adem\u00e1s fueron electos por el oficialismo: Enrique Lluch, Luis Petri, \u00c1lvaro Mart\u00ednez, Mar\u00eda Julieta Metral Asensio, Federico Pelli, Soledad Molinuevo, Diego Hartfield, Mar\u00eda Gruber, Gabriela Flores, Carlos Zapata, Andr\u00e9s Laumann, Alicia Fregonese, Mercedes del Rosario Goit\u00eda,<strong>&nbsp;Virgina Gallardo<\/strong>, Abel Chiconi, Alfredo Gonz\u00e1les, B\u00e1rbara Andreussi,<strong>&nbsp;An\u00edbal Tortoriello<\/strong>, Gast\u00f3n Riesco, Margarita Mondaca, Atilio Basualdo, Maira Frias, M\u00f3nica Becerra, Carlos Almena, Adri\u00e1n Brizuela, Gino Visconti,&nbsp;<strong>Adri\u00e1n Ravier<\/strong>, Jairo Henoch Guzm\u00e1n y Miguel Rodr\u00edguez.<\/p>\n\n\n\n<p class=\"has-medium-font-size\">Por&nbsp;<strong>Fuerza Patria&nbsp;<\/strong>ingresaron:&nbsp;<strong>Jorge Taiana<\/strong>, Jimena L\u00f3pez,&nbsp;<strong>Juan Grabois,<\/strong>&nbsp;Vanesa Siley, Sergio Palazzo, Teresa Garc\u00eda, Horacio Pietragalla, Agustina Propato, Hugo Moyano, Fernanda D\u00edaz, Sebasti\u00e1n Galmarini, Fernanda Mi\u00f1o, Hugo Yasky, Marina Salzmann, Nicol\u00e1s Trotta, Mar\u00eda Elena Vel\u00e1zquez, Itai Hagman, Raquel Kismer, Santiago Roberto, Luc\u00eda C\u00e1mpora, Claudia Palladino, Sergio Dolce, Julieta Campo, Ra\u00fal Hadad, Juan Pablo Luque, Graciela de la Rosa,&nbsp;<strong>Guillermo Michel,&nbsp;<\/strong>Laura Marianela Concepci\u00f3n Marclay, Abelardo Ferr\u00e1n, Varinia Mar\u00edn, Gabriela Pedrali y F\u00e9lix Emir. Dentro de los electos por Fuerza Patria ingresaron adem\u00e1s: Adriana Serquis, Juan Carlos Molina, Moira Lanses\u00e1n, Caren Trepp, Agust\u00edn Rossi Alejandrina Bel\u00e9n, Jorge Alejandro Mukdise, Cecilia L\u00f3pez Pasquali de Balmaceda y Marcelo Barbur.<\/p>\n\n\n\n<p class=\"has-medium-font-size\">Por su parte, por<strong>&nbsp;Provincias Unidas<\/strong>&nbsp;fueron electos Juan Schiaretti, Carolina Basualdo, Miguel Siciliano (no asumir\u00e1 y le dejar\u00e1 su banca a Ignacio Garc\u00eda Aresca), Gisela Scaglia, Pablo Farias, Mart\u00edn Lousteau, Diogenes Gonz\u00e1lez y Mar\u00eda In\u00e9s Zigar\u00e1n.&nbsp;<strong>Innovaci\u00f3n Federal&nbsp;<\/strong>sum\u00f3 dos diputados: Bernardo Biella y Oscar Herrera Ahuad.<\/p>\n\n\n\n<p class=\"has-medium-font-size\">Por el&nbsp;<strong>PRO<\/strong>, se sumaron Javier S\u00e1nchez Wrba, Alejandro Finocchiaro, Fernando De Andreis, y Mar\u00eda Fernanda De Sensi. Mientras tanto, la<strong>&nbsp;UCR<\/strong>&nbsp;consigui\u00f3 las bancas de Pamela Verasay, Dar\u00edo Schneider y Guillermo Ag\u00fcero. En tanto que por el&nbsp;<strong>Frente de Izquierda<\/strong>&nbsp;ingresaron Nicol\u00e1s del Ca\u00f1o, Romina del Pla y Myriam Bregman.<\/p>\n\n\n\n<p class=\"has-medium-font-size\">Los otros tres diputados electos fueron Carlos Jaime Quiroga (Producci\u00f3n y Trabajo de&nbsp;<strong>San Juan<\/strong>), Natalia de la Sota (Defendamos<strong>&nbsp;C\u00f3rdoba<\/strong>) y Karina Maureira (La&nbsp;<strong>Neuquinidad<\/strong>). Por el justicialismo de<strong>&nbsp;San Luis<\/strong>, ingres\u00f3 Jorge Fern\u00e1ndez, mientras que por el&nbsp;<strong>catamarque\u00f1o<\/strong>&nbsp;asumir\u00e1 Fernando Edgardo Monguillot y por el&nbsp;<strong>tucumano<\/strong>&nbsp;Javier Noguera, Gladys Medina y Agustin Tita.<\/p>\n\n\n\n<p class=\"has-medium-font-size\">Fuente: Con informaci\u00f3n de \u00c1mbito y medios digitales<\/p>\n","protected":false},"excerpt":{"rendered":"<p>Los diputados electos jurar\u00e1n en el recinto, en el medio de movimientos entre bloques que permitieron que La Libertad Avanza se convierta en primera minor\u00eda. La jura de\u00a0127 diputados\u00a0pondr\u00e1 rostro a la nueva composici\u00f3n de la C\u00e1mara baja pero no terminar\u00e1 de cerrar lo que marc\u00f3 la actividad en el Congreso en las \u00faltimas semanas: [&hellip;]<\/p>\n","protected":false},"author":3,"featured_media":8299,"comment_status":"closed","ping_status":"open","sticky":false,"template":"","format":"standard","meta":{"footnotes":""},"categories":[81,39],"tags":[754,563,40],"class_list":["post-8294","post","type-post","status-publish","format-standard","has-post-thumbnail","hentry","category-nacional","category-politica","tag-camara-de-diputados","tag-congreso-de-la-nacion-argentina","tag-politica"],"blog_post_layout_featured_media_urls":{"thumbnail":["https:\/\/lavozdisruptiva.com\/wp-content\/uploads\/2025\/12\/Diputados-150x150.jpeg",150,150,true],"full":["https:\/\/lavozdisruptiva.com\/wp-content\/uploads\/2025\/12\/Diputados.jpeg",1600,1067,false]},"categories_names":{"81":{"name":"Nacional","link":"https:\/\/lavozdisruptiva.com\/index.php\/category\/nacional\/"},"39":{"name":"Pol\u00edtica","link":"https:\/\/lavozdisruptiva.com\/index.php\/category\/politica\/"}},"tags_names":{"754":{"name":"C\u00e1mara de Diputados","link":"https:\/\/lavozdisruptiva.com\/index.php\/tag\/camara-de-diputados\/"},"563":{"name":"Congreso de la Naci\u00f3n Argentina","link":"https:\/\/lavozdisruptiva.com\/index.php\/tag\/congreso-de-la-nacion-argentina\/"},"40":{"name":"Pol\u00edtica","link":"https:\/\/lavozdisruptiva.com\/index.php\/tag\/politica\/"}},"comments_number":"0","wpmagazine_modules_lite_featured_media_urls":{"thumbnail":["https:\/\/lavozdisruptiva.com\/wp-content\/uploads\/2025\/12\/Diputados-150x150.jpeg",150,150,true],"cvmm-medium":["https:\/\/lavozdisruptiva.com\/wp-content\/uploads\/2025\/12\/Diputados-300x300.jpeg",300,300,true],"cvmm-medium-plus":["https:\/\/lavozdisruptiva.com\/wp-content\/uploads\/2025\/12\/Diputados-305x207.jpeg",305,207,true],"cvmm-portrait":["https:\/\/lavozdisruptiva.com\/wp-content\/uploads\/2025\/12\/Diputados-400x600.jpeg",400,600,true],"cvmm-medium-square":["https:\/\/lavozdisruptiva.com\/wp-content\/uploads\/2025\/12\/Diputados-600x600.jpeg",600,600,true],"cvmm-large":["https:\/\/lavozdisruptiva.com\/wp-content\/uploads\/2025\/12\/Diputados-1024x1024.jpeg",1024,1024,true],"cvmm-small":["https:\/\/lavozdisruptiva.com\/wp-content\/uploads\/2025\/12\/Diputados-130x95.jpeg",130,95,true],"full":["https:\/\/lavozdisruptiva.com\/wp-content\/uploads\/2025\/12\/Diputados.jpeg",1600,1067,false]},"_links":{"self":[{"href":"https:\/\/lavozdisruptiva.com\/index.php\/wp-json\/wp\/v2\/posts\/8294","targetHints":{"allow":["GET"]}}],"collection":[{"href":"https:\/\/lavozdisruptiva.com\/index.php\/wp-json\/wp\/v2\/posts"}],"about":[{"href":"https:\/\/lavozdisruptiva.com\/index.php\/wp-json\/wp\/v2\/types\/post"}],"author":[{"embeddable":true,"href":"https:\/\/lavozdisruptiva.com\/index.php\/wp-json\/wp\/v2\/users\/3"}],"replies":[{"embeddable":true,"href":"https:\/\/lavozdisruptiva.com\/index.php\/wp-json\/wp\/v2\/comments?post=8294"}],"version-history":[{"count":5,"href":"https:\/\/lavozdisruptiva.com\/index.php\/wp-json\/wp\/v2\/posts\/8294\/revisions"}],"predecessor-version":[{"id":8300,"href":"https:\/\/lavozdisruptiva.com\/index.php\/wp-json\/wp\/v2\/posts\/8294\/revisions\/8300"}],"wp:featuredmedia":[{"embeddable":true,"href":"https:\/\/lavozdisruptiva.com\/index.php\/wp-json\/wp\/v2\/media\/8299"}],"wp:attachment":[{"href":"https:\/\/lavozdisruptiva.com\/index.php\/wp-json\/wp\/v2\/media?parent=8294"}],"wp:term":[{"taxonomy":"category","embeddable":true,"href":"https:\/\/lavozdisruptiva.com\/index.php\/wp-json\/wp\/v2\/categories?post=8294"},{"taxonomy":"post_tag","embeddable":true,"href":"https:\/\/lavozdisruptiva.com\/index.php\/wp-json\/wp\/v2\/tags?post=8294"}],"curies":[{"name":"wp","href":"https:\/\/api.w.org\/{rel}","templated":true}]}}