{"id":7917,"date":"2025-09-28T12:31:01","date_gmt":"2025-09-28T15:31:01","guid":{"rendered":"https:\/\/lavozdisruptiva.com\/?p=7917"},"modified":"2025-09-28T12:31:02","modified_gmt":"2025-09-28T15:31:02","slug":"el-viejo-truco-de-recordar-al-kirchnerismo","status":"publish","type":"post","link":"https:\/\/lavozdisruptiva.com\/index.php\/2025\/09\/28\/el-viejo-truco-de-recordar-al-kirchnerismo\/","title":{"rendered":"El viejo truco de recordar al kirchnerismo"},"content":{"rendered":"\n<p class=\"has-medium-font-size\">Por: Alejandro Borensztein  Para: Clar\u00edn<\/p>\n\n\n\n<h2 class=\"wp-block-heading\" style=\"font-size:23px\"><strong>Todo lo maravilloso que hacen Milei y sus amigos es poca cosa cuando nos acordamos de lo lindo que era todo con Cristina y sus amigos.<\/strong><\/h2>\n\n\n\n<p class=\"has-medium-font-size\">Es muy importante que la genialidad de los tipos que nos gobiernan hoy no nos haga olvidar la genialidad de los que nos gobernaron antes. De ah\u00ed que el an\u00e1lisis pol\u00edtico requiera cierta perspectiva hist\u00f3rica para evitar engolosinarnos con los cracks actuales y opacar a sus predecesores.<\/p>\n\n\n\n<p class=\"has-medium-font-size\">Para ser m\u00e1s claros, ser\u00eda muy injusto que estas \u00faltimas maravillas que viene haciendo y diciendo el ministro de econom\u00eda Luis Caputo\u00a0<strong>eclipse el talento que supo demostrar Sergio Massa<\/strong>\u00a0cuando le toc\u00f3 desplegarlo. Ni hablar del campe\u00f3n del mundo Kicillof.<\/p>\n\n\n\n<p class=\"has-medium-font-size\">Un buen ejemplo de esto es lo que acaba de pasar con el tema de las retenciones. El gobierno las elimin\u00f3 temporariamente para promover que los productores liquiden los d\u00f3lares de la cosecha. Sin embargo, los que aprovecharon la medida e inscribieron sus exportaciones no fueron los productores agropecuarios sino las cerealeras. Estas empresas se comprometieron a liquidar 7.000 palos verdes sin pagar retenciones y de ese modo cubrieron en s\u00f3lo 72 horas el cupo de d\u00f3lares que el gobierno necesitaba.\u00a0Al toque, Caputo repuso las retenciones.<\/p>\n\n\n\n<p class=\"has-medium-font-size\">Los productores, o sea los que realmente laburan en el campo,&nbsp;<strong>no tuvieron tiempo de nada<\/strong>&nbsp;y cuando se quisieron acordar ya les hab\u00edan metido otra vez las retenciones qued\u00e1ndose afuera del beneficio. Ahora est\u00e1n todos emputecidos con el gobierno. No es para menos. Ellos van a seguir recibiendo, por cada tonelada, el mismo precio con las mismas retenciones de siempre mientras que las exportadoras se quedaron con m\u00e1s de 1.000 millones de d\u00f3lares en concepto de retenciones que el gobierno no les va a cobrar. Negoci\u00f3n.<\/p>\n\n\n\n<p class=\"has-medium-font-size\">Yo s\u00e9 que explicar esto es un poco complicado. Lo que se entiende m\u00e1s f\u00e1cil es la chinche que se agarraron los productores porque el fastidio que tienen se huele a kil\u00f3metros de distancia.&nbsp;<strong>Te acerc\u00e1s a un campo y primero ol\u00e9s la bronca y reci\u00e9n despu\u00e9s se siente el perfume de las vacas, los caballos, la bosta, etc.<\/strong><\/p>\n\n\n\n<p class=\"has-medium-font-size\">Para ser m\u00e1s claros, los productores son los que est\u00e1n en el campo, emplean peones rurales, pagan las cargas sociales, compran la semilla, los fertilizantes, los tractores, se bancan la lluvia, la sequ\u00eda, el granizo, el kirchnerismo y sin embargo no ligaron nada. Ni un sope.<\/p>\n\n\n\n<p class=\"has-medium-font-size\">En cambio los capos de las cerealeras, que&nbsp;<strong>los \u00fanicos campos que caminan son los campos de golf<\/strong>, se quedaron con toda la mosca. Ac\u00e1 vale sospechar que cada tanto deben compartir caddy con alg\u00fan que otro ministro.<\/p>\n\n\n\n<p class=\"has-medium-font-size\">Frente a esta situaci\u00f3n recomendamos que los compa\u00f1eros productores mantengan la calma. Antes de volverse locos y empezar a pegar en todos los silobolsas del pa\u00eds fotos del ministro Caputo con alfileres clavados, les pedimos que hagan memoria. Recuerden la historia. Si bien es cierto que Caputo los abroch\u00f3, solo fue por 72 horas. En cambio&nbsp;<strong>el kirchnerismo lo hizo durante 20 a\u00f1os.<\/strong>&nbsp;No es justo igualar a un garca de tres d\u00edas con un garca de 20 a\u00f1os. Amigo agropecuario, baje esas fotos del tractor, junte los alfileres y guarde todo. Pero no tire nada.<\/p>\n\n\n\n<p class=\"has-medium-font-size\">Por eso es importante poner toda la actualidad en perspectiva hist\u00f3rica. Lo mismo podemos decir sobre la reuni\u00f3n del presidente Milei con Donald Trump.<\/p>\n\n\n\n<p class=\"has-medium-font-size\">Aclaraci\u00f3n previa: decimos Donald Trump y&nbsp;<strong>nos ponemos todos de pie<\/strong>, especialmente los que producimos televisi\u00f3n. No sea cosa que se enoje con cualquiera de nosotros como ya se enoj\u00f3 con Stephen Colbert, Jimmy Kimmel, Jimmy Fallon, Seth Meyers y tantos otros a los que ya rajaron o est\u00e1n por rajar de sus canales por hacer chistes contra el presidente.<\/p>\n\n\n\n<p class=\"has-medium-font-size\">Y cuando decimos Milei tambi\u00e9n nos ponemos de pie, no vaya a ser que Javi siga una vez m\u00e1s los pasos de Donald. Una cosa es que te diga mandril y otra muy distinta es que te meta una demanda por 15.000 palos verdes como hizo Trump con el&nbsp;<em>New York Times.<\/em><strong>&nbsp;El culo vaya y pase, pero la billetera nunca.<\/strong><\/p>\n\n\n\n<p class=\"has-medium-font-size\">Por eso cada vez que nombremos a Javi y a Donald los honraremos y a otra cosa mariposa. Por supuesto, siempre con la tranquilidad de saber que un medio o un programa, cuando es bueno,<strong>&nbsp;suele durar mucho m\u00e1s que un presidente.<\/strong><\/p>\n\n\n\n<p class=\"has-medium-font-size\">Sin ir m\u00e1s lejos tenemos el caso de&nbsp;<em>Telenoche<\/em>&nbsp;que arranc\u00f3 en enero de 1966 cuando el presidente era Arturo Umberto Illia y, 22 presidentes despu\u00e9s, todav\u00eda est\u00e1 ah\u00ed con Nelson Castro rompi\u00e9ndole las pelotas al gobierno como un campe\u00f3n.<\/p>\n\n\n\n<p class=\"has-medium-font-size\">Volvamos al viaje de Milei. Cuando dicen que Javi<strong>&nbsp;rompi\u00f3 records de chupamedias<\/strong>&nbsp;con Trump cometemos el error de ser injustos con Alberto.<\/p>\n\n\n\n<p class=\"has-medium-font-size\">En octubre de 2023 el \u201cexpresidente\u201d viaj\u00f3 a China y le rindi\u00f3 pleites\u00eda a Xi Jinping y al Partido Comunista Chino emparent\u00e1ndolo con el peronismo.<\/p>\n\n\n\n<p class=\"has-medium-font-size\">Antes de eso, el 3 de febrero de 2022, Alberto quebr\u00f3 todas las marcas al viajar a Mosc\u00fa y decirle a Putin en vivo y en directo por televisi\u00f3n y para todo el mundo \u201c<em><strong>queremos que la Argentina sea la puerta de entrada de Rusia a Latinoam\u00e9rica<\/strong>\u201d<\/em>. Hist\u00f3rico.<\/p>\n\n\n\n<p class=\"has-medium-font-size\">Por suerte, unos d\u00edas despu\u00e9s, el 24 de febrero, Putin invadi\u00f3 Ucrania, se olvid\u00f3 de nosotros y<strong>&nbsp;la invitaci\u00f3n del kirchnerismo qued\u00f3 para alg\u00fan otro momento.<\/strong>&nbsp;No va a faltar oportunidad.<\/p>\n\n\n\n<p class=\"has-medium-font-size\">Aquel episodio pas\u00f3 a la posteridad como&nbsp;<strong>la chupada de medias m\u00e1s grande de la historia latinoamericana.<\/strong><\/p>\n\n\n\n<p class=\"has-medium-font-size\">Recordar este hecho del pasado sirve para poner en verdadera dimensi\u00f3n lo que sucede en el presente. Es muy grande la tentaci\u00f3n de pensar que todo lo que hace este gobierno es tope de gama pero no hay que ser ingrato con los anteriores. En este caso, lo de Milei con Trump parece insuperable pero<strong>&nbsp;nada se acerca a lo que hizo Alberto con Putin.<\/strong><\/p>\n\n\n\n<p class=\"has-medium-font-size\">Cada vez que le colguemos al gobierno una corona de laureles debemos moderar el entusiasmo recordando a los campeones del pasado.<\/p>\n\n\n\n<p class=\"has-medium-font-size\">El mismo razonamiento puede expresarse al rev\u00e9s: todo lo malo que hacen Milei y sus amigos se relativiza cuando nos acordamos de Cristina y sus amigos. Tal vez sea una forma m\u00e1s realista de analizar el presente y seguramente en eso sigue radicando la fortaleza libertaria.<\/p>\n\n\n\n<p class=\"has-medium-font-size\">Sin embargo, dado que el gobierno ahora es este, ser\u00eda recomendable<strong>&nbsp;no abusar tanto de los recuerdos<\/strong>&nbsp;y mirar bien qu\u00e9 corno est\u00e1n haciendo estos muchachos de hoy.<\/p>\n\n\n\n<p class=\"has-medium-font-size\">En ese contexto, la pregunta del mill\u00f3n es: \u00bfpor qu\u00e9 fuimos corriendo a pedirle plata a Trump si se supon\u00eda que and\u00e1bamos fen\u00f3meno? \u00bfNo era que con el d\u00e9ficit cero ya est\u00e1bamos ok? \u00bfNo nos dec\u00eda eso Javi? \u00bfNo era Caputo el mejor ministro de la historia mundial?<\/p>\n\n\n\n<p class=\"has-medium-font-size\">En el verano festejamos que entr\u00f3 plata por el blanqueo y dos minutos despu\u00e9s ya nos est\u00e1bamos por ahogar hasta que en abril festejamos el pr\u00e9stamo del FMI. Ahora estuvimos a un minuto de la cat\u00e1strofe y el lunes nos trepamos al alambrado para festejar la soga que nos tir\u00f3 EEUU. Todo en pocos meses.<strong>&nbsp;Algo raro est\u00e1 pasando y no se compensa recordando a Cristina y Kicillof.<\/strong><\/p>\n\n\n\n<p class=\"has-medium-font-size\">\u00bfHabr\u00e1 que recordar toda la vida a los kirchneristas para digerirse a los libertarios? \u00bfCu\u00e1nto tiempo m\u00e1s va a durar ese truco? Preguntas que nadie puede responder.<\/p>\n\n\n\n<p class=\"has-medium-font-size\">Sabemos mucho del pasado, o sea de d\u00f3nde venimos, y bastante del presente, o sea d\u00f3nde estamos. Todo indica que el futuro, o sea hacia d\u00f3nde vamos, no lo sabe ni Dios.<\/p>\n\n\n\n<p class=\"has-medium-font-size\">Mucho menos el gobierno.<\/p>\n\n\n\n<p class=\"has-medium-font-size\">Fuente: Clar\u00edn<\/p>\n","protected":false},"excerpt":{"rendered":"<p>Por: Alejandro Borensztein Para: Clar\u00edn Todo lo maravilloso que hacen Milei y sus amigos es poca cosa cuando nos acordamos de lo lindo que era todo con Cristina y sus amigos. Es muy importante que la genialidad de los tipos que nos gobiernan hoy no nos haga olvidar la genialidad de los que nos gobernaron [&hellip;]<\/p>\n","protected":false},"author":3,"featured_media":7919,"comment_status":"closed","ping_status":"open","sticky":false,"template":"","format":"standard","meta":{"footnotes":""},"categories":[221,81,39],"tags":[290,291],"class_list":["post-7917","post","type-post","status-publish","format-standard","has-post-thumbnail","hentry","category-humor-disruptivo","category-nacional","category-politica","tag-alejandro-borensztein","tag-humor"],"blog_post_layout_featured_media_urls":{"thumbnail":["https:\/\/lavozdisruptiva.com\/wp-content\/uploads\/2025\/09\/Milei-caputo-150x150.jpg",150,150,true],"full":["https:\/\/lavozdisruptiva.com\/wp-content\/uploads\/2025\/09\/Milei-caputo.jpg",1256,620,false]},"categories_names":{"221":{"name":"Humor Disruptivo","link":"https:\/\/lavozdisruptiva.com\/index.php\/category\/humor-disruptivo\/"},"81":{"name":"Nacional","link":"https:\/\/lavozdisruptiva.com\/index.php\/category\/nacional\/"},"39":{"name":"Pol\u00edtica","link":"https:\/\/lavozdisruptiva.com\/index.php\/category\/politica\/"}},"tags_names":{"290":{"name":"Alejandro Borensztein","link":"https:\/\/lavozdisruptiva.com\/index.php\/tag\/alejandro-borensztein\/"},"291":{"name":"Humor","link":"https:\/\/lavozdisruptiva.com\/index.php\/tag\/humor\/"}},"comments_number":"0","wpmagazine_modules_lite_featured_media_urls":{"thumbnail":["https:\/\/lavozdisruptiva.com\/wp-content\/uploads\/2025\/09\/Milei-caputo-150x150.jpg",150,150,true],"cvmm-medium":["https:\/\/lavozdisruptiva.com\/wp-content\/uploads\/2025\/09\/Milei-caputo-300x300.jpg",300,300,true],"cvmm-medium-plus":["https:\/\/lavozdisruptiva.com\/wp-content\/uploads\/2025\/09\/Milei-caputo-305x207.jpg",305,207,true],"cvmm-portrait":["https:\/\/lavozdisruptiva.com\/wp-content\/uploads\/2025\/09\/Milei-caputo-400x600.jpg",400,600,true],"cvmm-medium-square":["https:\/\/lavozdisruptiva.com\/wp-content\/uploads\/2025\/09\/Milei-caputo-600x600.jpg",600,600,true],"cvmm-large":["https:\/\/lavozdisruptiva.com\/wp-content\/uploads\/2025\/09\/Milei-caputo-1024x620.jpg",1024,620,true],"cvmm-small":["https:\/\/lavozdisruptiva.com\/wp-content\/uploads\/2025\/09\/Milei-caputo-130x95.jpg",130,95,true],"full":["https:\/\/lavozdisruptiva.com\/wp-content\/uploads\/2025\/09\/Milei-caputo.jpg",1256,620,false]},"_links":{"self":[{"href":"https:\/\/lavozdisruptiva.com\/index.php\/wp-json\/wp\/v2\/posts\/7917","targetHints":{"allow":["GET"]}}],"collection":[{"href":"https:\/\/lavozdisruptiva.com\/index.php\/wp-json\/wp\/v2\/posts"}],"about":[{"href":"https:\/\/lavozdisruptiva.com\/index.php\/wp-json\/wp\/v2\/types\/post"}],"author":[{"embeddable":true,"href":"https:\/\/lavozdisruptiva.com\/index.php\/wp-json\/wp\/v2\/users\/3"}],"replies":[{"embeddable":true,"href":"https:\/\/lavozdisruptiva.com\/index.php\/wp-json\/wp\/v2\/comments?post=7917"}],"version-history":[{"count":2,"href":"https:\/\/lavozdisruptiva.com\/index.php\/wp-json\/wp\/v2\/posts\/7917\/revisions"}],"predecessor-version":[{"id":7920,"href":"https:\/\/lavozdisruptiva.com\/index.php\/wp-json\/wp\/v2\/posts\/7917\/revisions\/7920"}],"wp:featuredmedia":[{"embeddable":true,"href":"https:\/\/lavozdisruptiva.com\/index.php\/wp-json\/wp\/v2\/media\/7919"}],"wp:attachment":[{"href":"https:\/\/lavozdisruptiva.com\/index.php\/wp-json\/wp\/v2\/media?parent=7917"}],"wp:term":[{"taxonomy":"category","embeddable":true,"href":"https:\/\/lavozdisruptiva.com\/index.php\/wp-json\/wp\/v2\/categories?post=7917"},{"taxonomy":"post_tag","embeddable":true,"href":"https:\/\/lavozdisruptiva.com\/index.php\/wp-json\/wp\/v2\/tags?post=7917"}],"curies":[{"name":"wp","href":"https:\/\/api.w.org\/{rel}","templated":true}]}}