{"id":7501,"date":"2025-08-14T09:52:55","date_gmt":"2025-08-14T12:52:55","guid":{"rendered":"https:\/\/lavozdisruptiva.com\/?p=7501"},"modified":"2025-08-14T09:52:56","modified_gmt":"2025-08-14T12:52:56","slug":"en-medio-del-remate-de-los-bienes-de-cristina-kirchner-el-gobierno-y-la-corte-pelean-por-el-control-de-las-propiedades-incautadas","status":"publish","type":"post","link":"https:\/\/lavozdisruptiva.com\/index.php\/2025\/08\/14\/en-medio-del-remate-de-los-bienes-de-cristina-kirchner-el-gobierno-y-la-corte-pelean-por-el-control-de-las-propiedades-incautadas\/","title":{"rendered":"En medio del remate de los bienes de Cristina Kirchner, el Gobierno y la Corte pelean por el control de las propiedades incautadas"},"content":{"rendered":"\n<h2 class=\"wp-block-heading\" style=\"font-size:23px\"><strong>La discusi\u00f3n es para decidir qui\u00e9n obtendr\u00e1 y manejar\u00e1 las propiedades recuperadas de personas que cometieron delitos o actos de corrupci\u00f3n.<\/strong><\/h2>\n\n\n\n<p class=\"has-medium-font-size\">Mientras se decide qu\u00e9 ocurrir\u00e1 con el remate de las propiedades de la expresidenta Cristina Kirchner por su condena en la causa Vialidad, se gener\u00f3 un<strong>&nbsp;conflicto entre el&nbsp;Poder Judicial&nbsp;y el&nbsp;Poder Ejecutivo&nbsp;para decidir qui\u00e9n obtendr\u00e1 y manejar\u00e1 los bienes recuperados<\/strong>.<\/p>\n\n\n\n<p style=\"font-size:23px\"><strong>Reglamento Bienes Decomisados vs. Consejo Bienes Recuperados<\/strong><\/p>\n\n\n\n<p class=\"has-medium-font-size\">El 15 de julio&nbsp;<strong>la Corte cre\u00f3 un reglamento para&nbsp;bienes decomisados<\/strong>, <strong>reserv\u00e1ndose su registro y administraci\u00f3n<\/strong>; sin embargo,&nbsp;<strong>este mi\u00e9rcoles 13 de agosto, el Gobierno&nbsp;public\u00f3 en el Bolet\u00edn Oficial un decreto de necesidad y urgencia (DNU)<\/strong>,&nbsp;<strong>asign\u00e1ndose las mismas facultades<\/strong>&nbsp;y constituyendo un&nbsp;<strong>Consejo de Bienes Recuperados<\/strong>.<\/p>\n\n\n\n<p class=\"has-medium-font-size\">Este problema<strong>&nbsp;deber\u00e1 ser resuelto por la Justicia<\/strong>, ya que se enfrenta una acordada de la Corte, basada en la ley de autarqu\u00eda del Poder Judicial, contra un DNU presidencial.<\/p>\n\n\n\n<p class=\"has-medium-font-size\">Los jueces federales de Comodoro Py, que hasta el martes pasado mandaban reportes de los bienes decomisados a la Corte para que decida qu\u00e9 hacer con ellos, ahora no saben c\u00f3mo actuar. Una fuente de los tribunales que habl\u00f3 con<strong>\u00a0<em>La Naci\u00f3n<\/em>\u00a0<\/strong>explic\u00f3 que, posiblemente, se realice un planteo para\u00a0<strong>que la Corte decida.<\/strong><\/p>\n\n\n\n<figure class=\"wp-block-image size-full is-resized\"><img loading=\"lazy\" decoding=\"async\" width=\"768\" height=\"432\" src=\"https:\/\/lavozdisruptiva.com\/wp-content\/uploads\/2025\/08\/Ministro-justicia.webp\" alt=\"\" class=\"wp-image-7504\" style=\"width:840px;height:auto\" srcset=\"https:\/\/lavozdisruptiva.com\/wp-content\/uploads\/2025\/08\/Ministro-justicia.webp 768w, https:\/\/lavozdisruptiva.com\/wp-content\/uploads\/2025\/08\/Ministro-justicia-300x169.webp 300w\" sizes=\"auto, (max-width: 768px) 100vw, 768px\" \/><figcaption class=\"wp-element-caption\">El DNU determina que el Ministerio de Justicia, a cargo de Mariano C\u00faneo Libarona, se encarga de los bienes decomisados<\/figcaption><\/figure>\n\n\n\n<p class=\"has-medium-font-size\"><strong>El DNU 575\/2025<\/strong>, que se public\u00f3 este mi\u00e9rcoles en el Bolet\u00edn Oficial,<strong>\u00a0cambia, de manera impl\u00edcita, la ley\u00a0<\/strong>que establece que los bienes decomisados <strong>\u201c<em>son espec\u00edficos del Poder Judicial<\/em>\u201d, <\/strong>reservando para el<strong>\u00a0Ministerio de Justicia<\/strong>\u00a0\u201c<strong><em>la administraci\u00f3n y conservaci\u00f3n de estos bienes\u201d, con su trazabilidad, para \u201cgarantizar la transparencia en todas las etapas del proceso<\/em><\/strong>\u201d.<\/p>\n\n\n\n<p class=\"has-medium-font-size\"><strong>\u201c<em>Decreto de necesidad y urgencia mata acordada<\/em>\u201d<\/strong>, expresaron desde el Gobierno. Seg\u00fan su punto de vista, el DNU\u00a0<strong>\u201c<em>no solo ordena y sistematiza\u00a0un conjunto normativo actualmente disperso, sino que\u00a0ampl\u00eda sustancialmente el universo de bienes alcanzados\u00a0por las medidas de conservaci\u00f3n, administraci\u00f3n y disposici\u00f3n, al consolidar en una \u00fanica v\u00eda legal los recursos provenientes de procesos penales de la Justicia nacional y federal y de extinci\u00f3n de dominio\u201d<\/em><\/strong>.<\/p>\n\n\n\n<p class=\"has-medium-font-size\">El decreto presidencial adem\u00e1s detalla que la\u00a0<strong>Agencia de Administraci\u00f3n de Bienes del Estado funcionar\u00e1 como \u201c\u00f3rgano rector\u201d de los bienes inmuebles estatales<\/strong>. <a href=\"https:\/\/lavozdisruptiva.com\/index.php\/2025\/08\/13\/cristina-kirchner-y-los-condenados-de-vialidad-no-pagaron-los-us500-millones-y-la-justicia-ya-puede-empezar-a-ejecutar-los-bienes\/\" data-type=\"link\" data-id=\"https:\/\/lavozdisruptiva.com\/index.php\/2025\/08\/13\/cristina-kirchner-y-los-condenados-de-vialidad-no-pagaron-los-us500-millones-y-la-justicia-ya-puede-empezar-a-ejecutar-los-bienes\/\">Esto ocurre el mismo d\u00eda en que\u00a0termin\u00f3 el plazo para que Cristina Kirchner deposite, junto con el resto de los condenados por la causa Vialidad, los 530 millones de d\u00f3lares determinados por el Tribunal Oral para reparar el perjuicio econ\u00f3mico que le provocaron al Estado<\/a>.<\/p>\n\n\n\n<p class=\"has-medium-font-size\">Tambi\u00e9n se cre\u00f3 el\u00a0<strong>Consejo de Bienes Recuperados en favor del Estado Nacional<\/strong>, que estar\u00e1 a cargo de la \u201c<strong><em>supervisi\u00f3n, evaluaci\u00f3n y toma de decisiones orientadas a la coordinaci\u00f3n interinstitucional, la asignaci\u00f3n de recursos y el seguimiento de dichos bienes<\/em><\/strong>\u201d.<\/p>\n\n\n\n<h2 class=\"wp-block-heading\" style=\"font-size:23px\"><strong>Las medidas de la Corte para manejar los bienes decomisados por delitos<\/strong><\/h2>\n\n\n\n<p class=\"has-medium-font-size\"><strong>La Corte public\u00f3 hace apenas un mes dos acordadas<\/strong>: una para crear este registro y otra para definir c\u00f3mo se rematar\u00e1n de manera online los bienes decomisados a partir del pr\u00f3ximo 1\u00b0 de octubre. Si dan los tiempos en la causa Vialidad, podr\u00eda usarse este mecanismo, le dijeron fuentes judiciales a&nbsp;<em>La Naci\u00f3n<\/em>.<\/p>\n\n\n\n<figure class=\"wp-block-image\"><img decoding=\"async\" src=\"https:\/\/fotos.perfil.com\/\/2025\/07\/01\/900\/0\/corte-suprema-2052887.jpg?webp\" alt=\"Corte Suprema\"\/><figcaption class=\"wp-element-caption\">Corte Suprema de Justicia<\/figcaption><\/figure>\n\n\n\n<p class=\"has-medium-font-size\">La Corte determin\u00f3 que<strong>\u00a0<\/strong>los bienes decomisados y<strong>\u00a0lo recaudado por su remate \u2014o alquiler\u2014 son recursos espec\u00edficos y propios del Poder Judicial<\/strong>. \u201c<strong><em>Entre ellos est\u00e1n los efectos secuestrados en causas penales que no hayan podido entregarse a sus due\u00f1os<\/em><\/strong>\u201d, detallaron.<\/p>\n\n\n\n<p class=\"has-medium-font-size\">La Corte adem\u00e1s se asign\u00f3 la facultad para \u201c<strong><em>determinar el r\u00e9gimen de percepci\u00f3n, administraci\u00f3n y contralor de sus recursos<\/em><\/strong>\u201d, y \u201c<strong><em>adoptar las medidas que considere convenientes para efectuar el control y exigir el cobro de esos recursos<\/em><\/strong>\u201d.<\/p>\n\n\n\n<p class=\"has-medium-font-size\">En su acordada del 22 de julio pasado, regul\u00f3 el procedimiento para que otros organismos puedan tambi\u00e9n acceder a los bienes incautados, y transparentarlos en un registro que aparece en la p\u00e1gina oficial de la Corte.<\/p>\n\n\n\n<p class=\"has-medium-font-size\">La Corte puede autoasignarse estos bienes\u00a0<strong>para su propio uso, del Ministerio P\u00fablico Fiscal, del Poder Judicial, del Consejo de la Magistratura o \u201cd<em>e otras reparticiones\u00a0nacionales o locales que acrediten fehacientemente una finalidad de inter\u00e9s p\u00fablico, puedan ser beneficiarias de asignaciones provisorias de bienes muebles secuestrados que por su valor econ\u00f3mico y cultural puedan cumplir una utilidad social<\/em><\/strong>\u201d.<\/p>\n\n\n\n<p class=\"has-medium-font-size\">Por ese motivo, los publicar\u00e1n con las fotos correspondientes en la Base General de Datos de Bienes Secuestrados y\/o Comisados en Causas Penales de competencia de la Justicia Nacional y Federal (BBSD), que ser\u00e1 accesible al p\u00fablico en la p\u00e1gina digital de la Corte.&nbsp;<strong>Se proteger\u00e1 la identidad de los titulares<\/strong>&nbsp;de los bienes y de los terceros.<\/p>\n\n\n\n<p class=\"has-medium-font-size\"><strong>Los que reciban estos bienes deber\u00e1n mantenerlos y cuidarlos<\/strong>. Cuando se trate de embarcaciones, veh\u00edculos o aeronaves, quienes se hagan cargo de ellos deber\u00e1n abonar las multas por infracciones de tr\u00e1nsito.<\/p>\n\n\n\n<p class=\"has-medium-font-size\">Para realizar esta tarea, la Corte cre\u00f3 una<strong>&nbsp;Unidad de Coordinaci\u00f3n de la Direcci\u00f3n de Gesti\u00f3n Interna e Infraestructura<\/strong>; y orden\u00f3, en otra acordada, un procedimiento online de remate digital, que ofrece anonimato a los postores, participaci\u00f3n del p\u00fablico y control ciudadano. Es el&nbsp;<strong>Reglamento de Subastas Electr\u00f3nicas Judiciales<\/strong>.<\/p>\n\n\n\n<p class=\"has-medium-font-size\">Fuente: Con informaci\u00f3n de Infobae y La Naci\u00f3n<\/p>\n","protected":false},"excerpt":{"rendered":"<p>La discusi\u00f3n es para decidir qui\u00e9n obtendr\u00e1 y manejar\u00e1 las propiedades recuperadas de personas que cometieron delitos o actos de corrupci\u00f3n. Mientras se decide qu\u00e9 ocurrir\u00e1 con el remate de las propiedades de la expresidenta Cristina Kirchner por su condena en la causa Vialidad, se gener\u00f3 un&nbsp;conflicto entre el&nbsp;Poder Judicial&nbsp;y el&nbsp;Poder Ejecutivo&nbsp;para decidir qui\u00e9n obtendr\u00e1 [&hellip;]<\/p>\n","protected":false},"author":3,"featured_media":7505,"comment_status":"closed","ping_status":"open","sticky":false,"template":"","format":"standard","meta":{"footnotes":""},"categories":[4,48,39],"tags":[1316,1318,209,1319,644,1320],"class_list":["post-7501","post","type-post","status-publish","format-standard","has-post-thumbnail","hentry","category-economia","category-policiales","category-politica","tag-bienes-del-estado","tag-consejo-de-bienes-recuperados","tag-corte-suprema","tag-dnu-575-2025","tag-mariano-cuneo-libarona","tag-reglamento-bienes-decomisados"],"blog_post_layout_featured_media_urls":{"thumbnail":["https:\/\/lavozdisruptiva.com\/wp-content\/uploads\/2025\/08\/Bienes-recuperados-150x150.jpg",150,150,true],"full":["https:\/\/lavozdisruptiva.com\/wp-content\/uploads\/2025\/08\/Bienes-recuperados.jpg",1200,800,false]},"categories_names":{"4":{"name":"Econom\u00eda","link":"https:\/\/lavozdisruptiva.com\/index.php\/category\/economia\/"},"48":{"name":"Policiales","link":"https:\/\/lavozdisruptiva.com\/index.php\/category\/policiales\/"},"39":{"name":"Pol\u00edtica","link":"https:\/\/lavozdisruptiva.com\/index.php\/category\/politica\/"}},"tags_names":{"1316":{"name":"Bienes del Estado","link":"https:\/\/lavozdisruptiva.com\/index.php\/tag\/bienes-del-estado\/"},"1318":{"name":"Consejo de Bienes recuperados","link":"https:\/\/lavozdisruptiva.com\/index.php\/tag\/consejo-de-bienes-recuperados\/"},"209":{"name":"Corte Suprema","link":"https:\/\/lavozdisruptiva.com\/index.php\/tag\/corte-suprema\/"},"1319":{"name":"DNU 575\/2025","link":"https:\/\/lavozdisruptiva.com\/index.php\/tag\/dnu-575-2025\/"},"644":{"name":"Mariano C\u00faneo Libarona","link":"https:\/\/lavozdisruptiva.com\/index.php\/tag\/mariano-cuneo-libarona\/"},"1320":{"name":"Reglamento Bienes Decomisados","link":"https:\/\/lavozdisruptiva.com\/index.php\/tag\/reglamento-bienes-decomisados\/"}},"comments_number":"0","wpmagazine_modules_lite_featured_media_urls":{"thumbnail":["https:\/\/lavozdisruptiva.com\/wp-content\/uploads\/2025\/08\/Bienes-recuperados-150x150.jpg",150,150,true],"cvmm-medium":["https:\/\/lavozdisruptiva.com\/wp-content\/uploads\/2025\/08\/Bienes-recuperados-300x300.jpg",300,300,true],"cvmm-medium-plus":["https:\/\/lavozdisruptiva.com\/wp-content\/uploads\/2025\/08\/Bienes-recuperados-305x207.jpg",305,207,true],"cvmm-portrait":["https:\/\/lavozdisruptiva.com\/wp-content\/uploads\/2025\/08\/Bienes-recuperados-400x600.jpg",400,600,true],"cvmm-medium-square":["https:\/\/lavozdisruptiva.com\/wp-content\/uploads\/2025\/08\/Bienes-recuperados-600x600.jpg",600,600,true],"cvmm-large":["https:\/\/lavozdisruptiva.com\/wp-content\/uploads\/2025\/08\/Bienes-recuperados-1024x800.jpg",1024,800,true],"cvmm-small":["https:\/\/lavozdisruptiva.com\/wp-content\/uploads\/2025\/08\/Bienes-recuperados-130x95.jpg",130,95,true],"full":["https:\/\/lavozdisruptiva.com\/wp-content\/uploads\/2025\/08\/Bienes-recuperados.jpg",1200,800,false]},"_links":{"self":[{"href":"https:\/\/lavozdisruptiva.com\/index.php\/wp-json\/wp\/v2\/posts\/7501","targetHints":{"allow":["GET"]}}],"collection":[{"href":"https:\/\/lavozdisruptiva.com\/index.php\/wp-json\/wp\/v2\/posts"}],"about":[{"href":"https:\/\/lavozdisruptiva.com\/index.php\/wp-json\/wp\/v2\/types\/post"}],"author":[{"embeddable":true,"href":"https:\/\/lavozdisruptiva.com\/index.php\/wp-json\/wp\/v2\/users\/3"}],"replies":[{"embeddable":true,"href":"https:\/\/lavozdisruptiva.com\/index.php\/wp-json\/wp\/v2\/comments?post=7501"}],"version-history":[{"count":3,"href":"https:\/\/lavozdisruptiva.com\/index.php\/wp-json\/wp\/v2\/posts\/7501\/revisions"}],"predecessor-version":[{"id":7506,"href":"https:\/\/lavozdisruptiva.com\/index.php\/wp-json\/wp\/v2\/posts\/7501\/revisions\/7506"}],"wp:featuredmedia":[{"embeddable":true,"href":"https:\/\/lavozdisruptiva.com\/index.php\/wp-json\/wp\/v2\/media\/7505"}],"wp:attachment":[{"href":"https:\/\/lavozdisruptiva.com\/index.php\/wp-json\/wp\/v2\/media?parent=7501"}],"wp:term":[{"taxonomy":"category","embeddable":true,"href":"https:\/\/lavozdisruptiva.com\/index.php\/wp-json\/wp\/v2\/categories?post=7501"},{"taxonomy":"post_tag","embeddable":true,"href":"https:\/\/lavozdisruptiva.com\/index.php\/wp-json\/wp\/v2\/tags?post=7501"}],"curies":[{"name":"wp","href":"https:\/\/api.w.org\/{rel}","templated":true}]}}