{"id":738,"date":"2023-08-14T11:07:21","date_gmt":"2023-08-14T14:07:21","guid":{"rendered":"https:\/\/lavozdisruptiva.com\/?p=738"},"modified":"2023-08-14T11:07:22","modified_gmt":"2023-08-14T14:07:22","slug":"javier-milei-logro-un-sorprendente-triunfo-y-la-pelea-sigue-abierta-con-patricia-bullrich-y-sergio-massa","status":"publish","type":"post","link":"https:\/\/lavozdisruptiva.com\/index.php\/2023\/08\/14\/javier-milei-logro-un-sorprendente-triunfo-y-la-pelea-sigue-abierta-con-patricia-bullrich-y-sergio-massa\/","title":{"rendered":"Javier Milei logr\u00f3 un sorprendente triunfo, y la pelea sigue abierta con Patricia Bullrich y Sergio Massa"},"content":{"rendered":"\n<h2 class=\"wp-block-heading has-medium-font-size\">El libertario qued\u00f3 primero en las PASO, con 30 puntos, seguido por Bullrich, que derrot\u00f3 a Rodr\u00edguez Larreta en la interna. Tercero fue Sergio Massa, en una ca\u00edda hist\u00f3rica del peronismo. La paridad de tercios dej\u00f3 el desenlace abierto.<a rel=\"noreferrer noopener\" href=\"https:\/\/www.clarin.com\/autor\/guido-braslavsky.html\" target=\"_blank\"><\/a><\/h2>\n\n\n\n<p>Por: <a rel=\"noreferrer noopener\" href=\"https:\/\/www.clarin.com\/autor\/guido-braslavsky.html\" target=\"_blank\">Guido Braslavsky<\/a><\/p>\n\n\n\n<p>14\/08\/2023 <\/p>\n\n\n\n<ul class=\"wp-block-list\">\n<li><a href=\"https:\/\/www.clarin.com\/\"><strong>Clar\u00edn.com<\/strong><\/a><\/li>\n<\/ul>\n\n\n\n<p class=\"has-medium-font-size\">Fuera de todas las previsiones, en un fen\u00f3meno electoral que recorri\u00f3 a millones de argentinos y que la pol\u00edtica tradicional, estudios de opini\u00f3n p\u00fablica y la mayor\u00eda de los medios no vieron venir,<strong>&nbsp;Javier Milei dio el batacazo y fue el gran ganador de las primarias de este domingo.<\/strong><\/p>\n\n\n\n<p class=\"has-medium-font-size\"><strong>\u200b<\/strong>&nbsp;Rumbo a las generales presidenciales del 22 de octubre&nbsp;<strong>se abre ahora un escenario in\u00e9dito, producto del resultado disruptivo<\/strong>&nbsp;de las PASO: se enfrentar\u00e1n Milei con<strong>&nbsp;Patricia Bullrich<\/strong>, que venci\u00f3 en la dura interna cambiemita y por amplio margen a<strong>&nbsp;Horacio Rodr\u00edguez Larreta;<\/strong>&nbsp;y el oficialismo que encarna<strong>&nbsp;Sergio Massa<\/strong>, que pele\u00f3 hasta la madrugada el segundo lugar a JxC, pero qued\u00f3&nbsp;tercero, en&nbsp;<strong>la peor elecci\u00f3n del peronismo en toda su historia.<\/strong><\/p>\n\n\n\n<p class=\"has-medium-font-size\"><strong>Milei lograba 30 puntos, m\u00e1s que la suma de Bullrich y Larreta, con 28, y la de Massa con Juan Grabois, que pasaba los 27<\/strong>. Las dos grandes coaliciones<strong>&nbsp;fueron las grandes perdedoras:&nbsp;<\/strong>el oficialismo, en&nbsp;<strong>estado de shock<\/strong>, qued\u00f3 con serios interrogantes respecto a poder meterse en un eventual balotaje; y Juntos por el Cambio, que hace dos a\u00f1os en las legislativas obten\u00eda un triunfo rotundo que encaminaba a la coalici\u00f3n como favorita para volver al poder en este 2023, tampoco tiene el pase asegurado.<\/p>\n\n\n\n<h2 class=\"wp-block-heading\">Tercios impensados<\/h2>\n\n\n\n<p class=\"has-medium-font-size\">Si bien se baraj\u00f3 en alg\u00fan momento de la campa\u00f1a un escenario de tercios,&nbsp;<strong>no fue en el modo en que finalmente sucedi\u00f3.&nbsp;<\/strong>Milei qued\u00f3 mirando desde arriba&nbsp;<strong>en un fen\u00f3meno que se extendi\u00f3 a toda la geograf\u00eda nacional.&nbsp;<\/strong>En estas primarias,&nbsp;<strong>el mapa del pa\u00eds se pint\u00f3 impensadamente del violeta de La Libertad Avanza, una fuerza nueva, sin estructura y basada en el extra\u00f1o y pol\u00e9mico carisma del economista<\/strong>.<\/p>\n\n\n\n<p class=\"has-medium-font-size\">Gan\u00f3 en 16&nbsp;de 24 distritos, con excepci\u00f3n de la Ciudad, Buenos Aires y un pu\u00f1ado de provincias. Lo de Milei es un fen\u00f3meno, pero muy&nbsp;<strong>individual<\/strong>. Gan\u00f3 en distritos donde en las provinciales a sus candidatos o seguidores, les hab\u00eda ido mal, o regular.&nbsp;<strong>Ejemplos que sorprenden<\/strong>: fue primero en Jujuy con 40 puntos, en Tucum\u00e1n con 35, en Chubut 39, Misiones 43, casi 50 en Salta. Las elecciones concurrentes en la Ciudad perjudicaron a su candidato a jefe de gobierno Ramiro Marra. All\u00ed no se le traspasaron los votos, ya que obtuvo apenas 12%.<\/p>\n\n\n\n<p class=\"has-medium-font-size\"><strong>De mantenerse este escenario de tercios tan parejos, Milei pic\u00f3 en punta para obtener su boleto, aunque tampoco tiene asegurado el ingreso al balotaje.<\/strong>&nbsp;Su irrupci\u00f3n suma variantes a la ya compleja situaci\u00f3n econ\u00f3mica y<a target=\"_blank\" href=\"https:\/\/www.clarin.com\/economia\/empresarios-crece-incertidumbre-dudas-acerca-medidas-puede-tomar-massa_0_M0f67IZCIL.html\" rel=\"noreferrer noopener\">&nbsp;a&nbsp;<strong>una incertidumbre que empezar\u00e1 a despejarse -o no- con la apertura hoy de los mercados.<\/strong><\/a><\/p>\n\n\n\n<p class=\"has-medium-font-size\">En estas elecciones vot\u00f3 el 68,5% del padr\u00f3n, el segundo porcentaje m\u00e1s bajo desde la recuperaci\u00f3n de la democracia en 1983 (en pandemia en 2021, las PASO legislativas fueron de 67,78%).<\/p>\n\n\n\n<h2 class=\"wp-block-heading\">Ganadores y perdedores<\/h2>\n\n\n\n<p class=\"has-medium-font-size\">En el b\u00fanker de Juntos por el Cambio en Parque Norte&nbsp;hubo preocupaci\u00f3n por los datos que se iban recibiendo. Bullrich celebr\u00f3 su triunfo sobre Larreta,&nbsp;<strong>pero lejos de la euforia<\/strong>. \u201cTenemos la oportunidad de conducir y liderar un cambio profundo para la Argentina\u201d, dijo la ex ministra desde el escenario, flanqueada por&nbsp;<strong>Luis Petri,&nbsp;<\/strong>su compa\u00f1ero de f\u00f3rmula, mientras abajo coreaban \u201c\u00a1Patricia presidente!\u201d La ex ministra, cautelosa,&nbsp;<strong>no dio se\u00f1ales de c\u00f3mo se parar\u00e1 pol\u00edtica y discursivamente en la contienda que viene.<\/strong><\/p>\n\n\n\n<p class=\"has-medium-font-size\">En un<strong>&nbsp;gesto de unidad<\/strong>&nbsp;-necesitar\u00e1n consolidar el espacio para tener chances- Larreta y Gerardo Morales tambi\u00e9n subieron al escenario, y luego Mauricio Macri.&nbsp;<a target=\"_blank\" href=\"https:\/\/www.clarin.com\/politica\/patricia-bullrich-festejo-triunfo-interna-horacio-rodriguez-larreta-hizo-guinos-javier-milei_0_wd7vNnNL6o.html\" rel=\"noreferrer noopener\">Bullrich tuvo un gui\u00f1o a Milei, al que felicit\u00f3,<\/a>&nbsp;<strong>y Macri mostr\u00f3 satisfacci\u00f3n no exenta de ambig\u00fcedad, al afirmar que hay \u201cun cambio de era\u201d en el pa\u00eds.<\/strong><\/p>\n\n\n\n<p class=\"has-medium-font-size\">Un rato m\u00e1s tarde, en el Hotel Libertador, Milei arranc\u00f3 con el grito de guerra \u201cViva la libertad carajo\u201d, y defini\u00f3:<strong>&nbsp;\u201cEsta alternativa no solo dar\u00e1 al fin al kirchnerismo, dar\u00e1 fin a toda la casta pol\u00edtica chorra parasitaria in\u00fatil que hunde este pa\u00eds\u201d.<\/strong><\/p>\n\n\n\n<p class=\"has-medium-font-size\">&nbsp;Destac\u00f3 que obtendr\u00eda de repetirse este resultado, 8 bancas de senadores y 35 diputados. \u201cEstamos en condiciones de ganar en primera vuelta\u201d, areng\u00f3, aunque el escenario, como est\u00e1, no deja esa posibilidad abierta.<\/p>\n\n\n\n<p class=\"has-medium-font-size\">En el b\u00fanker de Uni\u00f3n por la Patria, Massa busc\u00f3 poner al mal tiempo buena cara, y mantener la expectativa:<strong>&nbsp;\u201cEs el final del primer tiempo, viene el segundo, el alargue y los penales y vamos a estar peleando hasta el \u00faltimo minuto\u201d,<\/strong>&nbsp;exclam\u00f3.<\/p>\n\n\n\n<p class=\"has-medium-font-size\"><a target=\"_blank\" href=\"https:\/\/www.clarin.com\/politica\/golpeado-derrota-sergio-massa-salio-caza-voto-moderado-prometio-dar-pelea-ultimo-minuto-_0_ikOp9M44v3.html\" rel=\"noreferrer noopener\">Esbozando alguna estrategia, habl\u00f3 de \u201cun pr\u00f3ximo gobierno de unidad nacional\u201d.<\/a>&nbsp;Desde hoy, Massa seguir\u00e1 conviviendo adem\u00e1s con&nbsp;<strong>los nubarrones espesos de la econom\u00eda<\/strong>, que evidentemente le pasaron factura en las urnas, con una inflaci\u00f3n de 115% anual, ca\u00edda en salarios y jubilaciones, y un&nbsp;<strong>agravamiento de la pobreza&nbsp;<\/strong>que deja como herencia el gobierno de Alberto Fern\u00e1ndez y Cristina Kirchner -en torno al 43% de la poblaci\u00f3n-, mucho m\u00e1s dram\u00e1tica que la recibida en 2019 de Macri, cuando se supon\u00eda ven\u00edan a cambiar el rumbo de las cosas.<\/p>\n\n\n\n<p class=\"has-medium-font-size\">Para la vice y los K duros, camina<strong>&nbsp;con alta dosis de riesgo su plan de resistencia\/refugio en la Provincia<\/strong>: Axel Kicillof fue el m\u00e1s votado con 36%, pero gracias a la divisi\u00f3n opositora. En rigor, en esta debacle peronista&nbsp;<strong>perdi\u00f3 2,4 millones de votos, la mitad del apoyo respecto de su triunfo en 2019.<\/strong><\/p>\n\n\n\n<p class=\"has-medium-font-size\"><strong>\u200b<\/strong>El arrastre de Bullrich llev\u00f3 a que&nbsp;<strong>N\u00e9stor Grindetti<\/strong>&nbsp;ganara la interna por poco a<strong>&nbsp;Diego Santilli;<\/strong>&nbsp;sumaron 33% y le pisan los talones al gobernador. Carolina P\u00edparo de La Libertad Avanza, se qued\u00f3 con un jugoso 23,7% -fue segunda individualmente-.<strong>&nbsp;Igual que en la Gobernaci\u00f3n, la irrupci\u00f3n de La Libertad Avanza dividi\u00f3 el voto opositor y permiti\u00f3 que ganaran las PASO muchos alcaldes K y peronistas.<\/strong><\/p>\n\n\n\n<p class=\"has-medium-font-size\">En la Ciudad, Jorge Macri le gan\u00f3 la interna por escaso margen al radical Mart\u00edn Lousteau -sumaron entre ambos 55%-, y el kirchnerista Leandro Santoro qued\u00f3 lejos con 22%.<\/p>\n\n\n\n<p class=\"has-medium-font-size\">El peronista Juan Schiaretti (4%) y Myriam Bregman (2,6) superaron el piso de las PASO y quedaron en la competencia presidencial para octubre.<\/p>\n\n\n\n<p>Fuente: Diario Clarin<\/p>\n","protected":false},"excerpt":{"rendered":"<p>El libertario qued\u00f3 primero en las PASO, con 30 puntos, seguido por Bullrich, que derrot\u00f3 a Rodr\u00edguez Larreta en la interna. Tercero fue Sergio Massa, en una ca\u00edda hist\u00f3rica del peronismo. La paridad de tercios dej\u00f3 el desenlace abierto. Por: Guido Braslavsky 14\/08\/2023 Fuera de todas las previsiones, en un fen\u00f3meno electoral que recorri\u00f3 a [&hellip;]<\/p>\n","protected":false},"author":3,"featured_media":739,"comment_status":"closed","ping_status":"open","sticky":false,"template":"","format":"standard","meta":{"footnotes":""},"categories":[6,39],"tags":[65,44,40],"class_list":["post-738","post","type-post","status-publish","format-standard","has-post-thumbnail","hentry","category-noticias","category-politica","tag-elecciones-paso-2023","tag-milei","tag-politica"],"blog_post_layout_featured_media_urls":{"thumbnail":["https:\/\/lavozdisruptiva.com\/wp-content\/uploads\/2023\/08\/Milei-150x150.jpg",150,150,true],"full":["https:\/\/lavozdisruptiva.com\/wp-content\/uploads\/2023\/08\/Milei.jpg",1200,800,false]},"categories_names":{"6":{"name":"Noticias","link":"https:\/\/lavozdisruptiva.com\/index.php\/category\/noticias\/"},"39":{"name":"Pol\u00edtica","link":"https:\/\/lavozdisruptiva.com\/index.php\/category\/politica\/"}},"tags_names":{"65":{"name":"Elecciones Paso 2023","link":"https:\/\/lavozdisruptiva.com\/index.php\/tag\/elecciones-paso-2023\/"},"44":{"name":"Milei","link":"https:\/\/lavozdisruptiva.com\/index.php\/tag\/milei\/"},"40":{"name":"Pol\u00edtica","link":"https:\/\/lavozdisruptiva.com\/index.php\/tag\/politica\/"}},"comments_number":"0","wpmagazine_modules_lite_featured_media_urls":{"thumbnail":["https:\/\/lavozdisruptiva.com\/wp-content\/uploads\/2023\/08\/Milei-150x150.jpg",150,150,true],"cvmm-medium":["https:\/\/lavozdisruptiva.com\/wp-content\/uploads\/2023\/08\/Milei-300x300.jpg",300,300,true],"cvmm-medium-plus":["https:\/\/lavozdisruptiva.com\/wp-content\/uploads\/2023\/08\/Milei-305x207.jpg",305,207,true],"cvmm-portrait":["https:\/\/lavozdisruptiva.com\/wp-content\/uploads\/2023\/08\/Milei-400x600.jpg",400,600,true],"cvmm-medium-square":["https:\/\/lavozdisruptiva.com\/wp-content\/uploads\/2023\/08\/Milei-600x600.jpg",600,600,true],"cvmm-large":["https:\/\/lavozdisruptiva.com\/wp-content\/uploads\/2023\/08\/Milei-1024x800.jpg",1024,800,true],"cvmm-small":["https:\/\/lavozdisruptiva.com\/wp-content\/uploads\/2023\/08\/Milei-130x95.jpg",130,95,true],"full":["https:\/\/lavozdisruptiva.com\/wp-content\/uploads\/2023\/08\/Milei.jpg",1200,800,false]},"_links":{"self":[{"href":"https:\/\/lavozdisruptiva.com\/index.php\/wp-json\/wp\/v2\/posts\/738","targetHints":{"allow":["GET"]}}],"collection":[{"href":"https:\/\/lavozdisruptiva.com\/index.php\/wp-json\/wp\/v2\/posts"}],"about":[{"href":"https:\/\/lavozdisruptiva.com\/index.php\/wp-json\/wp\/v2\/types\/post"}],"author":[{"embeddable":true,"href":"https:\/\/lavozdisruptiva.com\/index.php\/wp-json\/wp\/v2\/users\/3"}],"replies":[{"embeddable":true,"href":"https:\/\/lavozdisruptiva.com\/index.php\/wp-json\/wp\/v2\/comments?post=738"}],"version-history":[{"count":2,"href":"https:\/\/lavozdisruptiva.com\/index.php\/wp-json\/wp\/v2\/posts\/738\/revisions"}],"predecessor-version":[{"id":741,"href":"https:\/\/lavozdisruptiva.com\/index.php\/wp-json\/wp\/v2\/posts\/738\/revisions\/741"}],"wp:featuredmedia":[{"embeddable":true,"href":"https:\/\/lavozdisruptiva.com\/index.php\/wp-json\/wp\/v2\/media\/739"}],"wp:attachment":[{"href":"https:\/\/lavozdisruptiva.com\/index.php\/wp-json\/wp\/v2\/media?parent=738"}],"wp:term":[{"taxonomy":"category","embeddable":true,"href":"https:\/\/lavozdisruptiva.com\/index.php\/wp-json\/wp\/v2\/categories?post=738"},{"taxonomy":"post_tag","embeddable":true,"href":"https:\/\/lavozdisruptiva.com\/index.php\/wp-json\/wp\/v2\/tags?post=738"}],"curies":[{"name":"wp","href":"https:\/\/api.w.org\/{rel}","templated":true}]}}