{"id":733,"date":"2023-08-14T09:15:49","date_gmt":"2023-08-14T12:15:49","guid":{"rendered":"https:\/\/lavozdisruptiva.com\/?p=733"},"modified":"2023-08-14T09:16:47","modified_gmt":"2023-08-14T12:16:47","slug":"river-vuelve-al-trabajo-y-demichelis-define-el-plantel-para-el-segundo-semestre","status":"publish","type":"post","link":"https:\/\/lavozdisruptiva.com\/index.php\/2023\/08\/14\/river-vuelve-al-trabajo-y-demichelis-define-el-plantel-para-el-segundo-semestre\/","title":{"rendered":"River vuelve al trabajo y Demichelis define el plantel para el segundo semestre"},"content":{"rendered":"\n<p>Despu\u00e9s de la mini licencia tras la eliminaci\u00f3n, Micho se reunir\u00e1 con sus dirigidos en Ezeiza y empezar\u00e1 a tomar decisiones con respecto a posibles salidas ante la actual superpoblaci\u00f3n de jugadores. \u00bfQui\u00e9nes podr\u00edan irse?<\/p>\n\n\n\n<p>R<strong>iver pone primera.<\/strong>&nbsp;Tras una serie de d\u00edas de vacaciones con el objetivo de despejar la mente y dejar atr\u00e1s la dolorosa eliminaci\u00f3n de la Copa Libertadores, el Millonario cambia el chip y retoma las tareas en el predio de Ezeiza para&nbsp;<strong>encarar una semana en la que se prev\u00e9 que haya muchas novedades sobre todo en materia de salidas.<\/strong><\/p>\n\n\n\n<p>Sin el m\u00e1ximo certamen continental por delante y tambi\u00e9n fuera de la carrera en la Copa Argentina,&nbsp;<strong>la idea de Mart\u00edn Demichelis es aprovechar estos d\u00edas para tomar decisiones claves en vistas a la conformaci\u00f3n del plantel&nbsp;<\/strong>para afrontar la \u00fanica competencia que le queda para lo que resta del a\u00f1o: la Copa Liga Profesional, certamen en el que debutar\u00e1 en la noche del domingo ante Argentinos.<\/p>\n\n\n\n<p>Lo cierto es que hoy&nbsp;<strong>River cuenta con 33 futbolistas profesionales,<\/strong>&nbsp;m\u00e1s algunos juveniles que ya han empezado a ser vistos para la Primera<strong>, lo que naturalmente constituye una superpoblaci\u00f3n teniendo en cuenta que afrontar\u00e1 una sola competencia hasta fin de a\u00f1o.<\/strong>&nbsp;A este listado, ya fueron quitados los que acaban de arreglar sus salidas, como Franco Alfonso, que se ir\u00e1 a Hurac\u00e1n, y Tom\u00e1s Castro Ponce, quien desembarc\u00f3 a pr\u00e9stamo en Atl\u00e9tico Tucum\u00e1n. Lo mismo Nahuel Gallardo, que decidi\u00f3 rescindir.<\/p>\n\n\n\n<p>A\u00fan as\u00ed, siguen siendo demasiadas opciones y por eso&nbsp;<strong>Demichelis les comunicar\u00e1 uno por uno a sus dirigidos esta tarde qu\u00e9 lugar ocupan en sus planes<\/strong>, para que luego cada uno tome una determinaci\u00f3n con respecto a su futuro: si buscar una salida o quedarse a pelearla.<\/p>\n\n\n\n<p><a href=\"https:\/\/www.tycsports.com\/al-angulo\/ruben-bruno-gol-river-campeon-metropolitano-1975-id528914.html\"><\/a><\/p>\n\n\n\n<p>MIR\u00c1 TAMBI\u00c9N<\/p>\n\n\n\n<h2 class=\"wp-block-heading\"><a href=\"https:\/\/www.tycsports.com\/al-angulo\/ruben-bruno-gol-river-campeon-metropolitano-1975-id528914.html\">Rub\u00e9n Bruno, el pibe de River que rompi\u00f3 con la sequ\u00eda de 18 a\u00f1os sin salir campe\u00f3n<\/a><\/h2>\n\n\n\n<p><a href=\"https:\/\/www.tycsports.com\/al-angulo\/ruben-bruno-gol-river-campeon-metropolitano-1975-id528914.html\">Ver ahora<\/a><\/p>\n\n\n\n<h2 class=\"wp-block-heading\">Qu\u00e9 jugadores de River podr\u00edan irse en este mercado de pases<\/h2>\n\n\n\n<p>Con este panorama, ya hay varios candidatos a los que apuntar\u00e1n a buscarles una salida o que estar\u00e1n abiertos a negociarlos. Arrancando desde el fondo, los centrales es donde m\u00e1s nombres hay para dos lugares y con Pirez afianzado junto a Paulo D\u00edaz, m\u00e1s la llegada del Ramiro Funes Mori, los dem\u00e1s corren bastante de atr\u00e1s.&nbsp;<strong>Jonatan Maidana transita sus \u00faltimos meses<\/strong>, aunque su contrato vence en diciembre y por eso podr\u00eda quedarse. A\u00fan as\u00ed es improbable que juegue.<\/p>\n\n\n\n<p>En tanto,&nbsp;<strong>Emanuel Mammana<\/strong>, quien ha tenido varios problemas en la rodilla el \u00faltimo tiempo luego de un gran 2022, es otro que&nbsp;<strong>podr\u00eda buscar nuevos horizontes.&nbsp;<\/strong>Similar es la situaci\u00f3n de&nbsp;<a href=\"https:\/\/www.tycsports.com\/river-plate\/river-oferta-velez-robert-rojas-comprar-prestamo-elias-gomez-id528798.html\" target=\"_blank\" rel=\"noreferrer noopener\">Robert Rojas, que est\u00e1 negociando una posible partida a V\u00e9lez en este mercado.<\/a><\/p>\n\n\n\n<figure class=\"wp-block-image\"><img decoding=\"async\" src=\"https:\/\/media.tycsports.com\/files\/2023\/08\/02\/600686\/demichelis-rojas_w416.webp\" alt=\"Demichelis - Rojas\" title=\"Demichelis - Rojas\"\/><\/figure>\n\n\n\n<p>En el lateral derecho, con Milton Casco como titular,&nbsp;<strong>Andr\u00e9s Herrera tambi\u00e9n tiene chances de emigrar pese a que es la \u00fanica alternativa natural en el puesto.<\/strong>&nbsp;Incluso, el ex-San Lorenzo ni siquiera fue convocado ante Inter, como sucedi\u00f3 con Mammana y El\u00edas G\u00f3mez, el lateral izquierdo que es otro que tiene muchas chances de marcharse. En este mercado Nacional de Uruguay lo quiso, pero se cay\u00f3 el pase y ahora el Fort\u00edn lidera la carrera para llev\u00e1rselo. A su vez,&nbsp;<strong>Tom\u00e1s Lecanda, que se recuper\u00f3 de una lesi\u00f3n ligamentaria, ya estaba en la lista de los que partir\u00e1n.<\/strong><\/p>\n\n\n\n<p>En cuanto al mediocampo,<strong>&nbsp;uno de los jugadores m\u00e1s pretendidos es Jos\u00e9 Paradela<\/strong>, por quien Racing se interes\u00f3 mucho en los \u00faltimos mercados. Si bien arranc\u00f3 como titular, el ex-Gimnasia perdi\u00f3 mucho terreno y hace tiempo que no juega.&nbsp;<strong>Mismo camino podr\u00eda seguir Agust\u00edn Palavecino, que ya fue tentado desde Europa, pese a que ha tenido m\u00e1s minutos.<\/strong><\/p>\n\n\n\n<figure class=\"wp-block-image\"><img decoding=\"async\" src=\"https:\/\/media.tycsports.com\/files\/2023\/06\/29\/586980\/jose-paradela_w416.webp\" alt=\"jose paradela\" title=\"jose paradela\"\/><\/figure>\n\n\n\n<p>Por su parte<strong>, Bruno Zuculini,<\/strong>&nbsp;quien en la pretemporada sufri\u00f3 la ruptura del ligamento cruzado anterior de su rodilla izquierda y se est\u00e1 recuperando, tambi\u00e9n<strong>&nbsp;es otro que deber\u00e1 evaluar su futuro<\/strong>&nbsp;porque hoy el reemplazante de Enzo P\u00e9rez -que est\u00e1 en la lista de los que podr\u00edan irse en diciembre- es Mat\u00edas Kranevitter.<\/p>\n\n\n\n<p><strong>\u00bfY Nicol\u00e1s de la Cruz?<\/strong>&nbsp;Este es un caso particular, porque nadie en N\u00fa\u00f1ez quiere ver partir a una de sus principales figuras, pero&nbsp;<strong>la realidad es que es uno de los candidatos a salir.&nbsp;<\/strong>Ya hab\u00eda estado cerca de irse en el \u00faltimo mercado y en este per\u00edodo&nbsp;<a href=\"https:\/\/www.tycsports.com\/river-plate\/river-oferta-a-de-la-cruz-al-duhail-qatar-id528296.html\" target=\"_blank\" rel=\"noreferrer noopener\">est\u00e1 siendo tentado por el Al Duhail de Qatar<\/a>&nbsp;que dirige Hern\u00e1n Crespo. Por lo tanto, el jugador que es una de las grandes figuras de River en los \u00faltimos a\u00f1os, es probable que continu\u00e9 su carrera en otro club: el destino depender\u00e1 de si acepta irse a una liga menor que lo aleje de la selecci\u00f3n charr\u00faa o si quiere seguir compitiendo en el primer nivel, pero lo cierto es que ofrecimientos no le faltar\u00e1n.<\/p>\n\n\n\n<figure class=\"wp-block-image\"><img decoding=\"async\" src=\"https:\/\/media.tycsports.com\/files\/2023\/08\/02\/600711\/nicolas-de-la-cruz_w416.webp\" alt=\"Nicol\u00e1s de la Cruz\" title=\"Nicol\u00e1s de la Cruz\"\/><\/figure>\n\n\n\n<p>Por \u00faltimo, en el ataque<strong>&nbsp;Agust\u00edn Fontana<\/strong>, a quien Demichelis no tiene en cuenta desde su regreso a fines de 2022,<strong>&nbsp;est\u00e1 en la b\u00fasqueda de un nuevo club&nbsp;<\/strong>mientras sigue entren\u00e1ndose en el River Camp como en los \u00faltimos meses; mientras que<strong>&nbsp;Mat\u00edas Su\u00e1rez<\/strong>, que ha tenido que lidiar con una sinovitis cr\u00f3nica en su rodilla derecha y ha jugado muy poco,&nbsp;<strong>deber\u00e1 definir su continuidad.<\/strong><\/p>\n\n\n\n<p>Fuente :TyC Sports <\/p>\n","protected":false},"excerpt":{"rendered":"<p>Despu\u00e9s de la mini licencia tras la eliminaci\u00f3n, Micho se reunir\u00e1 con sus dirigidos en Ezeiza y empezar\u00e1 a tomar decisiones con respecto a posibles salidas ante la actual superpoblaci\u00f3n de jugadores. \u00bfQui\u00e9nes podr\u00edan irse? River pone primera.&nbsp;Tras una serie de d\u00edas de vacaciones con el objetivo de despejar la mente y dejar atr\u00e1s la [&hellip;]<\/p>\n","protected":false},"author":2,"featured_media":734,"comment_status":"closed","ping_status":"open","sticky":false,"template":"","format":"standard","meta":{"footnotes":""},"categories":[8],"tags":[73,75,74],"class_list":["post-733","post","type-post","status-publish","format-standard","has-post-thumbnail","hentry","category-deportes","tag-deporte","tag-futbol-2","tag-river"],"blog_post_layout_featured_media_urls":{"thumbnail":["https:\/\/lavozdisruptiva.com\/wp-content\/uploads\/2023\/08\/river-entrenamiento_w862-150x150.webp",150,150,true],"full":["https:\/\/lavozdisruptiva.com\/wp-content\/uploads\/2023\/08\/river-entrenamiento_w862.webp",862,575,false]},"categories_names":{"8":{"name":"Deportes","link":"https:\/\/lavozdisruptiva.com\/index.php\/category\/deportes\/"}},"tags_names":{"73":{"name":"Deporte","link":"https:\/\/lavozdisruptiva.com\/index.php\/tag\/deporte\/"},"75":{"name":"Futbol","link":"https:\/\/lavozdisruptiva.com\/index.php\/tag\/futbol-2\/"},"74":{"name":"River","link":"https:\/\/lavozdisruptiva.com\/index.php\/tag\/river\/"}},"comments_number":"0","wpmagazine_modules_lite_featured_media_urls":{"thumbnail":["https:\/\/lavozdisruptiva.com\/wp-content\/uploads\/2023\/08\/river-entrenamiento_w862-150x150.webp",150,150,true],"cvmm-medium":["https:\/\/lavozdisruptiva.com\/wp-content\/uploads\/2023\/08\/river-entrenamiento_w862-300x300.webp",300,300,true],"cvmm-medium-plus":["https:\/\/lavozdisruptiva.com\/wp-content\/uploads\/2023\/08\/river-entrenamiento_w862-305x207.webp",305,207,true],"cvmm-portrait":["https:\/\/lavozdisruptiva.com\/wp-content\/uploads\/2023\/08\/river-entrenamiento_w862-400x575.webp",400,575,true],"cvmm-medium-square":["https:\/\/lavozdisruptiva.com\/wp-content\/uploads\/2023\/08\/river-entrenamiento_w862-600x575.webp",600,575,true],"cvmm-large":["https:\/\/lavozdisruptiva.com\/wp-content\/uploads\/2023\/08\/river-entrenamiento_w862.webp",862,575,false],"cvmm-small":["https:\/\/lavozdisruptiva.com\/wp-content\/uploads\/2023\/08\/river-entrenamiento_w862-130x95.webp",130,95,true],"full":["https:\/\/lavozdisruptiva.com\/wp-content\/uploads\/2023\/08\/river-entrenamiento_w862.webp",862,575,false]},"_links":{"self":[{"href":"https:\/\/lavozdisruptiva.com\/index.php\/wp-json\/wp\/v2\/posts\/733","targetHints":{"allow":["GET"]}}],"collection":[{"href":"https:\/\/lavozdisruptiva.com\/index.php\/wp-json\/wp\/v2\/posts"}],"about":[{"href":"https:\/\/lavozdisruptiva.com\/index.php\/wp-json\/wp\/v2\/types\/post"}],"author":[{"embeddable":true,"href":"https:\/\/lavozdisruptiva.com\/index.php\/wp-json\/wp\/v2\/users\/2"}],"replies":[{"embeddable":true,"href":"https:\/\/lavozdisruptiva.com\/index.php\/wp-json\/wp\/v2\/comments?post=733"}],"version-history":[{"count":3,"href":"https:\/\/lavozdisruptiva.com\/index.php\/wp-json\/wp\/v2\/posts\/733\/revisions"}],"predecessor-version":[{"id":737,"href":"https:\/\/lavozdisruptiva.com\/index.php\/wp-json\/wp\/v2\/posts\/733\/revisions\/737"}],"wp:featuredmedia":[{"embeddable":true,"href":"https:\/\/lavozdisruptiva.com\/index.php\/wp-json\/wp\/v2\/media\/734"}],"wp:attachment":[{"href":"https:\/\/lavozdisruptiva.com\/index.php\/wp-json\/wp\/v2\/media?parent=733"}],"wp:term":[{"taxonomy":"category","embeddable":true,"href":"https:\/\/lavozdisruptiva.com\/index.php\/wp-json\/wp\/v2\/categories?post=733"},{"taxonomy":"post_tag","embeddable":true,"href":"https:\/\/lavozdisruptiva.com\/index.php\/wp-json\/wp\/v2\/tags?post=733"}],"curies":[{"name":"wp","href":"https:\/\/api.w.org\/{rel}","templated":true}]}}