{"id":6960,"date":"2025-06-27T10:26:20","date_gmt":"2025-06-27T13:26:20","guid":{"rendered":"https:\/\/lavozdisruptiva.com\/?p=6960"},"modified":"2025-06-27T10:26:21","modified_gmt":"2025-06-27T13:26:21","slug":"vuelven-a-subir-las-retenciones-a-la-soja-y-el-maiz-gobierno-solo-prorrogo-la-baja-para-el-trigo-y-la-cebada","status":"publish","type":"post","link":"https:\/\/lavozdisruptiva.com\/index.php\/2025\/06\/27\/vuelven-a-subir-las-retenciones-a-la-soja-y-el-maiz-gobierno-solo-prorrogo-la-baja-para-el-trigo-y-la-cebada\/","title":{"rendered":"Vuelven a subir las retenciones a la soja y el ma\u00edz: Gobierno solo prorrog\u00f3 la baja para el trigo y la cebada"},"content":{"rendered":"\n<h2 class=\"wp-block-heading\" style=\"font-size:24px\">Los granos de la cosecha fina mantendr\u00e1n las menores al\u00edcuotas de derechos de exportaci\u00f3n hasta el 31 de marzo de 2026. Queda allanado el terreno para que el martes pr\u00f3ximo suban las retenciones a la soja y el ma\u00edz.<\/h2>\n\n\n\n<p class=\"has-medium-font-size\"><strong>El Gobierno oficializ\u00f3 este viernes la pr\u00f3rroga de las retenciones reducidas para la cebada y el trigo<\/strong>, dos cultivos cuya siembra se encuentra en pleno desarrollo y que se cosechan hacia fin de a\u00f1o. La ventana temporal de derechos de exportaci\u00f3n m\u00e1s bajos anunciada a comienzos de este a\u00f1o cierra el 30 de junio. As\u00ed, al no haber extendido la vigencia para&nbsp;<strong>la soja y el ma\u00edz,<\/strong>&nbsp;<strong>queda todo allanado para que, a partir del pr\u00f3ximo martes, vuelvan a subir las al\u00edcuotas en estos granos<\/strong>&nbsp;y sus derivados.<\/p>\n\n\n\n<figure class=\"wp-block-image is-resized\"><img decoding=\"async\" src=\"https:\/\/media.ambito.com\/p\/70bc55734bf60bde4c8a39a002e63d89\/adjuntos\/239\/imagenes\/042\/133\/0042133903\/trigo-dolar-retencionesjpg.jpg\" alt=\"El trigo y la cebada mantendr\u00e1n su al\u00edcuota reducida de retenciones durante esta campa\u00f1a.\" style=\"width:840px;height:auto\"\/><figcaption class=\"wp-element-caption\">El trigo y la cebada mantendr\u00e1n su al\u00edcuota reducida de retenciones durante esta campa\u00f1a.Imagen creada con inteligencia artificial<\/figcaption><\/figure>\n\n\n\n<p class=\"has-medium-font-size\">La medida se public\u00f3 este viernes en el Bolet\u00edn Oficial mediante el decreto 439\/2025, que establece que<strong>\u00a0las retenciones al trigo y a la cebada se mantendr\u00e1n hasta el 31 de marzo de 2026 en el 9,5% que tienen el trigo y la cebada.<\/strong><\/p>\n\n\n\n<p class=\"has-medium-font-size\">En cambio, a menos que se anuncie alg\u00fan cambio de \u00faltimo momento,&nbsp;<strong>la soja pasar\u00e1 de tributar el actual 26% al 33% a partir del 1\u00b0 de julio. El ma\u00edz y el sorgo, entre otros productos, del 9,5% al 12%.&nbsp;<\/strong>El girasol pasar\u00e1 del 5,5% al 7%.<\/p>\n\n\n\n<p class=\"has-medium-font-size\">Lo cierto es que la decisi\u00f3n oficial, que ya hab\u00eda sido adelantada por los funcionarios, abre un&nbsp;<strong>signo de interrogaci\u00f3n para el futuro del d\u00f3lar<\/strong>. Si en los \u00faltimos d\u00edas los productores se apuraron a presentar sus declaraciones de ventas al exterior y a liquidar para vender granos y derivados con la al\u00edcuota reducida, ahora&nbsp;<strong>podr\u00eda inaugurarse un per\u00edodo de fuerte retracci\u00f3n del ingreso de agrod\u00f3lares, como advierten distintas fuentes del sector<\/strong>. \u00bfCu\u00e1nto impactar\u00eda ese escenario en la cotizaci\u00f3n de la divisa?<\/p>\n\n\n\n<p class=\"has-medium-font-size\">El productor Eduardo Buzzi, extitular de la Federaci\u00f3n Agraria, se\u00f1al\u00f3 este viernes, en C5N, que se trata de una medida confiscatoria por parte del Gobierno y advirti\u00f3 que a\u00fan &#8220;<strong><em>m\u00e1s de la mitad de la cosecha est\u00e1 sin liquidar<\/em><\/strong>&#8220;.<\/p>\n\n\n\n<p class=\"has-medium-font-size\">M\u00e1s moderada, la C\u00e1mara de la Industria Aceitera y el Centro de Exportadores de Cereales (CIARA-CEC) valor\u00f3 la pr\u00f3rroga de las al\u00edcuotas reducidas para el trigo y la cebada, aunque advirti\u00f3 que trabajar\u00e1 &#8220;<strong><em>junto a las entidades de productores para lograr la eliminaci\u00f3n de todos los derechos de exportaci\u00f3n y avanzar en una disminuci\u00f3n gradual y consecutiva de los derechos de exportaci\u00f3n para la soja y de los productos procesados en su complejo agroindustrial exportador<\/em><\/strong>&#8220;.<\/p>\n\n\n\n<h2 class=\"wp-block-heading\" style=\"font-size:24px\">Retenciones: \u00bfqu\u00e9 dice el decreto?<\/h2>\n\n\n\n<p class=\"has-medium-font-size\">El decreto, que lleva la firma de Javier Milei, Guillermo Francos y Luis Caputo, prorroga hasta el 31 de marzo de 2026 la ventana de retenciones reducidas para el trigo y la cebada. Nada dice de la soja, el ma\u00edz, el sorgo y el girasol, por ejemplo, cuyos derechos de exportaci\u00f3n se ver\u00edan incrementados desde el 1\u00b0 de julio.<\/p>\n\n\n\n<p class=\"has-medium-font-size\">Para acceder a la al\u00edcuota menor del 9,5%,&nbsp;<strong>los exportadores de trigo y cebada deber\u00e1n liquidar al menos el 90% de las divisas en un plazo de hasta 30 d\u00edas h\u00e1biles desde la realizaci\u00f3n de la Declaraci\u00f3n Jurada de Venta al Exterior (DJVE)&nbsp;<\/strong>correspondiente. Este requisito puede cumplirse mediante cobros de exportaciones, anticipos de liquidaci\u00f3n o supuestos de prefinanciaci\u00f3n y postfinanciaci\u00f3n externa. Hasta ac\u00e1 el plazo era de 15 d\u00edas, aunque abarcaba a muchos m\u00e1s productos.<\/p>\n\n\n\n<p class=\"has-medium-font-size\">Fuente: \u00c1mbito<\/p>\n","protected":false},"excerpt":{"rendered":"<p>Los granos de la cosecha fina mantendr\u00e1n las menores al\u00edcuotas de derechos de exportaci\u00f3n hasta el 31 de marzo de 2026. Queda allanado el terreno para que el martes pr\u00f3ximo suban las retenciones a la soja y el ma\u00edz. El Gobierno oficializ\u00f3 este viernes la pr\u00f3rroga de las retenciones reducidas para la cebada y el [&hellip;]<\/p>\n","protected":false},"author":3,"featured_media":6962,"comment_status":"closed","ping_status":"open","sticky":false,"template":"","format":"standard","meta":{"footnotes":""},"categories":[170,4,81,39],"tags":[1206,66,762,40,777,635,489],"class_list":["post-6960","post","type-post","status-publish","format-standard","has-post-thumbnail","hentry","category-agricultura","category-economia","category-nacional","category-politica","tag-cebada","tag-economia","tag-maiz","tag-politica","tag-retenciones","tag-soja","tag-trigo"],"blog_post_layout_featured_media_urls":{"thumbnail":["https:\/\/lavozdisruptiva.com\/wp-content\/uploads\/2025\/06\/soja-150x150.jpg",150,150,true],"full":["https:\/\/lavozdisruptiva.com\/wp-content\/uploads\/2025\/06\/soja.jpg",1428,1428,false]},"categories_names":{"170":{"name":"Agricultura","link":"https:\/\/lavozdisruptiva.com\/index.php\/category\/agricultura\/"},"4":{"name":"Econom\u00eda","link":"https:\/\/lavozdisruptiva.com\/index.php\/category\/economia\/"},"81":{"name":"Nacional","link":"https:\/\/lavozdisruptiva.com\/index.php\/category\/nacional\/"},"39":{"name":"Pol\u00edtica","link":"https:\/\/lavozdisruptiva.com\/index.php\/category\/politica\/"}},"tags_names":{"1206":{"name":"Cebada","link":"https:\/\/lavozdisruptiva.com\/index.php\/tag\/cebada\/"},"66":{"name":"Econom\u00eda","link":"https:\/\/lavozdisruptiva.com\/index.php\/tag\/economia\/"},"762":{"name":"Ma\u00edz","link":"https:\/\/lavozdisruptiva.com\/index.php\/tag\/maiz\/"},"40":{"name":"Pol\u00edtica","link":"https:\/\/lavozdisruptiva.com\/index.php\/tag\/politica\/"},"777":{"name":"Retenciones","link":"https:\/\/lavozdisruptiva.com\/index.php\/tag\/retenciones\/"},"635":{"name":"Soja","link":"https:\/\/lavozdisruptiva.com\/index.php\/tag\/soja\/"},"489":{"name":"Trigo","link":"https:\/\/lavozdisruptiva.com\/index.php\/tag\/trigo\/"}},"comments_number":"0","wpmagazine_modules_lite_featured_media_urls":{"thumbnail":["https:\/\/lavozdisruptiva.com\/wp-content\/uploads\/2025\/06\/soja-150x150.jpg",150,150,true],"cvmm-medium":["https:\/\/lavozdisruptiva.com\/wp-content\/uploads\/2025\/06\/soja-300x300.jpg",300,300,true],"cvmm-medium-plus":["https:\/\/lavozdisruptiva.com\/wp-content\/uploads\/2025\/06\/soja-305x207.jpg",305,207,true],"cvmm-portrait":["https:\/\/lavozdisruptiva.com\/wp-content\/uploads\/2025\/06\/soja-400x600.jpg",400,600,true],"cvmm-medium-square":["https:\/\/lavozdisruptiva.com\/wp-content\/uploads\/2025\/06\/soja-600x600.jpg",600,600,true],"cvmm-large":["https:\/\/lavozdisruptiva.com\/wp-content\/uploads\/2025\/06\/soja-1024x1024.jpg",1024,1024,true],"cvmm-small":["https:\/\/lavozdisruptiva.com\/wp-content\/uploads\/2025\/06\/soja-130x95.jpg",130,95,true],"full":["https:\/\/lavozdisruptiva.com\/wp-content\/uploads\/2025\/06\/soja.jpg",1428,1428,false]},"_links":{"self":[{"href":"https:\/\/lavozdisruptiva.com\/index.php\/wp-json\/wp\/v2\/posts\/6960","targetHints":{"allow":["GET"]}}],"collection":[{"href":"https:\/\/lavozdisruptiva.com\/index.php\/wp-json\/wp\/v2\/posts"}],"about":[{"href":"https:\/\/lavozdisruptiva.com\/index.php\/wp-json\/wp\/v2\/types\/post"}],"author":[{"embeddable":true,"href":"https:\/\/lavozdisruptiva.com\/index.php\/wp-json\/wp\/v2\/users\/3"}],"replies":[{"embeddable":true,"href":"https:\/\/lavozdisruptiva.com\/index.php\/wp-json\/wp\/v2\/comments?post=6960"}],"version-history":[{"count":3,"href":"https:\/\/lavozdisruptiva.com\/index.php\/wp-json\/wp\/v2\/posts\/6960\/revisions"}],"predecessor-version":[{"id":6964,"href":"https:\/\/lavozdisruptiva.com\/index.php\/wp-json\/wp\/v2\/posts\/6960\/revisions\/6964"}],"wp:featuredmedia":[{"embeddable":true,"href":"https:\/\/lavozdisruptiva.com\/index.php\/wp-json\/wp\/v2\/media\/6962"}],"wp:attachment":[{"href":"https:\/\/lavozdisruptiva.com\/index.php\/wp-json\/wp\/v2\/media?parent=6960"}],"wp:term":[{"taxonomy":"category","embeddable":true,"href":"https:\/\/lavozdisruptiva.com\/index.php\/wp-json\/wp\/v2\/categories?post=6960"},{"taxonomy":"post_tag","embeddable":true,"href":"https:\/\/lavozdisruptiva.com\/index.php\/wp-json\/wp\/v2\/tags?post=6960"}],"curies":[{"name":"wp","href":"https:\/\/api.w.org\/{rel}","templated":true}]}}