{"id":5791,"date":"2025-01-16T11:51:04","date_gmt":"2025-01-16T14:51:04","guid":{"rendered":"https:\/\/lavozdisruptiva.com\/?p=5791"},"modified":"2025-01-16T11:51:05","modified_gmt":"2025-01-16T14:51:05","slug":"desregulacion-quitan-trabas-para-facilitar-el-ingreso-de-bicicletas-electrodomesticos-y-otros-productos-importados","status":"publish","type":"post","link":"https:\/\/lavozdisruptiva.com\/index.php\/2025\/01\/16\/desregulacion-quitan-trabas-para-facilitar-el-ingreso-de-bicicletas-electrodomesticos-y-otros-productos-importados\/","title":{"rendered":"Desregulaci\u00f3n: Quitan trabas para facilitar el ingreso de bicicletas, electrodom\u00e9sticos y otros productos importados"},"content":{"rendered":"\n<h2 class=\"wp-block-heading\" style=\"font-size:23px\">El ministro de Econom\u00eda, Luis Caputo, anunci\u00f3 l\u00edmites a las medidas antidumping y qued\u00f3 oficializada la medida a trav\u00e9s del Decreto 33\/2025, publicado en el Bolet\u00edn Oficial.Busca que bajen los precios en algunos rubros.<\/h2>\n\n\n\n<p class=\"has-medium-font-size\">El Gobierno Nacional impulsa nuevas medidas de apertura econ\u00f3mica para generar competencia entre ciertos sectores\u00a0<strong>muy protegidos\u00a0<\/strong>de la producci\u00f3n local y los productos importados. B\u00e1sicamente, lo que anunci\u00f3 en su cuenta de X el ministro de Econom\u00eda, Luis Caputo, ayer y que hoy qued\u00f3 plasmado en el texto del <strong>Decreto 33\/2025 -publicado en el Bolet\u00edn Oficial<\/strong>&#8211; es que<strong>\u00a0se modifica profundamente el sistema antidumping<\/strong>, la herramienta que tienen\u00a0<strong>las empresas locales para denunciar si hay competencia de productos importados que entran al pa\u00eds a un precio menor al de valor de mercado en su pa\u00eds de origen.\u00a0<\/strong>Vale aclarar que los productos locales se arman con mayor\u00eda de piezas importadas.<\/p>\n\n\n\n<figure class=\"wp-block-image size-full is-resized\"><img loading=\"lazy\" decoding=\"async\" width=\"640\" height=\"480\" src=\"https:\/\/lavozdisruptiva.com\/wp-content\/uploads\/2024\/12\/Caputo-2.webp\" alt=\"\" class=\"wp-image-5554\" style=\"width:596px;height:auto\" srcset=\"https:\/\/lavozdisruptiva.com\/wp-content\/uploads\/2024\/12\/Caputo-2.webp 640w, https:\/\/lavozdisruptiva.com\/wp-content\/uploads\/2024\/12\/Caputo-2-300x225.webp 300w, https:\/\/lavozdisruptiva.com\/wp-content\/uploads\/2024\/12\/Caputo-2-136x102.webp 136w\" sizes=\"auto, (max-width: 640px) 100vw, 640px\" \/><\/figure>\n\n\n\n<p class=\"has-medium-font-size\">El Decreto del Palacio de Hacienda lleva las firmas tanto del ministro Caputo, como del presidente Javier Milei y el jefe de Gabinete Guillermo Francos. Con esta reforma, el Gobierno busca fomentar la competencia y restituir la funci\u00f3n original de los derechos antidumping.<\/p>\n\n\n\n<p class=\"has-medium-font-size\"><strong>Las claves de la apertura econ\u00f3mica <\/strong><\/p>\n\n\n\n<p class=\"has-medium-font-size\">El anuncio impactar\u00e1, seg\u00fan los ejemplos que dio Caputo, en la oferta de<strong>&nbsp;bicicletas, bombas de agua, multiprocesadoras, planchas, calefactores y ventiladores.<\/strong><\/p>\n\n\n\n<p class=\"has-medium-font-size\">Caputo anunci\u00f3 &#8220;<strong><em>que se modifica el sistema antidumping para evitar abusos que redundan en mayores precios (de los productos locales)<\/em><\/strong>&#8220;. El ministro dijo que:<\/p>\n\n\n\n<ul class=\"wp-block-list\">\n<li class=\"has-medium-font-size\">La medida va a<strong>\u00a0reducir los plazos de duraci\u00f3n<\/strong>\u00a0de las futuras medidas antidumping,\u00a0<strong>que pasan de una vigencia m\u00e1xima de 5 a\u00f1os con renovaciones ilimitadas a una de 3,<\/strong>\u00a0con una \u00fanica posibilidad de extensi\u00f3n por 2 a\u00f1os m\u00e1s.<\/li>\n<\/ul>\n\n\n\n<ul class=\"wp-block-list has-medium-font-size\">\n<li>Los derechos antidumping son instrumentos que se utilizan cuando el precio de un producto importado se vende por debajo del valor de mercado del pa\u00eds de origen, generando una competencia desleal con los productos locales. En Argentina, estas medidas funcionan en muchos casos como<strong>\u00a0un derecho adquirido,<\/strong>\u00a0lo que evita la competencia y encarece productos para los consumidores e insumos para la industria.<\/li>\n<\/ul>\n\n\n\n<ul class=\"wp-block-list has-medium-font-size\">\n<li>A modo de ejemplo, las\u00a0<strong>bicicletas<\/strong>\u00a0cuentan con medidas antidumping desde hace m\u00e1s de 20 a\u00f1os, lo que encarece su precio. Lo mismo ocurre con productos como planchas el\u00e9ctricas y calefactores que tienen precios mucho m\u00e1s altos que en otros pa\u00edses: las\u00a0<strong>planchas<\/strong>\u00a0cuestan m\u00e1s de $100.000, mientras que en Europa valen menos de la mitad; los\u00a0<strong>calefactores<\/strong>\u00a0superan los $30.000, mientras que en Brasil rondan los $27.000.<\/li>\n<\/ul>\n\n\n\n<ul class=\"wp-block-list has-medium-font-size\">\n<li>En el caso de las<strong>\u00a0bombas de agua<\/strong>, los derechos antidumping, que son los porcentajes que deben pagar quienes importan bienes con medidas aplicadas, son del <strong>246% sobre el valor total de la importaci\u00f3n; las\u00a0multiprocesadoras\u00a0deben abonar un 203% y los ventiladores un 164%<\/strong>.<\/li>\n<\/ul>\n\n\n\n<ul class=\"wp-block-list has-medium-font-size\">\n<li>Para corregir esto, se determina que las investigaciones previas a la aplicaci\u00f3n de medidas antidumping, que <strong>antes pod\u00edan extenderse hasta 12 meses, tendr\u00e1n un plazo m\u00e1ximo de 8 meses<\/strong>.<\/li>\n<\/ul>\n\n\n\n<ul class=\"wp-block-list has-medium-font-size\">\n<li>Adem\u00e1s, la duraci\u00f3n de las medidas ser\u00e1 de 3 a\u00f1os, con una \u00fanica posibilidad de extensi\u00f3n por 2 a\u00f1os m\u00e1s, y <strong>reemplaza el sistema anterior de renovaciones ilimitadas<\/strong>.<\/li>\n<\/ul>\n\n\n\n<ul class=\"wp-block-list has-medium-font-size\">\n<li>Los tr\u00e1mites tambi\u00e9n se simplifican: en lugar de presentar la documentaci\u00f3n en dos dependencias distintas, <strong>ahora se gestionar\u00e1 todo en la Comisi\u00f3n Nacional de Comercio Exterior<\/strong>.<\/li>\n<\/ul>\n\n\n\n<p class=\"has-medium-font-size\">En la misma l\u00ednea, la <strong>Comisi\u00f3n Nacional de Defensa de la Competencia y la Subsecretar\u00eda de Defensa del Consumidor del Ministerio de Econom\u00eda<\/strong>\u00a0<strong>participar\u00e1n en los an\u00e1lisis de casos para garantizar\u00a0<\/strong>que las decisiones consideren tanto el inter\u00e9s p\u00fablico como el de los consumidores.<\/p>\n\n\n\n<p style=\"font-size:24px\"><strong>Sturzenegger defendi\u00f3 los cambios en la legislaci\u00f3n antidumping<\/strong><\/p>\n\n\n\n<p class=\"has-medium-font-size\">El ministro Desregulaci\u00f3n,\u00a0<strong>Federico Sturzenegger<\/strong>, defendi\u00f3 los cambios en la legislaci\u00f3n antidumping y asegur\u00f3 que\u00a0<strong>el actual sistema era favorable a los monopolios locales.<\/strong> &#8220;<strong><em>Al imponer el antidumping quedamos presa de un monopolio local que nos cobra lo que quiere<\/em><\/strong>&#8220;, afirm\u00f3 el funcionario.<\/p>\n\n\n\n<figure class=\"wp-block-image size-full is-resized\"><img loading=\"lazy\" decoding=\"async\" width=\"600\" height=\"600\" src=\"https:\/\/lavozdisruptiva.com\/wp-content\/uploads\/2024\/10\/Sturzeneger-1.jpeg\" alt=\"\" class=\"wp-image-5193\" style=\"width:532px;height:auto\" srcset=\"https:\/\/lavozdisruptiva.com\/wp-content\/uploads\/2024\/10\/Sturzeneger-1.jpeg 600w, https:\/\/lavozdisruptiva.com\/wp-content\/uploads\/2024\/10\/Sturzeneger-1-300x300.jpeg 300w, https:\/\/lavozdisruptiva.com\/wp-content\/uploads\/2024\/10\/Sturzeneger-1-150x150.jpeg 150w\" sizes=\"auto, (max-width: 600px) 100vw, 600px\" \/><\/figure>\n\n\n\n<p class=\"has-medium-font-size\">Asimismo, descalific\u00f3 el argumento de que la competencia extranjera <strong>destruye la industria loca<\/strong>l: &#8220;<strong><em>este argumento es un sinsentido ya que solo podr\u00eda ocurrir si el producto que me venden tuviera un \u00fanico productor a nivel mundial<\/em><\/strong>&#8220;.<\/p>\n\n\n\n<p class=\"has-medium-font-size\">Sturzenegger aplaudi\u00f3 la decisi\u00f3n de limitar <strong>la duraci\u00f3n del antidumping a 5 a\u00f1os<\/strong>, un cambio radical considerando que algunas medidas, como la aplicada a las bicicletas, <strong>llevaban 30 a\u00f1os en vigor<\/strong>. &#8220;<strong><em>Primero, porque ponemos un l\u00edmite temporal a las medidas antidumping. A partir de ahora no podr\u00e1n durar m\u00e1s de 5 a\u00f1os<\/em><\/strong>&#8220;, explic\u00f3. Otro aspecto clave de la nueva resoluci\u00f3n &#8220;<strong><em>es la obligatoriedad de que las medidas antidumping sean validadas por las entidades de defensa de la competencia y del consumidor<\/em><\/strong>&#8220;.<\/p>\n\n\n\n<p class=\"has-medium-font-size\">&#8220;<strong><em>Segundo, porque cualquier medida de antidumping deber\u00e1 contar con una validaci\u00f3n de defensa de la competencia y de defensa del consumidor<\/em><\/strong>&#8220;, aclar\u00f3 Sturzenegger. Esta validaci\u00f3n busca evitar que el antidumping se convierta en una herramienta para inflar precios artificialmente y perjudicar a los consumidores.<\/p>\n\n\n\n<p style=\"font-size:23px\"><strong>Se van a revisar todos los antidumping existentes<\/strong><\/p>\n\n\n\n<p class=\"has-medium-font-size\">Sturzenegger finaliz\u00f3 subrayando la importancia de &#8220;<strong><em>revisar los antidumpings existentes<\/em><\/strong>&#8221; aunque reconoci\u00f3 que ello demandar\u00e1 tiempo.<\/p>\n\n\n\n<p class=\"has-medium-font-size\">Fuente: Con informaci\u00f3n de Clar\u00edn y NA<\/p>\n","protected":false},"excerpt":{"rendered":"<p>El ministro de Econom\u00eda, Luis Caputo, anunci\u00f3 l\u00edmites a las medidas antidumping y qued\u00f3 oficializada la medida a trav\u00e9s del Decreto 33\/2025, publicado en el Bolet\u00edn Oficial.Busca que bajen los precios en algunos rubros. El Gobierno Nacional impulsa nuevas medidas de apertura econ\u00f3mica para generar competencia entre ciertos sectores\u00a0muy protegidos\u00a0de la producci\u00f3n local y los [&hellip;]<\/p>\n","protected":false},"author":3,"featured_media":5792,"comment_status":"closed","ping_status":"open","sticky":false,"template":"","format":"standard","meta":{"footnotes":""},"categories":[4,81,39],"tags":[975,976,146,66,796,514,604,412,410,40],"class_list":["post-5791","post","type-post","status-publish","format-standard","has-post-thumbnail","hentry","category-economia","category-nacional","category-politica","tag-apertura-economica","tag-bicicletas","tag-desregulacion","tag-economia","tag-electrodomesticos","tag-federico-sturzenegger","tag-gobierno-nacional","tag-javier-milei","tag-luis-caputo","tag-politica"],"blog_post_layout_featured_media_urls":{"thumbnail":["https:\/\/lavozdisruptiva.com\/wp-content\/uploads\/2025\/01\/Bicicletas-150x150.webp",150,150,true],"full":["https:\/\/lavozdisruptiva.com\/wp-content\/uploads\/2025\/01\/Bicicletas.webp",1200,801,false]},"categories_names":{"4":{"name":"Econom\u00eda","link":"https:\/\/lavozdisruptiva.com\/index.php\/category\/economia\/"},"81":{"name":"Nacional","link":"https:\/\/lavozdisruptiva.com\/index.php\/category\/nacional\/"},"39":{"name":"Pol\u00edtica","link":"https:\/\/lavozdisruptiva.com\/index.php\/category\/politica\/"}},"tags_names":{"975":{"name":"Apertura econ\u00f3mica","link":"https:\/\/lavozdisruptiva.com\/index.php\/tag\/apertura-economica\/"},"976":{"name":"Bicicletas","link":"https:\/\/lavozdisruptiva.com\/index.php\/tag\/bicicletas\/"},"146":{"name":"Desregulaci\u00f3n","link":"https:\/\/lavozdisruptiva.com\/index.php\/tag\/desregulacion\/"},"66":{"name":"Econom\u00eda","link":"https:\/\/lavozdisruptiva.com\/index.php\/tag\/economia\/"},"796":{"name":"Electrodom\u00e9sticos","link":"https:\/\/lavozdisruptiva.com\/index.php\/tag\/electrodomesticos\/"},"514":{"name":"Federico Sturzenegger","link":"https:\/\/lavozdisruptiva.com\/index.php\/tag\/federico-sturzenegger\/"},"604":{"name":"Gobierno Nacional","link":"https:\/\/lavozdisruptiva.com\/index.php\/tag\/gobierno-nacional\/"},"412":{"name":"Javier Milei","link":"https:\/\/lavozdisruptiva.com\/index.php\/tag\/javier-milei\/"},"410":{"name":"Luis Caputo","link":"https:\/\/lavozdisruptiva.com\/index.php\/tag\/luis-caputo\/"},"40":{"name":"Pol\u00edtica","link":"https:\/\/lavozdisruptiva.com\/index.php\/tag\/politica\/"}},"comments_number":"0","wpmagazine_modules_lite_featured_media_urls":{"thumbnail":["https:\/\/lavozdisruptiva.com\/wp-content\/uploads\/2025\/01\/Bicicletas-150x150.webp",150,150,true],"cvmm-medium":["https:\/\/lavozdisruptiva.com\/wp-content\/uploads\/2025\/01\/Bicicletas-300x300.webp",300,300,true],"cvmm-medium-plus":["https:\/\/lavozdisruptiva.com\/wp-content\/uploads\/2025\/01\/Bicicletas-305x207.webp",305,207,true],"cvmm-portrait":["https:\/\/lavozdisruptiva.com\/wp-content\/uploads\/2025\/01\/Bicicletas-400x600.webp",400,600,true],"cvmm-medium-square":["https:\/\/lavozdisruptiva.com\/wp-content\/uploads\/2025\/01\/Bicicletas-600x600.webp",600,600,true],"cvmm-large":["https:\/\/lavozdisruptiva.com\/wp-content\/uploads\/2025\/01\/Bicicletas-1024x801.webp",1024,801,true],"cvmm-small":["https:\/\/lavozdisruptiva.com\/wp-content\/uploads\/2025\/01\/Bicicletas-130x95.webp",130,95,true],"full":["https:\/\/lavozdisruptiva.com\/wp-content\/uploads\/2025\/01\/Bicicletas.webp",1200,801,false]},"_links":{"self":[{"href":"https:\/\/lavozdisruptiva.com\/index.php\/wp-json\/wp\/v2\/posts\/5791","targetHints":{"allow":["GET"]}}],"collection":[{"href":"https:\/\/lavozdisruptiva.com\/index.php\/wp-json\/wp\/v2\/posts"}],"about":[{"href":"https:\/\/lavozdisruptiva.com\/index.php\/wp-json\/wp\/v2\/types\/post"}],"author":[{"embeddable":true,"href":"https:\/\/lavozdisruptiva.com\/index.php\/wp-json\/wp\/v2\/users\/3"}],"replies":[{"embeddable":true,"href":"https:\/\/lavozdisruptiva.com\/index.php\/wp-json\/wp\/v2\/comments?post=5791"}],"version-history":[{"count":3,"href":"https:\/\/lavozdisruptiva.com\/index.php\/wp-json\/wp\/v2\/posts\/5791\/revisions"}],"predecessor-version":[{"id":5795,"href":"https:\/\/lavozdisruptiva.com\/index.php\/wp-json\/wp\/v2\/posts\/5791\/revisions\/5795"}],"wp:featuredmedia":[{"embeddable":true,"href":"https:\/\/lavozdisruptiva.com\/index.php\/wp-json\/wp\/v2\/media\/5792"}],"wp:attachment":[{"href":"https:\/\/lavozdisruptiva.com\/index.php\/wp-json\/wp\/v2\/media?parent=5791"}],"wp:term":[{"taxonomy":"category","embeddable":true,"href":"https:\/\/lavozdisruptiva.com\/index.php\/wp-json\/wp\/v2\/categories?post=5791"},{"taxonomy":"post_tag","embeddable":true,"href":"https:\/\/lavozdisruptiva.com\/index.php\/wp-json\/wp\/v2\/tags?post=5791"}],"curies":[{"name":"wp","href":"https:\/\/api.w.org\/{rel}","templated":true}]}}