{"id":5698,"date":"2025-01-06T16:38:27","date_gmt":"2025-01-06T19:38:27","guid":{"rendered":"https:\/\/lavozdisruptiva.com\/?p=5698"},"modified":"2025-01-06T16:38:29","modified_gmt":"2025-01-06T19:38:29","slug":"en-un-de-sus-medidas-mas-revolucionarias-el-papa-francisco-nombro-a-la-primera-mujer-prefecto-de-la-curia-vaticana","status":"publish","type":"post","link":"https:\/\/lavozdisruptiva.com\/index.php\/2025\/01\/06\/en-un-de-sus-medidas-mas-revolucionarias-el-papa-francisco-nombro-a-la-primera-mujer-prefecto-de-la-curia-vaticana\/","title":{"rendered":"En un de sus medidas m\u00e1s revolucionarias, el papa Francisco nombr\u00f3 a la primera mujer \u201cprefecto\u201d de la curia vaticana"},"content":{"rendered":"\n<h2 class=\"wp-block-heading\" style=\"font-size:23px\">Se trata de la monja italiana Simona Brambilla, que dirigir\u00e1 el Dicasterio para los Institutos de Vida Consagrada y las Sociedades de Vida Apost\u00f3lica, el ministerio que se ocupa de todos los religiosos y religiosas del mundo; la monja ser\u00e1 la superior de un cardenal, otra novedad absoluta<\/h2>\n\n\n\n<p class=\"has-medium-font-size\">Por: Elisabetta Piqu\u00e9 Para: La Naci\u00f3n<a href=\"https:\/\/www.lanacion.com.ar\/autor\/elisabetta-pique-121\/\"><\/a><\/p>\n\n\n\n<p class=\"has-medium-font-size\">ROMA.- En una de las&nbsp;<strong>medidas m\u00e1s revolucionarias de su pontificado<\/strong>, el papa Francisco, de 88 a\u00f1os,&nbsp;<strong>design\u00f3 hoy a una mujer al frente de uno de los \u201cministerios\u201d del Vaticano<\/strong>, algo sin precedente: nombr\u00f3 a la monja misionera italiana&nbsp;<strong>Simona Brambilla<\/strong>&nbsp;como nueva \u201cprefecto\u201d del Dicasterio para los Institutos de Vida Consagrada y las Sociedades de Vida Apost\u00f3lica, el ministerio que se ocupa de todos los religiosos y religiosas del mundo, seg\u00fan indic\u00f3 el&nbsp;<a href=\"https:\/\/press.vatican.va\/content\/salastampa\/it\/bollettino\/pubblico\/2025\/01\/06\/0020\/00022.html\" rel=\"noreferrer noopener\" target=\"_blank\">bolet\u00edn&nbsp;<\/a>diario de la Santa Sede.<\/p>\n\n\n\n<figure class=\"wp-block-image is-resized\"><img decoding=\"async\" src=\"https:\/\/resizer.glanacion.com\/resizer\/v2\/simona-KBGZRZO5M5GT5KDFL3GWWCAGTA.jfif?auth=dedadc568e37e2c19030430e963d76e1adf2f70ddccd2681472b398c95abfcef&amp;width=420&amp;height=280&amp;quality=70&amp;smart=true\" alt=\"Simona Brambilla.\" style=\"width:840px;height:auto\"\/><figcaption class=\"wp-element-caption\">Simona Brambilla.<\/figcaption><\/figure>\n\n\n\n<p class=\"has-medium-font-size\">En otra novedad absoluta, que dej\u00f3 a todos impactados en el Vaticano, Brambilla, monja que tiene 59 a\u00f1os y ya era secretaria del mismo dicasterio, ser\u00e1 la superior de un cardenal:&nbsp;<strong>el Papa, en efecto, design\u00f3 como a su n\u00famero dos y, por lo tanto, como \u201cpro-prefecto\u201d del mismo dicasterio al cardenal espa\u00f1ol \u00c1ngel Fern\u00e1ndez Artime, el superior de los salesianos.<\/strong><\/p>\n\n\n\n<p class=\"has-medium-font-size\">En verdad,&nbsp;<strong>el papa Francisco hab\u00eda abierto la posibilidad a que pasara a existir una mujer \u201cprefecto\u201d cuando promulg\u00f3 la constituci\u00f3n apost\u00f3lica \u201cPraedicate Evangelium\u201d<\/strong>, que reform\u00f3 la curia romana en 2022, cuando por primera vez separ\u00f3 la idea de gobierno de la de ordenaci\u00f3n. Esto hizo posible que<strong>&nbsp;laicos y mujeres puedan llegar a dirigir un dicasterio y volverse \u201cprefectos\u201d<\/strong>, cargos anteriormente reservados \u00fanicamente para cardenales y arzobispos. Hace unos d\u00edas justamente aludiendo a lo anterior, en una entrevista el cardenal estadounidense,&nbsp;<a href=\"https:\/\/www.lanacion.com.ar\/el-mundo\/blase-cupich-el-papa-francisco-esta-bien-no-veo-ningun-motivo-de-preocupacion-en-vista-de-este-nid04012025\/\">Blase Cupich<\/a>, preconiz\u00f3 la llegada de una mujer a un dicasterio, otro paso adelante en la reforma de Francisco.<\/p>\n\n\n\n<figure class=\"wp-block-image is-resized\"><img decoding=\"async\" src=\"https:\/\/resizer.glanacion.com\/resizer\/v2\/el-papa-saludo-ayer-a-las-mujeres-del-centro-HG4PP7MRHBCDTAVUOW3B37ETGU.jpg?auth=5caf1e22b439819a0593daea76e3428fad0941012dbba31d7be1b7a74479ddba&amp;width=420&amp;height=280&amp;quality=70&amp;smart=true\" alt=\"El papa salud\u00f3 ayer a las mujeres del Centro Penitenciario Femenino\" style=\"width:840px;height:auto\"\/><figcaption class=\"wp-element-caption\">El papa salud\u00f3 ayer a las mujeres del Centro Penitenciario FemeninoReuters<\/figcaption><\/figure>\n\n\n\n<p class=\"has-medium-font-size\">Brambilla, que cumplir\u00e1 60 a\u00f1os el 27 de marzo pr\u00f3ximo y que fue superiora general en Italia de las monjas Misioneras de la Consolata, hab\u00eda sido designada el 7 de octubre de 2023 secretaria del dicasterio que ahora pasar\u00e1 a dirigir, que es muy importante:&nbsp;<strong>se encuentran bajo su control las 559,228 mujeres religiosas que se contabilizan actualmente en la Iglesia y los 128.559 curas que pertenecen a los diversos \u00f3rdenes religiosos.<\/strong><\/p>\n\n\n\n<p class=\"has-medium-font-size\">Tal como record\u00f3 Vatican News, el portal del Vaticano, Sor Simona Brambilla cuenta en su&nbsp;<strong>curr\u00edculum con una vasta experiencia misionera en Mozambique<\/strong>, que consigui\u00f3 despu\u00e9s de haber estudiado para ser enfermera profesional y haber entrado al Instituto de las Misioneras de la Consolata, que dirigi\u00f3 de 2011 a 2023.<\/p>\n\n\n\n<p class=\"has-medium-font-size\">El papa Francisco ya la hab\u00eda nombrado por primera vez el 8 de julio de 2019 como una de las siete mujeres miembros del Dicasterio para los Institutos de Vida Consagrada y las Sociedades de Vida Apost\u00f3lica.<\/p>\n\n\n\n<p class=\"has-medium-font-size\">Aunque su nombre ingresar\u00e1 en la historia como<strong>&nbsp;primer \u201cprefecto\u201d mujer en el Vaticano,<\/strong>&nbsp;en verdad desde el inicio de su pontificado, en 2013, el papa Francisco fue abri\u00e9ndoles puertas y designando a mujeres en cargos dirigenciales, nunca antes ocupados por ellas en una instituci\u00f3n siempre dominada por hombres.&nbsp;<strong>En diez a\u00f1os, en la curia romana el porcentaje de mujeres pas\u00f3 del 19,3 al 26,1%, seg\u00fan un estudio de Vatican News.<\/strong><\/p>\n\n\n\n<p class=\"has-medium-font-size\">El Papa nombr\u00f3 en 2016 al frente de los Museos Vaticanos a la italiana Barbara Jatta y en la vice direcci\u00f3n de la Sala de Prensa a la periodista espa\u00f1ola<a href=\"https:\/\/www.lanacion.com.ar\/el-mundo\/paloma-garcia-ovejero-mi-designacion-no-es-fruto-de-un-capricho-de-francisco-nid1921326\/\">&nbsp;Paloma Garc\u00eda Ovejero<\/a>&nbsp;que tras dejar ese cargo a fin de 2018 fue reemplazada por la brasile\u00f1a Cristiane Murray.&nbsp;<strong>Nunca antes hubo voceras mujeres en el Vaticano.&nbsp;<\/strong>En 2021, nombr\u00f3 a la religiosa italiana Alessandra Smerilli secretaria del Dicasterio para el Servicio del Desarrollo Humano Integral, hasta entonces el cargo m\u00e1s alto jam\u00e1s alcanzado por una mujer. Ese mismo a\u00f1o, nombr\u00f3 a la te\u00f3loga argentina,<a href=\"https:\/\/www.lanacion.com.ar\/el-mundo\/emilce-cuda-el-balance-de-estos-diez-anos-es-que-el-papa-francisco-sumo-catolicos-nid12032023\/\">&nbsp;Emilce Cuda<\/a>, como nueva Jefa de Oficina de la Pontificia Comisi\u00f3n para Am\u00e9rica latina (PCAL) y a la monja franciscana&nbsp;<a href=\"https:\/\/www.lanacion.com.ar\/el-mundo\/apertura-del-papa-una-monja-franciscana-ahora-es-la-mujer-con-mas-poder-del-vaticano-nid04112021\/\">Raffaella Petrini,<\/a>&nbsp;secretaria general del Governatorato del Estado de la Ciudad del Vaticano,&nbsp;<strong>otro cargo nunca antes en manos de una mujer, sino por lo general, de un obispo.<\/strong><\/p>\n\n\n\n<figure class=\"wp-block-image is-resized\"><img decoding=\"async\" src=\"https:\/\/resizer.glanacion.com\/resizer\/v2\/el-papa-francisco-en-una-ceremonia-en-el-vaticano-PPYJZPWDYFEWHFIW6IP2MZW25E.jpg?auth=e794ac77fe596cad903f20bf12fb0286e05a1bd9c43da78e33f3b3a4020a2541&amp;width=420&amp;height=280&amp;quality=70&amp;smart=true\" alt=\"El papa Francisco en una ceremonia en el Vaticano el 4 de enero del 2025.  (AP foto\/Alessandra Tarantino)\" style=\"width:840px;height:auto\"\/><figcaption class=\"wp-element-caption\">El papa Francisco en una ceremonia en el Vaticano el 4 de enero del 2025. (AP foto\/Alessandra Tarantino)Alessandra Tarantino &#8211; AP<\/figcaption><\/figure>\n\n\n\n<p class=\"has-medium-font-size\"><strong>En 2020 nombr\u00f3 a seis mujeres en el organismo supervisor de todas las actividades econ\u00f3micas del Vaticano.<\/strong>&nbsp;\u201cDesign\u00e9 a estas seis mujeres por su profesionalismo, pero tambi\u00e9n porque pienso que las mujeres en general son mejores administradoras que los hombres\u201d, explic\u00f3 Francisco en su libro \u201cSo\u00f1emos juntos\u201d. Adem\u00e1s, concedi\u00f3 el derecho a voto a las mujeres que participan del S\u00ednodo de Obispos, donde, en otro hecho sin precedente, nombr\u00f3 a otra mujer -la hermana javeriana francesa&nbsp;<strong>Nathalie Becquart<\/strong>&#8211; como subsecretaria del S\u00ednodo de Obispos.<\/p>\n\n\n\n<p class=\"has-medium-font-size\">El Papa del fin del mundo, de 88 a\u00f1os, tambi\u00e9n design\u00f3 a diversas mujeres como subsecretarias: Gabriella Gambino y Linda Ghisoni en el Dicasterio para los Laicos, la Familia y la Vida; y sor Carmen Ros Nortes, en el Dicasterio para los Institutos de Vida Consagrada y las Sociedades de Vida Apost\u00f3lica.<\/p>\n\n\n\n<h2 class=\"wp-block-heading\" style=\"font-size:23px\">Otro nombramiento clave<\/h2>\n\n\n\n<p class=\"has-medium-font-size\">Aunque qued\u00f3 opacado por la noticia de la primera mujer \u201cprefecto\u201d del Vaticano, el Papa hizo este lunes, solemnidad de la Epifan\u00eda, otro nombramiento muy importante:<strong>&nbsp;design\u00f3 al cardenal de San Diego,&nbsp;<\/strong><a href=\"https:\/\/www.lanacion.com.ar\/el-mundo\/robert-mcelroy-es-imposible-que-haya-un-papa-norteamericano-nid26082022\/\"><strong>Robert McElroy<\/strong><\/a><strong>, de 70 a\u00f1os, como nuevo arzobispo de Washington DC<\/strong>, movida clave sobre todo en vista de la asunci\u00f3n de Donald Trump, el 20 de enero pr\u00f3ximo.<\/p>\n\n\n\n<figure class=\"wp-block-image is-resized\"><img decoding=\"async\" src=\"https:\/\/resizer.glanacion.com\/resizer\/v2\/archivo-el-recien-nombrado-cardenal-robert-walter-VPL6LD6MSRFGNB2LR67DM5FKFQ.jpg?auth=c19fa6d0d49cc74769346dbbdf34c2049784cbfb8018fd22db132b74743a370c&amp;width=420&amp;height=280&amp;quality=70&amp;smart=true\" alt=\"ARCHIVO - El reci\u00e9n nombrado cardenal Robert Walter McElroy, habla, durante una rueda de prensa en el Vaticano, el s\u00e1bado 27 de agosto de 2022. (AP foto\/Andrew Medichini, archivo)\" style=\"width:840px;height:auto\"\/><figcaption class=\"wp-element-caption\">ARCHIVO &#8211; El reci\u00e9n nombrado cardenal Robert Walter McElroy, habla, durante una rueda de prensa en el Vaticano, el s\u00e1bado 27 de agosto de 2022. (AP foto\/Andrew Medichini, archivo)Andrew Medichini &#8211; AP<\/figcaption><\/figure>\n\n\n\n<p class=\"has-medium-font-size\">Considerado uno de intelectuales m\u00e1s brillantes de la jerarqu\u00eda eclesi\u00e1stica norteamericana \u2013estudi\u00f3 en Harvard, Stanford y en la Universidad Gregoriana- y progresista y en l\u00ednea con la visi\u00f3n de la Iglesia y el mundo del papa Francisco,&nbsp;<strong>McElroy fue elegido por el papa Francisco para liderar la arquidi\u00f3cesis de la capital de la naci\u00f3n en&nbsp;<\/strong><a href=\"https:\/\/www.lanacion.com.ar\/estados-unidos\/tras-el-ataque-de-ano-nuevo-eeuu-elevo-la-alerta-y-aumenta-la-seguridad-en-los-eventos-especiales-nid04012025\/\"><strong>un momento m\u00e1s que delicado de la historia de Estados Unidos<\/strong><\/a>, donde la cuesti\u00f3n de la inmigraci\u00f3n es una de las grandes preocupaciones, y en un mundo azotado por terribles conflictos, especialmente en Medio Oriente y Ucrania, en los que la Casa Blanca tiene gran influencia.<\/p>\n\n\n\n<p class=\"has-medium-font-size\">McElroy reemplazar\u00e1 al&nbsp;<a href=\"https:\/\/www.lanacion.com.ar\/el-mundo\/consistorio-papa-nombro-13-cardenales-cuales-primer-nid2489349\/\">cardenal Wilson Gregory<\/a>, de 77 a\u00f1os y a quien el Papa le acept\u00f3 la renuncia dos a\u00f1os despu\u00e9s de haber cumplido los fat\u00eddicos 75 a\u00f1os.<\/p>\n\n\n\n<p class=\"has-medium-font-size\">Fuente: La Naci\u00f3n<\/p>\n","protected":false},"excerpt":{"rendered":"<p>Se trata de la monja italiana Simona Brambilla, que dirigir\u00e1 el Dicasterio para los Institutos de Vida Consagrada y las Sociedades de Vida Apost\u00f3lica, el ministerio que se ocupa de todos los religiosos y religiosas del mundo; la monja ser\u00e1 la superior de un cardenal, otra novedad absoluta Por: Elisabetta Piqu\u00e9 Para: La Naci\u00f3n ROMA.- [&hellip;]<\/p>\n","protected":false},"author":3,"featured_media":5701,"comment_status":"closed","ping_status":"open","sticky":false,"template":"","format":"standard","meta":{"footnotes":""},"categories":[47,6,39],"tags":[161,960,959],"class_list":["post-5698","post","type-post","status-publish","format-standard","has-post-thumbnail","hentry","category-internacional","category-noticias","category-politica","tag-papa-francisco","tag-robert-mcelroy","tag-simona-brambilla"],"blog_post_layout_featured_media_urls":{"thumbnail":["https:\/\/lavozdisruptiva.com\/wp-content\/uploads\/2025\/01\/md-150x150.webp",150,150,true],"full":["https:\/\/lavozdisruptiva.com\/wp-content\/uploads\/2025\/01\/md.webp",992,744,false]},"categories_names":{"47":{"name":"Internacional","link":"https:\/\/lavozdisruptiva.com\/index.php\/category\/internacional\/"},"6":{"name":"Noticias","link":"https:\/\/lavozdisruptiva.com\/index.php\/category\/noticias\/"},"39":{"name":"Pol\u00edtica","link":"https:\/\/lavozdisruptiva.com\/index.php\/category\/politica\/"}},"tags_names":{"161":{"name":"Papa Francisco","link":"https:\/\/lavozdisruptiva.com\/index.php\/tag\/papa-francisco\/"},"960":{"name":"Robert McElroy","link":"https:\/\/lavozdisruptiva.com\/index.php\/tag\/robert-mcelroy\/"},"959":{"name":"Simona Brambilla","link":"https:\/\/lavozdisruptiva.com\/index.php\/tag\/simona-brambilla\/"}},"comments_number":"0","wpmagazine_modules_lite_featured_media_urls":{"thumbnail":["https:\/\/lavozdisruptiva.com\/wp-content\/uploads\/2025\/01\/md-150x150.webp",150,150,true],"cvmm-medium":["https:\/\/lavozdisruptiva.com\/wp-content\/uploads\/2025\/01\/md-300x300.webp",300,300,true],"cvmm-medium-plus":["https:\/\/lavozdisruptiva.com\/wp-content\/uploads\/2025\/01\/md-305x207.webp",305,207,true],"cvmm-portrait":["https:\/\/lavozdisruptiva.com\/wp-content\/uploads\/2025\/01\/md-400x600.webp",400,600,true],"cvmm-medium-square":["https:\/\/lavozdisruptiva.com\/wp-content\/uploads\/2025\/01\/md-600x600.webp",600,600,true],"cvmm-large":["https:\/\/lavozdisruptiva.com\/wp-content\/uploads\/2025\/01\/md.webp",992,744,false],"cvmm-small":["https:\/\/lavozdisruptiva.com\/wp-content\/uploads\/2025\/01\/md-130x95.webp",130,95,true],"full":["https:\/\/lavozdisruptiva.com\/wp-content\/uploads\/2025\/01\/md.webp",992,744,false]},"_links":{"self":[{"href":"https:\/\/lavozdisruptiva.com\/index.php\/wp-json\/wp\/v2\/posts\/5698","targetHints":{"allow":["GET"]}}],"collection":[{"href":"https:\/\/lavozdisruptiva.com\/index.php\/wp-json\/wp\/v2\/posts"}],"about":[{"href":"https:\/\/lavozdisruptiva.com\/index.php\/wp-json\/wp\/v2\/types\/post"}],"author":[{"embeddable":true,"href":"https:\/\/lavozdisruptiva.com\/index.php\/wp-json\/wp\/v2\/users\/3"}],"replies":[{"embeddable":true,"href":"https:\/\/lavozdisruptiva.com\/index.php\/wp-json\/wp\/v2\/comments?post=5698"}],"version-history":[{"count":3,"href":"https:\/\/lavozdisruptiva.com\/index.php\/wp-json\/wp\/v2\/posts\/5698\/revisions"}],"predecessor-version":[{"id":5703,"href":"https:\/\/lavozdisruptiva.com\/index.php\/wp-json\/wp\/v2\/posts\/5698\/revisions\/5703"}],"wp:featuredmedia":[{"embeddable":true,"href":"https:\/\/lavozdisruptiva.com\/index.php\/wp-json\/wp\/v2\/media\/5701"}],"wp:attachment":[{"href":"https:\/\/lavozdisruptiva.com\/index.php\/wp-json\/wp\/v2\/media?parent=5698"}],"wp:term":[{"taxonomy":"category","embeddable":true,"href":"https:\/\/lavozdisruptiva.com\/index.php\/wp-json\/wp\/v2\/categories?post=5698"},{"taxonomy":"post_tag","embeddable":true,"href":"https:\/\/lavozdisruptiva.com\/index.php\/wp-json\/wp\/v2\/tags?post=5698"}],"curies":[{"name":"wp","href":"https:\/\/api.w.org\/{rel}","templated":true}]}}