{"id":5679,"date":"2025-01-02T13:56:57","date_gmt":"2025-01-02T16:56:57","guid":{"rendered":"https:\/\/lavozdisruptiva.com\/?p=5679"},"modified":"2025-01-02T13:56:58","modified_gmt":"2025-01-02T16:56:58","slug":"tras-confirmar-que-36-000-empleados-fueron-despedidos-en-2024-el-gobierno-congela-la-planta-del-sector-publico-nacional","status":"publish","type":"post","link":"https:\/\/lavozdisruptiva.com\/index.php\/2025\/01\/02\/tras-confirmar-que-36-000-empleados-fueron-despedidos-en-2024-el-gobierno-congela-la-planta-del-sector-publico-nacional\/","title":{"rendered":"Tras confirmar que 36.000 empleados fueron despedidos en 2024, el Gobierno congela la planta del sector p\u00fablico nacional"},"content":{"rendered":"\n<h2 class=\"wp-block-heading\" style=\"font-size:24px\">El Ejecutivo estableci\u00f3 nuevas restricciones que rigen a partir del 1\u00b0 de enero para ingresar a trabajar en el estado; a esto se le suma el examen de idoneidad<\/h2>\n\n\n\n<p class=\"has-medium-font-size\">En el \u00faltimo&nbsp;<strong>Bolet\u00edn Oficial&nbsp;<\/strong>de&nbsp;<strong>2024<\/strong>, el Gobierno dispuso nuevas medidas para limitar el ingreso de personal nuevo al sector p\u00fablico mediante los&nbsp;<a href=\"https:\/\/www.lanacion.com.ar\/politica\/el-gobierno-establecio-cambios-en-el-regimen-de-empleo-del-sector-publico-nuevas-restricciones-y-la-nid31122024\/\">decretos<strong>&nbsp;1148\/24&nbsp;<\/strong><\/a>y&nbsp;<a href=\"https:\/\/www.lanacion.com.ar\/politica\/el-gobierno-instaura-un-examen-de-idoneidad-tambien-para-aprobar-los-ingresos-al-estado-nid31122024\/\"><strong>1149\/24,&nbsp;<\/strong><\/a>publicados el 31 de diciembre. Las disposiciones, firmadas por el presidente&nbsp;<strong>Javier Milei<\/strong>, buscan profundizar la reducci\u00f3n del gasto p\u00fablico y fomentar la idoneidad en el empleo estatal, tras 12 meses marcados por el ajuste fiscal que deriv\u00f3 en la salida de m\u00e1s de&nbsp;<strong>35.000&nbsp;<\/strong>empleados estatales.<\/p>\n\n\n\n<p class=\"has-medium-font-size\">As\u00ed lo inform\u00f3 el ministro de Desregulaci\u00f3n y Transformaci\u00f3n del Estado,&nbsp;<strong>Federico Sturzenegger<\/strong>. Entre enero y noviembre de 2024, se desvincularon cerca de&nbsp;<strong>36.000&nbsp;<\/strong>empleados estatales como parte de las pol\u00edticas de ajuste implementadas por la administraci\u00f3n de La Libertad Avanza (LLA). Esta cifra, destacada como un \u201caliciente fiscal\u201d, se complementa ahora con nuevas restricciones para futuras contrataciones.<\/p>\n\n\n\n<p class=\"has-medium-font-size\">El&nbsp;<strong>decreto 1149<\/strong>\/<strong>24&nbsp;<\/strong>establece que, a partir del 1 de marzo de 2025, quienes aspiren a ingresar al sector p\u00fablico deber\u00e1n aprobar una<strong>&nbsp;Evaluaci\u00f3n General de Conocimientos y Competencias<\/strong>, implementada&nbsp;<a href=\"https:\/\/www.lanacion.com.ar\/politica\/sturzenegger-dijo-que-el-95-de-los-empleados-publicos-que-ya-rindio-el-examen-de-idoneidad-lo-aprobo-nid20122024\/\">previamente&nbsp;<\/a>para los empleados existentes. Este examen tambi\u00e9n ser\u00e1 obligatorio para las empresas con mayor\u00eda accionaria estatal. Adem\u00e1s, cualquier alta en el sector deber\u00e1 estar respaldada por la baja de tres empleados, conforme a lo estipulado en el decreto 1148\/24.<\/p>\n\n\n\n<p class=\"has-medium-font-size\">La medida afecta a todas las jurisdicciones y entidades comprendidas en la Ley Marco de Regulaci\u00f3n de&nbsp;<strong>Empleo P\u00fablico Nacional&nbsp;<\/strong>(Ley N\u00ba 25.164) y sus normas reglamentarias, as\u00ed como a los contratos temporales y de servicios profesionales regidos por los decretos 1421\/02 y 1109\/17. Adem\u00e1s, las contrataciones realizadas durante 2025 no podr\u00e1n extenderse m\u00e1s all\u00e1 del 30 de junio, salvo excepciones limitadas.<\/p>\n\n\n\n<p class=\"has-medium-font-size\">En ese sentido, Sturzenegger explic\u00f3 que la iniciativa busca garantizar que&nbsp;<strong>\u201clos ingresos al Estado sean exclusivamente de personas capacitadas y que esto se traduzca en un servicio p\u00fablico de mayor calidad<\/strong>\u201d. En una publicaci\u00f3n en la red social X, el ministro concluy\u00f3 con una frase distintiva del oficialismo:&nbsp;<strong>\u201cLa motosierra contin\u00faa<\/strong>\u201d.<\/p>\n\n\n\n<p class=\"has-medium-font-size\">Las reacciones de los sindicatos no se hicieron esperar. La Asociaci\u00f3n de Trabajadores del Estado (ATE) calific\u00f3 como un \u201cavance parcial\u201d la contrataci\u00f3n anual de los trabajadores que aprobaron las evaluaciones de diciembre, pero cuestion\u00f3 la falta de estabilidad laboral.&nbsp;<strong>Rodolfo Aguiar<\/strong>, secretario general de ATE, exigi\u00f3 la incorporaci\u00f3n a planta permanente de los m\u00e1s de&nbsp;<strong>57.000&nbsp;<\/strong>trabajadores contratados bajo modalidades temporales.<\/p>\n\n\n\n<p class=\"has-medium-font-size\">Por otro lado, ATE tambi\u00e9n critic\u00f3 el decreto 1148\/24, que condicionar\u00e1 nuevas incorporaciones a la validaci\u00f3n por parte de la cartera de Desregulaci\u00f3n.&nbsp;<strong>\u201cEsta norma no elimina el dedo de los funcionarios para decidir ingresos, dejando abierta la puerta para el ingreso de militantes libertarios<\/strong>\u201d, declar\u00f3 Aguiar.<\/p>\n\n\n\n<p class=\"has-medium-font-size\">En el mismo sentido, la secretaria general del Sindicato de Trabajadores Viales y Afines,&nbsp;<strong>Graciela Ale\u00f1\u00e1<\/strong>, sostuvo que \u201clas medidas deber\u00edan aplicarse tambi\u00e9n a los funcionarios de LLA, quienes carecen de preparaci\u00f3n para comprender la importancia del Estado\u201d.<\/p>\n\n\n\n<figure class=\"wp-block-image is-resized\"><img decoding=\"async\" src=\"https:\/\/resizer.glanacion.com\/resizer\/v2\/milei-con-sturzenegger-frente-al-organigrama-de-MU7KWRZOCRDBTL7IZZW6JFOD7Q.jpg?auth=d0047c8bde1144efcb6542d6da5a338f1751476e31d4cc56f34223bfa6f44576&amp;width=420&amp;height=252&amp;quality=70&amp;smart=true\" alt=\"Milei, con Sturzenegger, frente al organigrama de la Administraci\u00f3n P\u00fablica Nacional\" style=\"width:839px;height:auto\"\/><figcaption class=\"wp-element-caption\">Milei, con Sturzenegger, frente al organigrama de la Administraci\u00f3n P\u00fablica NacionalX<\/figcaption><\/figure>\n\n\n\n<p class=\"has-medium-font-size\">El decreto tambi\u00e9n insta a las empresas estatales y fondos fiduciarios a adoptar medidas similares para limitar las contrataciones, en l\u00ednea con la reducci\u00f3n de personal en el sector p\u00fablico, por lo que se estableci\u00f3 que cualquier contrataci\u00f3n en 2025 deber\u00e1 estar previamente justificada y sujeta a estrictos controles de idoneidad.<\/p>\n\n\n\n<p class=\"has-medium-font-size\">Desde el Gobierno defendieron las medidas como una herramienta clave para&nbsp;<strong>racionalizar el gasto y asegurar la eficiencia en el empleo p\u00fablico.&nbsp;<\/strong>Sin embargo, los gremios insisten en que las decisiones generan precarizaci\u00f3n laboral y afectan derechos fundamentales de los trabajadores.<\/p>\n\n\n\n<p class=\"has-medium-font-size\">El impacto de estas disposiciones ser\u00e1 objeto de debate en las pr\u00f3ximas semanas, cuando se reanuden las negociaciones paritarias. Los sindicatos anticiparon que buscar\u00e1n revertir las restricciones y promover la estabilidad en el empleo estatal, un reclamo que, seg\u00fan ellos, sigue siendo desatendido por el actual gobierno.<\/p>\n\n\n\n<h2 class=\"wp-block-heading\" style=\"font-size:24px\">Los resultados del examen de idoneidad<\/h2>\n\n\n\n<p class=\"has-medium-font-size\">El viernes, el Gobierno difundi\u00f3 los&nbsp;<strong>resultados preliminares oficiales del examen de idoneidad<\/strong>&nbsp;que toma a los empleados p\u00fablicos para ver si est\u00e1n capacitados para la tarea.&nbsp;<strong>Seg\u00fan&nbsp;<\/strong><a href=\"https:\/\/www.lanacion.com.ar\/politica\/el-gobierno-elimino-un-tramite-absurdo-para-el-transporte-de-cargas-nid19122024\/\"><strong>Sturzenegger<\/strong><\/a><strong>, el 95% de los 9000 trabajadores p\u00fablicos que dieron la prueba lo hicieron de manera satisfactoria.&nbsp;<\/strong>El total de los que rendir\u00e1n es de m\u00e1s de 40.000.<\/p>\n\n\n\n<p class=\"has-medium-font-size\">Luego de cifras extraoficiales que hab\u00edan&nbsp;<a href=\"https:\/\/www.lanacion.com.ar\/politica\/el-96-de-los-empleados-estatales-que-ya-dieron-el-examen-de-idoneidad-lo-aprobaron-segun-uno-de-los-nid16122024\/\">sido publicadas la semana pasada por el gremio&nbsp;<strong>ATE<\/strong><\/a>&nbsp;-el m\u00e1s conflictivo con la Casa Rosada- y que hablaban de un porcentaje as\u00ed de alto, Sturzenegger utiliz\u00f3 su cuenta de&nbsp;<em>X<\/em>&nbsp;para contar c\u00f3mo avanza el proceso de evaluaci\u00f3n. \u201cCuando llegamos al Ministerio de Desregulaci\u00f3n nos pusimos como objetivo&nbsp;<strong>tomarle un examen a todo aspirante a ocupar un cargo en la administraci\u00f3n p\u00fablica<\/strong>. Quer\u00edamos una&nbsp;<strong>instancia apol\u00edtica que levantara la vara, jerarquizara el empleo p\u00fablico<\/strong>&nbsp;y que&nbsp;<strong>dificultara la incorporaci\u00f3n de militantes pol\u00edticos<\/strong>&nbsp;sin las calificaciones adecuadas\u201d, introdujo sobre las intenciones de su cartera.<\/p>\n\n\n\n<p class=\"has-medium-font-size\">Cont\u00f3, entonces, que sobre el fin de a\u00f1o se renovaban unos<strong>&nbsp;40.000 empleados<\/strong>&nbsp;de la planta transitoria a los que les tocaba rendir y aprobar para poder reconfirmar su contrato. \u201cVarias semanas antes del primer examen se subieron a la p\u00e1gina del ministerio el material de estudio y ex\u00e1menes de prueba, los que fueron objeto de mucha discusi\u00f3n period\u00edstica en las \u00faltimas semanas. Hoy puedo comunicar que el examen ya es una realidad\u201d, dijo el ministro y anunci\u00f3:&nbsp;<strong>\u201cSe est\u00e1 tomando desde el lunes de la semana pasada y ya lo han rendido unos 9000 empleados.<\/strong>&nbsp;Es un examen de competencias b\u00e1sicas con tres niveles (servicios generales, administraci\u00f3n y profesionales)&nbsp;<strong>y me complace informar que 95% de los empleados est\u00e1n aprobando en su primer intento (tienen tres)\u201d.<\/strong><\/p>\n\n\n\n<p class=\"has-medium-font-size\">Fuente: La Naci\u00f3n<\/p>\n","protected":false},"excerpt":{"rendered":"<p>El Ejecutivo estableci\u00f3 nuevas restricciones que rigen a partir del 1\u00b0 de enero para ingresar a trabajar en el estado; a esto se le suma el examen de idoneidad En el \u00faltimo&nbsp;Bolet\u00edn Oficial&nbsp;de&nbsp;2024, el Gobierno dispuso nuevas medidas para limitar el ingreso de personal nuevo al sector p\u00fablico mediante los&nbsp;decretos&nbsp;1148\/24&nbsp;y&nbsp;1149\/24,&nbsp;publicados el 31 de diciembre. Las [&hellip;]<\/p>\n","protected":false},"author":3,"featured_media":5207,"comment_status":"closed","ping_status":"open","sticky":false,"template":"","format":"standard","meta":{"footnotes":""},"categories":[4,81,39],"tags":[66,514,604,412,40],"class_list":["post-5679","post","type-post","status-publish","format-standard","has-post-thumbnail","hentry","category-economia","category-nacional","category-politica","tag-economia","tag-federico-sturzenegger","tag-gobierno-nacional","tag-javier-milei","tag-politica"],"blog_post_layout_featured_media_urls":{"thumbnail":["https:\/\/lavozdisruptiva.com\/wp-content\/uploads\/2024\/10\/Stuzzeneger-150x150.webp",150,150,true],"full":["https:\/\/lavozdisruptiva.com\/wp-content\/uploads\/2024\/10\/Stuzzeneger.webp",984,720,false]},"categories_names":{"4":{"name":"Econom\u00eda","link":"https:\/\/lavozdisruptiva.com\/index.php\/category\/economia\/"},"81":{"name":"Nacional","link":"https:\/\/lavozdisruptiva.com\/index.php\/category\/nacional\/"},"39":{"name":"Pol\u00edtica","link":"https:\/\/lavozdisruptiva.com\/index.php\/category\/politica\/"}},"tags_names":{"66":{"name":"Econom\u00eda","link":"https:\/\/lavozdisruptiva.com\/index.php\/tag\/economia\/"},"514":{"name":"Federico Sturzenegger","link":"https:\/\/lavozdisruptiva.com\/index.php\/tag\/federico-sturzenegger\/"},"604":{"name":"Gobierno Nacional","link":"https:\/\/lavozdisruptiva.com\/index.php\/tag\/gobierno-nacional\/"},"412":{"name":"Javier Milei","link":"https:\/\/lavozdisruptiva.com\/index.php\/tag\/javier-milei\/"},"40":{"name":"Pol\u00edtica","link":"https:\/\/lavozdisruptiva.com\/index.php\/tag\/politica\/"}},"comments_number":"0","wpmagazine_modules_lite_featured_media_urls":{"thumbnail":["https:\/\/lavozdisruptiva.com\/wp-content\/uploads\/2024\/10\/Stuzzeneger-150x150.webp",150,150,true],"cvmm-medium":["https:\/\/lavozdisruptiva.com\/wp-content\/uploads\/2024\/10\/Stuzzeneger-300x300.webp",300,300,true],"cvmm-medium-plus":["https:\/\/lavozdisruptiva.com\/wp-content\/uploads\/2024\/10\/Stuzzeneger-305x207.webp",305,207,true],"cvmm-portrait":["https:\/\/lavozdisruptiva.com\/wp-content\/uploads\/2024\/10\/Stuzzeneger-400x600.webp",400,600,true],"cvmm-medium-square":["https:\/\/lavozdisruptiva.com\/wp-content\/uploads\/2024\/10\/Stuzzeneger-600x600.webp",600,600,true],"cvmm-large":["https:\/\/lavozdisruptiva.com\/wp-content\/uploads\/2024\/10\/Stuzzeneger.webp",984,720,false],"cvmm-small":["https:\/\/lavozdisruptiva.com\/wp-content\/uploads\/2024\/10\/Stuzzeneger-130x95.webp",130,95,true],"full":["https:\/\/lavozdisruptiva.com\/wp-content\/uploads\/2024\/10\/Stuzzeneger.webp",984,720,false]},"_links":{"self":[{"href":"https:\/\/lavozdisruptiva.com\/index.php\/wp-json\/wp\/v2\/posts\/5679","targetHints":{"allow":["GET"]}}],"collection":[{"href":"https:\/\/lavozdisruptiva.com\/index.php\/wp-json\/wp\/v2\/posts"}],"about":[{"href":"https:\/\/lavozdisruptiva.com\/index.php\/wp-json\/wp\/v2\/types\/post"}],"author":[{"embeddable":true,"href":"https:\/\/lavozdisruptiva.com\/index.php\/wp-json\/wp\/v2\/users\/3"}],"replies":[{"embeddable":true,"href":"https:\/\/lavozdisruptiva.com\/index.php\/wp-json\/wp\/v2\/comments?post=5679"}],"version-history":[{"count":2,"href":"https:\/\/lavozdisruptiva.com\/index.php\/wp-json\/wp\/v2\/posts\/5679\/revisions"}],"predecessor-version":[{"id":5681,"href":"https:\/\/lavozdisruptiva.com\/index.php\/wp-json\/wp\/v2\/posts\/5679\/revisions\/5681"}],"wp:featuredmedia":[{"embeddable":true,"href":"https:\/\/lavozdisruptiva.com\/index.php\/wp-json\/wp\/v2\/media\/5207"}],"wp:attachment":[{"href":"https:\/\/lavozdisruptiva.com\/index.php\/wp-json\/wp\/v2\/media?parent=5679"}],"wp:term":[{"taxonomy":"category","embeddable":true,"href":"https:\/\/lavozdisruptiva.com\/index.php\/wp-json\/wp\/v2\/categories?post=5679"},{"taxonomy":"post_tag","embeddable":true,"href":"https:\/\/lavozdisruptiva.com\/index.php\/wp-json\/wp\/v2\/tags?post=5679"}],"curies":[{"name":"wp","href":"https:\/\/api.w.org\/{rel}","templated":true}]}}