{"id":5563,"date":"2024-12-12T10:41:23","date_gmt":"2024-12-12T13:41:23","guid":{"rendered":"https:\/\/lavozdisruptiva.com\/?p=5563"},"modified":"2024-12-12T10:41:24","modified_gmt":"2024-12-12T13:41:24","slug":"central-cordoba-hizo-historia-le-gano-a-velez-y-es-el-campeon-de-la-copa-argentina-2024","status":"publish","type":"post","link":"https:\/\/lavozdisruptiva.com\/index.php\/2024\/12\/12\/central-cordoba-hizo-historia-le-gano-a-velez-y-es-el-campeon-de-la-copa-argentina-2024\/","title":{"rendered":"Central C\u00f3rdoba hizo historia, le gan\u00f3 a V\u00e9lez y es el campe\u00f3n de la Copa Argentina 2024"},"content":{"rendered":"\n<h2 class=\"wp-block-heading\" style=\"font-size:24px\">En el estadio 15 de Abril de Santa Fe, el equipo de Santiago del Estero venci\u00f3 a Velez de Buenos Aires en la final del certamen federal.<\/h2>\n\n\n\n<p class=\"has-medium-font-size\"><strong>Central C\u00f3rdoba  con gol de Mat\u00edas Godoy, le gan\u00f3 1-0 a V\u00e9lez Sarsfield<\/strong>, en el estadio 15 de Abril de Santa Fe, en el marco de la<strong>\u00a0final de la Copa Argentina 2024.<\/strong><\/p>\n\n\n\n<p class=\"has-medium-font-size\">En el partido disputado en el estadio 15 de Abril de Santa Fe,&nbsp;<strong>el delantero Mat\u00edas Godoy marc\u00f3 el \u00fanico gol del encuentro a los 9 minutos&nbsp;<\/strong>del complemento.<\/p>\n\n\n\n<figure class=\"wp-block-image size-large\"><img loading=\"lazy\" decoding=\"async\" width=\"1024\" height=\"576\" src=\"https:\/\/lavozdisruptiva.com\/wp-content\/uploads\/2024\/12\/Central2-1024x576.jpeg\" alt=\"\" class=\"wp-image-5566\" srcset=\"https:\/\/lavozdisruptiva.com\/wp-content\/uploads\/2024\/12\/Central2-1024x576.jpeg 1024w, https:\/\/lavozdisruptiva.com\/wp-content\/uploads\/2024\/12\/Central2-300x169.jpeg 300w, https:\/\/lavozdisruptiva.com\/wp-content\/uploads\/2024\/12\/Central2-768x432.jpeg 768w, https:\/\/lavozdisruptiva.com\/wp-content\/uploads\/2024\/12\/Central2.jpeg 1200w\" sizes=\"auto, (max-width: 1024px) 100vw, 1024px\" \/><\/figure>\n\n\n\n<p class=\"has-medium-font-size\">Con este resultado, el equipo de Omar De Felippe conquist\u00f3 su\u00a0<strong>primera Copa Argentina y, por si fuera poco, clasific\u00f3 a la Copa Libertadores de Am\u00e9rica 2025<\/strong>\u00a0sellando un hecho hist\u00f3rico para los de Santiago del Estero.<strong>\u00a0El lunes desde las 21 en el estadio Monumental Jos\u00e9 Fierro, visitar\u00e1 a Atl\u00e9tico Tucum\u00e1n en el cierre de la Liga Profesional de F\u00fatbol.<\/strong>\u00a0<\/p>\n\n\n\n<p class=\"has-medium-font-size\">En un partido&nbsp;<strong>friccionado y sumamente parejo<\/strong>, el \u00b4Fort\u00edn\u00b4 y el \u00b4Ferroviario\u00b4 no se sacaron ventajas en los primeros 15 minutos, teniendo los de Liniers un&nbsp;<strong>claro mano a mano en los pies de Maher Carrizo que el arquero Luis Ingolotti contuvo.<\/strong><\/p>\n\n\n\n<p class=\"has-medium-font-size\">Sobre el final, Central C\u00f3rdoba tuvo su chance con una\u00a0<strong>incre\u00edble chilena de Favio Cabral que el arquero Tom\u00e1s Marchiori evit\u00f3 que sea gol.<\/strong><\/p>\n\n\n\n<p class=\"has-medium-font-size\">En el complemento, a los 9 minutos,&nbsp;<strong>Mat\u00edas Godoy abri\u00f3 la cuenta para el \u00b4Ferroviario\u00b4<\/strong>&nbsp;con un gol de otro partido. En un contragolpe, la pelota le lleg\u00f3 al delantero&nbsp;<strong>sobre la derecha del campo velezano y le peg\u00f3 al arco cruzado, de larga distancia, con la fortuna de que la pelota se termin\u00f3 colocando en el \u00e1ngulo izquierdo<\/strong>&nbsp;del arquero Marchiori.<\/p>\n\n\n\n<figure class=\"wp-block-image size-full is-resized\"><img loading=\"lazy\" decoding=\"async\" width=\"404\" height=\"452\" src=\"https:\/\/lavozdisruptiva.com\/wp-content\/uploads\/2024\/12\/Central-2.webp\" alt=\"\" class=\"wp-image-5567\" style=\"width:840px;height:auto\" srcset=\"https:\/\/lavozdisruptiva.com\/wp-content\/uploads\/2024\/12\/Central-2.webp 404w, https:\/\/lavozdisruptiva.com\/wp-content\/uploads\/2024\/12\/Central-2-268x300.webp 268w\" sizes=\"auto, (max-width: 404px) 100vw, 404px\" \/><\/figure>\n\n\n\n<h3 class=\"wp-block-heading has-medium-font-size\"><strong>Esta es la s\u00edntesis de V\u00e9lez Sarsfield vs Central C\u00f3rdoba de Santiago del Estero por la Copa Argentina 2024:<\/strong><\/h3>\n\n\n\n<p class=\"has-medium-font-size\"><strong>Copa Argentina 2024 &#8211; Final&nbsp;<\/strong><\/p>\n\n\n\n<p class=\"has-medium-font-size\"><strong>V\u00e9lez Sarsfield vs Central C\u00f3rdoba de Santiago del Estero&nbsp;<\/strong><\/p>\n\n\n\n<p class=\"has-medium-font-size\"><strong>Estadio:&nbsp;<\/strong>15 de Abril, Santa Fe.&nbsp;<\/p>\n\n\n\n<p class=\"has-medium-font-size\"><strong>\u00c1rbitro:&nbsp;<\/strong>Yael Falc\u00f3n P\u00e9rez.&nbsp;<\/p>\n\n\n\n<p class=\"has-medium-font-size\"><strong>V\u00e9lez Sarsfield:&nbsp;<\/strong>Tom\u00e1s Marchiori; Joaqu\u00edn Garc\u00eda, Emanuel Mammana, Valent\u00edn G\u00f3mez, El\u00edas G\u00f3mez; Jalil El\u00edas, Christian Ordo\u00f1ez, Agust\u00edn Bouzat; Maher Carrizo, Mat\u00edas Pellegrini y Braian Romero. DT: Gustavo Quinteros.&nbsp;<\/p>\n\n\n\n<p class=\"has-medium-font-size\"><strong>Central C\u00f3rdoba (SdE):<\/strong>&nbsp;Luis Ingolotti; Lucas Abascia, Yonathan Rak, Sebasti\u00e1n Valdez; Rafael Barrios, Kevin V\u00e1zquez, Jos\u00e9 Florent\u00edn, Juan Meli; Rodrigo Atencio, Favio Cabral y Mat\u00edas Godoy. DT: Omar De Felippe.<\/p>\n\n\n\n<p class=\"has-medium-font-size\"><strong>Goles en el segundo tiempo:<\/strong>&nbsp;9m. Mat\u00edas Godoy (C)<\/p>\n\n\n\n<p class=\"has-medium-font-size\"><strong>Cambios en el segundo tiempo:&nbsp;<\/strong>Al inicio. Claudio Aquino por Christian Ordo\u00f1ez (V) y Luis Miguel Angulo por Lucas Abascia (C); 14m. Michael Santos por Mat\u00edas Pellegrini (V); 27m. Agust\u00edn Lagos por Joaqu\u00edn Garcia (V), Francisco Pizzini por Braian Romero (V) y Alexis Segovia por Mat\u00edas Godoy (C); 35m. \u00c1lvaro Montoro por Maher Carrizo (V); 40m. Fernando Mart\u00ednez por Rodrigo Atencio (C); 42m. Mat\u00edas Ben\u00edtez por Favio Cabral (C)<\/p>\n\n\n\n<p class=\"has-medium-font-size\">Fuente: Medios digitales<\/p>\n","protected":false},"excerpt":{"rendered":"<p>En el estadio 15 de Abril de Santa Fe, el equipo de Santiago del Estero venci\u00f3 a Velez de Buenos Aires en la final del certamen federal. Central C\u00f3rdoba con gol de Mat\u00edas Godoy, le gan\u00f3 1-0 a V\u00e9lez Sarsfield, en el estadio 15 de Abril de Santa Fe, en el marco de la\u00a0final de [&hellip;]<\/p>\n","protected":false},"author":3,"featured_media":5565,"comment_status":"closed","ping_status":"open","sticky":false,"template":"","format":"standard","meta":{"footnotes":""},"categories":[8,81],"tags":[704,320,75,500],"class_list":["post-5563","post","type-post","status-publish","format-standard","has-post-thumbnail","hentry","category-deportes","category-nacional","tag-central-cordoba-sde","tag-copa-argentina","tag-futbol-2","tag-velez"],"blog_post_layout_featured_media_urls":{"thumbnail":["https:\/\/lavozdisruptiva.com\/wp-content\/uploads\/2024\/12\/Central-150x150.jpeg",150,150,true],"full":["https:\/\/lavozdisruptiva.com\/wp-content\/uploads\/2024\/12\/Central.jpeg",1290,760,false]},"categories_names":{"8":{"name":"Deportes","link":"https:\/\/lavozdisruptiva.com\/index.php\/category\/deportes\/"},"81":{"name":"Nacional","link":"https:\/\/lavozdisruptiva.com\/index.php\/category\/nacional\/"}},"tags_names":{"704":{"name":"Central C\u00f3rdoba (SdE)","link":"https:\/\/lavozdisruptiva.com\/index.php\/tag\/central-cordoba-sde\/"},"320":{"name":"Copa Argentina","link":"https:\/\/lavozdisruptiva.com\/index.php\/tag\/copa-argentina\/"},"75":{"name":"Futbol","link":"https:\/\/lavozdisruptiva.com\/index.php\/tag\/futbol-2\/"},"500":{"name":"Velez","link":"https:\/\/lavozdisruptiva.com\/index.php\/tag\/velez\/"}},"comments_number":"0","wpmagazine_modules_lite_featured_media_urls":{"thumbnail":["https:\/\/lavozdisruptiva.com\/wp-content\/uploads\/2024\/12\/Central-150x150.jpeg",150,150,true],"cvmm-medium":["https:\/\/lavozdisruptiva.com\/wp-content\/uploads\/2024\/12\/Central-300x300.jpeg",300,300,true],"cvmm-medium-plus":["https:\/\/lavozdisruptiva.com\/wp-content\/uploads\/2024\/12\/Central-305x207.jpeg",305,207,true],"cvmm-portrait":["https:\/\/lavozdisruptiva.com\/wp-content\/uploads\/2024\/12\/Central-400x600.jpeg",400,600,true],"cvmm-medium-square":["https:\/\/lavozdisruptiva.com\/wp-content\/uploads\/2024\/12\/Central-600x600.jpeg",600,600,true],"cvmm-large":["https:\/\/lavozdisruptiva.com\/wp-content\/uploads\/2024\/12\/Central-1024x760.jpeg",1024,760,true],"cvmm-small":["https:\/\/lavozdisruptiva.com\/wp-content\/uploads\/2024\/12\/Central-130x95.jpeg",130,95,true],"full":["https:\/\/lavozdisruptiva.com\/wp-content\/uploads\/2024\/12\/Central.jpeg",1290,760,false]},"_links":{"self":[{"href":"https:\/\/lavozdisruptiva.com\/index.php\/wp-json\/wp\/v2\/posts\/5563","targetHints":{"allow":["GET"]}}],"collection":[{"href":"https:\/\/lavozdisruptiva.com\/index.php\/wp-json\/wp\/v2\/posts"}],"about":[{"href":"https:\/\/lavozdisruptiva.com\/index.php\/wp-json\/wp\/v2\/types\/post"}],"author":[{"embeddable":true,"href":"https:\/\/lavozdisruptiva.com\/index.php\/wp-json\/wp\/v2\/users\/3"}],"replies":[{"embeddable":true,"href":"https:\/\/lavozdisruptiva.com\/index.php\/wp-json\/wp\/v2\/comments?post=5563"}],"version-history":[{"count":2,"href":"https:\/\/lavozdisruptiva.com\/index.php\/wp-json\/wp\/v2\/posts\/5563\/revisions"}],"predecessor-version":[{"id":5568,"href":"https:\/\/lavozdisruptiva.com\/index.php\/wp-json\/wp\/v2\/posts\/5563\/revisions\/5568"}],"wp:featuredmedia":[{"embeddable":true,"href":"https:\/\/lavozdisruptiva.com\/index.php\/wp-json\/wp\/v2\/media\/5565"}],"wp:attachment":[{"href":"https:\/\/lavozdisruptiva.com\/index.php\/wp-json\/wp\/v2\/media?parent=5563"}],"wp:term":[{"taxonomy":"category","embeddable":true,"href":"https:\/\/lavozdisruptiva.com\/index.php\/wp-json\/wp\/v2\/categories?post=5563"},{"taxonomy":"post_tag","embeddable":true,"href":"https:\/\/lavozdisruptiva.com\/index.php\/wp-json\/wp\/v2\/tags?post=5563"}],"curies":[{"name":"wp","href":"https:\/\/api.w.org\/{rel}","templated":true}]}}