{"id":5502,"date":"2024-12-05T17:26:57","date_gmt":"2024-12-05T20:26:57","guid":{"rendered":"https:\/\/lavozdisruptiva.com\/?p=5502"},"modified":"2024-12-05T17:26:59","modified_gmt":"2024-12-05T20:26:59","slug":"la-corte-suprema-ordeno-que-cristina-kirchner-vaya-a-juicio-por-el-memorandum-con-iran","status":"publish","type":"post","link":"https:\/\/lavozdisruptiva.com\/index.php\/2024\/12\/05\/la-corte-suprema-ordeno-que-cristina-kirchner-vaya-a-juicio-por-el-memorandum-con-iran\/","title":{"rendered":"La Corte Suprema orden\u00f3 que Cristina Kirchner vaya a juicio por el memor\u00e1ndum con Ir\u00e1n"},"content":{"rendered":"\n<h2 class=\"wp-block-heading\" style=\"font-size:24px\">El m\u00e1ximo tribunal aval\u00f3 la decisi\u00f3n que hab\u00eda tomado al respecto la Sala I de la C\u00e1mara Federal de Casaci\u00f3n Penal.<\/h2>\n\n\n\n<p class=\"has-medium-font-size\">La&nbsp;<strong>Corte Suprema de Justicia<\/strong>&nbsp;orden\u00f3 hoy que la ex presidenta&nbsp;<strong>Cristina Fern\u00e1ndez de Kirchner<\/strong>&nbsp;y otros acusados vayan a&nbsp;<strong>juicio oral<\/strong>&nbsp;por la firma del&nbsp;<strong>memor\u00e1ndum con Ir\u00e1n<\/strong>&nbsp;por el atentado a la&nbsp;<strong>AMIA<\/strong>, al rechazar recursos extraordinarios de las defensas, informaron fuentes judiciales.<\/p>\n\n\n\n<p class=\"has-medium-font-size\">El m\u00e1ximo tribunal aval\u00f3 la decisi\u00f3n que hab\u00eda tomado al respecto la&nbsp;<strong>Sala I de la C\u00e1mara Federal de Casaci\u00f3n Penal<\/strong>, que revoc\u00f3 los&nbsp;<strong>sobresimientos<\/strong>&nbsp;de todos los acusados y orden\u00f3 que se avance hacia la etapa de&nbsp;<strong>juicio<\/strong>&nbsp;en el caso que se abri\u00f3 por denuncia del fallecido&nbsp;<strong>fiscal Alberto Nisman<\/strong>.<\/p>\n\n\n\n<figure class=\"wp-block-image size-full\"><img loading=\"lazy\" decoding=\"async\" width=\"1024\" height=\"683\" src=\"https:\/\/lavozdisruptiva.com\/wp-content\/uploads\/2024\/12\/Nisman-2.png\" alt=\"\" class=\"wp-image-5504\" srcset=\"https:\/\/lavozdisruptiva.com\/wp-content\/uploads\/2024\/12\/Nisman-2.png 1024w, https:\/\/lavozdisruptiva.com\/wp-content\/uploads\/2024\/12\/Nisman-2-300x200.png 300w, https:\/\/lavozdisruptiva.com\/wp-content\/uploads\/2024\/12\/Nisman-2-768x512.png 768w\" sizes=\"auto, (max-width: 1024px) 100vw, 1024px\" \/><\/figure>\n\n\n\n<p class=\"has-medium-font-size\">En septiembre, la C\u00e1mara Federal de Casaci\u00f3n hab\u00eda anulado el sobreseimiento de Fern\u00e1ndez de Kirchner en la causa, donde&nbsp;<strong>la ex mandataria est\u00e1 acusada de encubrimiento del atentado a la AMIA, y orden\u00f3 que se realizara el juicio oral<\/strong>.&nbsp;&nbsp;&nbsp;<\/p>\n\n\n\n<p class=\"has-medium-font-size\">La causa se inici\u00f3 en enero de 2015 con la denuncia que present\u00f3 Nisman, y en la que sostuvo que con la firma del memor\u00e1ndum entre Argentina e Ir\u00e1n&nbsp;<strong>se busc\u00f3 encubrir a los acusados del atentado a la AMIA porque hac\u00eda caer las alertas rojas de detenci\u00f3n de Interpol<\/strong>&nbsp;que pesaban sobre ellos.<\/p>\n\n\n\n<p class=\"has-medium-font-size\">El Tribunal Oral Federal 8 sobresey\u00f3 en octubre de 2021 a todos los acusados por inexistencia de delito.&nbsp;&#8220;El Memor\u00e1ndum, m\u00e1s all\u00e1 de se lo considere un acierto o desacierto pol\u00edtico, no constituy\u00f3 delito&#8221;, dijeron en aquel fallo los jueces&nbsp;<strong>Gabriela L\u00f3pez I\u00f1iguez<\/strong>,&nbsp;<strong>Jos\u00e9 Michilini<\/strong>&nbsp;y&nbsp;<strong>Daniel Obligado<\/strong>, en una decisi\u00f3n que fue apelada por la DAIA y familiares de las v\u00edctimas del atentado a la AMIA.<\/p>\n\n\n\n<p class=\"has-medium-font-size\">Fuente: NA<\/p>\n","protected":false},"excerpt":{"rendered":"<p>El m\u00e1ximo tribunal aval\u00f3 la decisi\u00f3n que hab\u00eda tomado al respecto la Sala I de la C\u00e1mara Federal de Casaci\u00f3n Penal. La&nbsp;Corte Suprema de Justicia&nbsp;orden\u00f3 hoy que la ex presidenta&nbsp;Cristina Fern\u00e1ndez de Kirchner&nbsp;y otros acusados vayan a&nbsp;juicio oral&nbsp;por la firma del&nbsp;memor\u00e1ndum con Ir\u00e1n&nbsp;por el atentado a la&nbsp;AMIA, al rechazar recursos extraordinarios de las defensas, informaron [&hellip;]<\/p>\n","protected":false},"author":3,"featured_media":5503,"comment_status":"closed","ping_status":"open","sticky":false,"template":"","format":"standard","meta":{"footnotes":""},"categories":[47,81,48,39],"tags":[919,773,131,920,40],"class_list":["post-5502","post","type-post","status-publish","format-standard","has-post-thumbnail","hentry","category-internacional","category-nacional","category-policiales","category-politica","tag-alberto-nisman","tag-amia","tag-cristina-kichner","tag-memorandum-con-iran","tag-politica"],"blog_post_layout_featured_media_urls":{"thumbnail":["https:\/\/lavozdisruptiva.com\/wp-content\/uploads\/2024\/12\/Nisman-1-150x150.jpg",150,150,true],"full":["https:\/\/lavozdisruptiva.com\/wp-content\/uploads\/2024\/12\/Nisman-1.jpg",800,400,false]},"categories_names":{"47":{"name":"Internacional","link":"https:\/\/lavozdisruptiva.com\/index.php\/category\/internacional\/"},"81":{"name":"Nacional","link":"https:\/\/lavozdisruptiva.com\/index.php\/category\/nacional\/"},"48":{"name":"Policiales","link":"https:\/\/lavozdisruptiva.com\/index.php\/category\/policiales\/"},"39":{"name":"Pol\u00edtica","link":"https:\/\/lavozdisruptiva.com\/index.php\/category\/politica\/"}},"tags_names":{"919":{"name":"Alberto Nisman","link":"https:\/\/lavozdisruptiva.com\/index.php\/tag\/alberto-nisman\/"},"773":{"name":"AMIA","link":"https:\/\/lavozdisruptiva.com\/index.php\/tag\/amia\/"},"131":{"name":"Cristina Kichner","link":"https:\/\/lavozdisruptiva.com\/index.php\/tag\/cristina-kichner\/"},"920":{"name":"Memor\u00e1ndum con Ir\u00e1n","link":"https:\/\/lavozdisruptiva.com\/index.php\/tag\/memorandum-con-iran\/"},"40":{"name":"Pol\u00edtica","link":"https:\/\/lavozdisruptiva.com\/index.php\/tag\/politica\/"}},"comments_number":"0","wpmagazine_modules_lite_featured_media_urls":{"thumbnail":["https:\/\/lavozdisruptiva.com\/wp-content\/uploads\/2024\/12\/Nisman-1-150x150.jpg",150,150,true],"cvmm-medium":["https:\/\/lavozdisruptiva.com\/wp-content\/uploads\/2024\/12\/Nisman-1-300x300.jpg",300,300,true],"cvmm-medium-plus":["https:\/\/lavozdisruptiva.com\/wp-content\/uploads\/2024\/12\/Nisman-1-305x207.jpg",305,207,true],"cvmm-portrait":["https:\/\/lavozdisruptiva.com\/wp-content\/uploads\/2024\/12\/Nisman-1-400x400.jpg",400,400,true],"cvmm-medium-square":["https:\/\/lavozdisruptiva.com\/wp-content\/uploads\/2024\/12\/Nisman-1-600x400.jpg",600,400,true],"cvmm-large":["https:\/\/lavozdisruptiva.com\/wp-content\/uploads\/2024\/12\/Nisman-1.jpg",800,400,false],"cvmm-small":["https:\/\/lavozdisruptiva.com\/wp-content\/uploads\/2024\/12\/Nisman-1-130x95.jpg",130,95,true],"full":["https:\/\/lavozdisruptiva.com\/wp-content\/uploads\/2024\/12\/Nisman-1.jpg",800,400,false]},"_links":{"self":[{"href":"https:\/\/lavozdisruptiva.com\/index.php\/wp-json\/wp\/v2\/posts\/5502","targetHints":{"allow":["GET"]}}],"collection":[{"href":"https:\/\/lavozdisruptiva.com\/index.php\/wp-json\/wp\/v2\/posts"}],"about":[{"href":"https:\/\/lavozdisruptiva.com\/index.php\/wp-json\/wp\/v2\/types\/post"}],"author":[{"embeddable":true,"href":"https:\/\/lavozdisruptiva.com\/index.php\/wp-json\/wp\/v2\/users\/3"}],"replies":[{"embeddable":true,"href":"https:\/\/lavozdisruptiva.com\/index.php\/wp-json\/wp\/v2\/comments?post=5502"}],"version-history":[{"count":1,"href":"https:\/\/lavozdisruptiva.com\/index.php\/wp-json\/wp\/v2\/posts\/5502\/revisions"}],"predecessor-version":[{"id":5505,"href":"https:\/\/lavozdisruptiva.com\/index.php\/wp-json\/wp\/v2\/posts\/5502\/revisions\/5505"}],"wp:featuredmedia":[{"embeddable":true,"href":"https:\/\/lavozdisruptiva.com\/index.php\/wp-json\/wp\/v2\/media\/5503"}],"wp:attachment":[{"href":"https:\/\/lavozdisruptiva.com\/index.php\/wp-json\/wp\/v2\/media?parent=5502"}],"wp:term":[{"taxonomy":"category","embeddable":true,"href":"https:\/\/lavozdisruptiva.com\/index.php\/wp-json\/wp\/v2\/categories?post=5502"},{"taxonomy":"post_tag","embeddable":true,"href":"https:\/\/lavozdisruptiva.com\/index.php\/wp-json\/wp\/v2\/tags?post=5502"}],"curies":[{"name":"wp","href":"https:\/\/api.w.org\/{rel}","templated":true}]}}