{"id":5483,"date":"2024-12-03T10:50:20","date_gmt":"2024-12-03T13:50:20","guid":{"rendered":"https:\/\/lavozdisruptiva.com\/?p=5483"},"modified":"2024-12-03T10:50:22","modified_gmt":"2024-12-03T13:50:22","slug":"blanqueo-el-gobierno-ordeno-reabrir-la-primera-etapa","status":"publish","type":"post","link":"https:\/\/lavozdisruptiva.com\/index.php\/2024\/12\/03\/blanqueo-el-gobierno-ordeno-reabrir-la-primera-etapa\/","title":{"rendered":"Blanqueo: El Gobierno orden\u00f3 reabrir la primera etapa"},"content":{"rendered":"\n<h2 class=\"wp-block-heading\" style=\"font-size:25px\">El Ministerio de Econom\u00eda encomend\u00f3 a la ARCA volver a abrir temporalmente la etapa 1 del R\u00e9gimen de Regularizaci\u00f3n de Activos.<\/h2>\n\n\n\n<p class=\"has-medium-font-size\">El Gobierno dispuso este martes la<strong>\u00a0reapertura de la primera etapa del blanqueo\u00a0<\/strong>para los contribuyentes que depositaron dinero en efectivo en las <strong>Cuentas Especiales de Regularizaci\u00f3n de Activos (CERA), pero no completaron el proceso de adhesi\u00f3n.<\/strong><\/p>\n\n\n\n<p class=\"has-medium-font-size\">El Ministerio de Econom\u00eda encomend\u00f3 a la Agencia de Recaudaci\u00f3n y Control Aduanero (ARCA) avanzar con la&nbsp;<strong>autorizaci\u00f3n para habilitar a quienes hayan depositado plata en los bancos a finalizar el tr\u00e1mite correspondiente<\/strong>&nbsp;para ingresar al R\u00e9gimen de Regularizaci\u00f3n de Activos, mediante la Resoluci\u00f3n 1289\/2024, publicada en el Bolet\u00edn Oficial.<\/p>\n\n\n\n<p class=\"has-medium-font-size\">La normativa firmada por el responsable de la cartera econ\u00f3mica, Luis Caputo, inst\u00f3 a la ARCA\u00a0<em>\u201c<strong>a dictar las normas que autoricen a los sujetos que hubieran regularizado fondos en el marco del r\u00e9gimen del Cap\u00edtulo V del T\u00edtulo II de la Ley N\u00b0 27.743 de Medidas Fiscales Paliativas y Relevantes, a que,\u00a0hasta el 6 de diciembre de 2024, inclusive,\u00a0puedan culminar el proceso de adhesi\u00f3n a ese r\u00e9gimen<\/strong>\u201d.<\/em><\/p>\n\n\n\n<p class=\"has-medium-font-size\">En el texto oficial, se consider\u00f3 que<em>\u00a0\u201c<strong>habiendo fenecido el plazo instaurado por la normativa para la manifestaci\u00f3n de la referida adhesi\u00f3n y\u00a0subsistiendo motivos de car\u00e1cter sist\u00e9mico\u00a0que no han permitido, en algunos casos, culminar el proceso, resulta menester encomendar a la ARCA a que dicte las normas que autoricen, ante tales situaciones, a que pueda finalizarse con dicho tr\u00e1mite<\/strong>\u201d.<\/em><\/p>\n\n\n\n<p class=\"has-medium-font-size\">El procedimiento que deb\u00edan encarar los contribuyentes para adherirse a la etapa 1 del blanqueo era realizar una manifestaci\u00f3n de adhesi\u00f3n, ingresar el efectivo en la cuenta especial CERA y luego completar el tr\u00e1mite realizando una declaraci\u00f3n jurada, adjuntando la documentaci\u00f3n de la operaci\u00f3n. Al detectarse que algunas personas solamente depositaron el dinero sin efectuar los otros dos pasos, el Gobierno consider\u00f3 oportuno&nbsp;<strong>dar una nueva posibilidad para que se cumplimente el proceso en su totalidad.<\/strong><\/p>\n\n\n\n<p class=\"has-medium-font-size\">De esta manera, aquellos contribuyentes que tengan pendiente la adhesi\u00f3n al r\u00e9gimen podr\u00e1n cumplimentar con el proceso <strong>hasta el viernes 6 de diciembre<\/strong>, tal como sucedi\u00f3 desde el lanzamiento de la primera etapa del blanqueo en septiembre, que cont\u00f3 con dos pr\u00f3rrogas que extendieron el plazo hasta el pasado 8 de noviembre.\u00a0<\/p>\n\n\n\n<p class=\"has-medium-font-size\">En la primera instancia para regularizar activos, se registr\u00f3 el reingreso al sistema financiero de US$23.321, seg\u00fan inform\u00f3 la ARCA. De ese total,&nbsp;<strong>US$20.631 corresponden a dinero en efectivo<\/strong>&nbsp;que se dividieron entre las especiales CERA y las constituidas en Agencias de Liquidaci\u00f3n y Compensaci\u00f3n (ALyC).<\/p>\n\n\n\n<p class=\"has-medium-font-size\">Actualmente est\u00e1 vigente la etapa dos, que tiene como per\u00edodo para realizar la manifestaci\u00f3n y pago adelantado del 1\u00b0 de noviembre al 31 de enero. Y hasta el 28 de febrero de 2025 se podr\u00e1 realizar la presentaci\u00f3n de la declaraci\u00f3n jurada y completar el pago. La al\u00edcuota a pagar por los bienes regularizados es 10%.<\/p>\n\n\n\n<p class=\"has-medium-font-size\">La tercera etapa, en tanto, va del 1\u00b0 de febrero de 2025 al 31 de abril de 2025, con presentaci\u00f3n de declaraci\u00f3n y pago de la al\u00edcuota, que alcanza el 15%, es hasta el 31 de mayo. El Ejecutivo puede establecer una prorroga del blanqueo hasta el 31 de julio de 2025, inclusive.<\/p>\n\n\n\n<p class=\"has-medium-font-size\">Fuente: NA\/ Medios digitales<\/p>\n","protected":false},"excerpt":{"rendered":"<p>El Ministerio de Econom\u00eda encomend\u00f3 a la ARCA volver a abrir temporalmente la etapa 1 del R\u00e9gimen de Regularizaci\u00f3n de Activos. El Gobierno dispuso este martes la\u00a0reapertura de la primera etapa del blanqueo\u00a0para los contribuyentes que depositaron dinero en efectivo en las Cuentas Especiales de Regularizaci\u00f3n de Activos (CERA), pero no completaron el proceso de [&hellip;]<\/p>\n","protected":false},"author":3,"featured_media":5484,"comment_status":"closed","ping_status":"open","sticky":false,"template":"","format":"standard","meta":{"footnotes":""},"categories":[4,81,39],"tags":[910,821,66,604,412,914,40],"class_list":["post-5483","post","type-post","status-publish","format-standard","has-post-thumbnail","hentry","category-economia","category-nacional","category-politica","tag-arca","tag-blanqueo","tag-economia","tag-gobierno-nacional","tag-javier-milei","tag-ministerio-de-economia","tag-politica"],"blog_post_layout_featured_media_urls":{"thumbnail":["https:\/\/lavozdisruptiva.com\/wp-content\/uploads\/2024\/12\/Blanqueo-150x150.webp",150,150,true],"full":["https:\/\/lavozdisruptiva.com\/wp-content\/uploads\/2024\/12\/Blanqueo.webp",655,368,false]},"categories_names":{"4":{"name":"Econom\u00eda","link":"https:\/\/lavozdisruptiva.com\/index.php\/category\/economia\/"},"81":{"name":"Nacional","link":"https:\/\/lavozdisruptiva.com\/index.php\/category\/nacional\/"},"39":{"name":"Pol\u00edtica","link":"https:\/\/lavozdisruptiva.com\/index.php\/category\/politica\/"}},"tags_names":{"910":{"name":"ARCA","link":"https:\/\/lavozdisruptiva.com\/index.php\/tag\/arca\/"},"821":{"name":"Blanqueo","link":"https:\/\/lavozdisruptiva.com\/index.php\/tag\/blanqueo\/"},"66":{"name":"Econom\u00eda","link":"https:\/\/lavozdisruptiva.com\/index.php\/tag\/economia\/"},"604":{"name":"Gobierno Nacional","link":"https:\/\/lavozdisruptiva.com\/index.php\/tag\/gobierno-nacional\/"},"412":{"name":"Javier Milei","link":"https:\/\/lavozdisruptiva.com\/index.php\/tag\/javier-milei\/"},"914":{"name":"Ministerio de Econom\u00eda","link":"https:\/\/lavozdisruptiva.com\/index.php\/tag\/ministerio-de-economia\/"},"40":{"name":"Pol\u00edtica","link":"https:\/\/lavozdisruptiva.com\/index.php\/tag\/politica\/"}},"comments_number":"0","wpmagazine_modules_lite_featured_media_urls":{"thumbnail":["https:\/\/lavozdisruptiva.com\/wp-content\/uploads\/2024\/12\/Blanqueo-150x150.webp",150,150,true],"cvmm-medium":["https:\/\/lavozdisruptiva.com\/wp-content\/uploads\/2024\/12\/Blanqueo-300x300.webp",300,300,true],"cvmm-medium-plus":["https:\/\/lavozdisruptiva.com\/wp-content\/uploads\/2024\/12\/Blanqueo-305x207.webp",305,207,true],"cvmm-portrait":["https:\/\/lavozdisruptiva.com\/wp-content\/uploads\/2024\/12\/Blanqueo-400x368.webp",400,368,true],"cvmm-medium-square":["https:\/\/lavozdisruptiva.com\/wp-content\/uploads\/2024\/12\/Blanqueo-600x368.webp",600,368,true],"cvmm-large":["https:\/\/lavozdisruptiva.com\/wp-content\/uploads\/2024\/12\/Blanqueo.webp",655,368,false],"cvmm-small":["https:\/\/lavozdisruptiva.com\/wp-content\/uploads\/2024\/12\/Blanqueo-130x95.webp",130,95,true],"full":["https:\/\/lavozdisruptiva.com\/wp-content\/uploads\/2024\/12\/Blanqueo.webp",655,368,false]},"_links":{"self":[{"href":"https:\/\/lavozdisruptiva.com\/index.php\/wp-json\/wp\/v2\/posts\/5483","targetHints":{"allow":["GET"]}}],"collection":[{"href":"https:\/\/lavozdisruptiva.com\/index.php\/wp-json\/wp\/v2\/posts"}],"about":[{"href":"https:\/\/lavozdisruptiva.com\/index.php\/wp-json\/wp\/v2\/types\/post"}],"author":[{"embeddable":true,"href":"https:\/\/lavozdisruptiva.com\/index.php\/wp-json\/wp\/v2\/users\/3"}],"replies":[{"embeddable":true,"href":"https:\/\/lavozdisruptiva.com\/index.php\/wp-json\/wp\/v2\/comments?post=5483"}],"version-history":[{"count":2,"href":"https:\/\/lavozdisruptiva.com\/index.php\/wp-json\/wp\/v2\/posts\/5483\/revisions"}],"predecessor-version":[{"id":5486,"href":"https:\/\/lavozdisruptiva.com\/index.php\/wp-json\/wp\/v2\/posts\/5483\/revisions\/5486"}],"wp:featuredmedia":[{"embeddable":true,"href":"https:\/\/lavozdisruptiva.com\/index.php\/wp-json\/wp\/v2\/media\/5484"}],"wp:attachment":[{"href":"https:\/\/lavozdisruptiva.com\/index.php\/wp-json\/wp\/v2\/media?parent=5483"}],"wp:term":[{"taxonomy":"category","embeddable":true,"href":"https:\/\/lavozdisruptiva.com\/index.php\/wp-json\/wp\/v2\/categories?post=5483"},{"taxonomy":"post_tag","embeddable":true,"href":"https:\/\/lavozdisruptiva.com\/index.php\/wp-json\/wp\/v2\/tags?post=5483"}],"curies":[{"name":"wp","href":"https:\/\/api.w.org\/{rel}","templated":true}]}}