{"id":5222,"date":"2024-10-13T12:52:28","date_gmt":"2024-10-13T15:52:28","guid":{"rendered":"https:\/\/lavozdisruptiva.com\/?p=5222"},"modified":"2024-10-13T12:52:30","modified_gmt":"2024-10-13T15:52:30","slug":"el-teorema-de-las-moscas","status":"publish","type":"post","link":"https:\/\/lavozdisruptiva.com\/index.php\/2024\/10\/13\/el-teorema-de-las-moscas\/","title":{"rendered":"El Teorema de las Moscas"},"content":{"rendered":"\n<h2 class=\"wp-block-heading has-medium-font-size\">Javi sigue sin avivarse del peligro que corre si los movimientos de Cristina activan el Teorema de la Moscas.<\/h2>\n\n\n\n<p class=\"has-medium-font-size\">Por: Alejandro Borensztein.  Para: Clar\u00edn<\/p>\n\n\n\n<p class=\"has-medium-font-size\">Antes que nada, lamentamos informar que el Premio Nobel de Econom\u00eda que se anunciar\u00e1 este lunes dif\u00edcilmente le sea otorgado a Sergio Massa. Si bien algunos empresarios afines al tigrense habr\u00edan intentado aceitar la decisi\u00f3n de los suecos, es muy probable que el 211% de inflaci\u00f3n anual que el exministro nos dej\u00f3 en 2023 le haya jugado en contra. Una pena, otra vez ser\u00e1.<\/p>\n\n\n\n<p class=\"has-medium-font-size\">Dicho esto analicemos un episodio que explica mucho de lo que ha pasado en la Argentina en los \u00faltimos 20 a\u00f1os.<\/p>\n\n\n\n<p class=\"has-medium-font-size\">El pasado lunes 7 de octubre&nbsp;<a href=\"https:\/\/www.clarin.com\/fotogalerias\/fotos-manifestaciones-mundo-primer-aniversario-ataque-hamas-suelo-israeli-octubre_5_XGkRGnBGZs.html?srsltid=AfmBOooR2W7hLLhBsNij-CvQm6eoGO5gaH9fj7AhHha2j65xBqIU_fQi\" target=\"_blank\" rel=\"noreferrer noopener\">se cumpli\u00f3 el primer aniversario&nbsp;<\/a>del ataque que la organizaci\u00f3n terrorista Ham\u00e1s perpetr\u00f3 en el sur de Israel. En todo el mundo hubo homenajes, muestras de solidaridad y reclamos por la vida de los rehenes secuestrados. En nuestro pa\u00eds hubo una gran concentraci\u00f3n, un fuerte apoyo del gobierno nacional pero tambi\u00e9n mensajes personales de Milei, Villarruel, Bullrich, Macri 1, Macri 2, Vidal, Lousteau, Manes, Lilita, Larreta, Stolbizer y dem\u00e1s dirigentes relevantes del pa\u00eds. Pr\u00e1cticamente todos.&nbsp;<strong>Todos menos Cristina.<\/strong><\/p>\n\n\n\n<p class=\"has-medium-font-size\">No solo Ella mantuvo el silencio.&nbsp;<strong>Tampoco dijeron nada Kicillof, Massa, M\u00e1ximo o La C\u00e1mpora<\/strong>. Solo uno de ellos se anim\u00f3 y se expres\u00f3 p\u00fablicamente: Luis D\u2019El\u00eda. El hecho de que lo hizo a favor de los terroristas de Ham\u00e1s<strong>&nbsp;es un temita aparte. Por lo menos el tipo abri\u00f3 la boca.<\/strong><\/p>\n\n\n\n<p class=\"has-medium-font-size\">Por supuesto, esta actitud del kirchnerismo enoj\u00f3 a much\u00edsima gente que observa estos asuntos sin terminar de entender c\u00f3mo es la cosa. Aclar\u00e9moslo de una buena vez.<\/p>\n\n\n\n<p class=\"has-medium-font-size\">No hay que enojarse con el kirchnerismo. Es sabido que sobre gustos no hay nada escrito y que<strong>&nbsp;a ellos les gusta m\u00e1s Hezbollah que Churchill.&nbsp;<\/strong>A ellos, antes que Clinton, Sanguinetti, Merkel o Felipe Gonz\u00e1lez, les cae mejor Ham\u00e1s. Son gustos. Les vibra as\u00ed.<\/p>\n\n\n\n<p class=\"has-medium-font-size\">No por nada muchos de ellos festejaron la ca\u00edda de las Torres Gemelas, por algo apoyaron a Ch\u00e1vez y a Castro, y por algo todav\u00eda bancan a Maduro, admiran a Putin y ofrecieron que Argentina sea la puerta de entrada de Rusia en Latinoam\u00e9rica, como propuso el \u201cpresidente\u201d onanista.<\/p>\n\n\n\n<p class=\"has-medium-font-size\">Al fin y al cabo, Cristina ha dicho m\u00e1s de una vez que su modelo de capitalismo es China, y ha sido<strong>&nbsp;Ella misma la que impuls\u00f3 y firm\u00f3 un Memor\u00e1ndum con los iran\u00edes&nbsp;<\/strong>para investigar el atentado que cometieron los iran\u00edes. Son as\u00ed. Tampoco es para tanto, no nos enga\u00f1emos: tendr\u00e1n cierta debilidad por las dictaduras,&nbsp;<strong>pero a la hora de veranear prefieren Miami. O Marbella. Es decir, son kirchneristas pero no boludos.<\/strong><\/p>\n\n\n\n<p class=\"has-medium-font-size\">Este concepto es fundamental para que Javi lo entienda y no se siga equivocando. \u00bfQu\u00e9 tendr\u00e1 que ver una cosa con la otra? Mucho m\u00e1s de lo que parece. Veamos.<\/p>\n\n\n\n<p class=\"has-medium-font-size\"><strong>Milei se cree Gardel por el simple hecho de haber bajado la inflaci\u00f3n al 3,5%.<\/strong>&nbsp;Es un gran m\u00e9rito, pero no da para gritar el gol colgado del alambrado como hacen Caputo, Sturzenegger y los dem\u00e1s oficiales de cuenta.<\/p>\n\n\n\n<p class=\"has-medium-font-size\">Si usted, amigo lector, es uno de nuestros seguidores extranjeros o de los que hace a\u00f1os vive en el exterior, sepa que esta semana el gobierno descorch\u00f3 champagne porque la inflaci\u00f3n baj\u00f3 a 3,5%&#8230; mensual! Lo m\u00e1s divertido es que su tradicional adversario, el kirchnerismo,<strong>&nbsp;no puede abrir la boca porque ellos dejaron el gobierno con 25% mensual.<\/strong><\/p>\n\n\n\n<p class=\"has-medium-font-size\">El equipo de Massa y el Instituto Patria intentan despegarse diciendo que el 25% de diciembre es todo de Milei y que ellos solo son responsables del 14% de noviembre,&nbsp;<strong>como si 14% mensual fuera la inflaci\u00f3n normal de Noruega<\/strong>. Hay que reconocer que a veces son geniales. De todos modos, el Nobel a Massa no se lo van a dar. Seamos sinceros, a Guzm\u00e1n tampoco.<\/p>\n\n\n\n<p class=\"has-medium-font-size\">Volviendo al punto, el lunes pasado, en lugar de expresarse por el aniversario de la barbarie, Cristina public\u00f3 otra de sus cartas pol\u00edticas explicando todos los errores que se cometieron en los \u00faltimos 50 a\u00f1os, obviamente exceptuando los que cometi\u00f3 Ella. Estos son los momentos en que se verifica que Milei no es el \u00fanico que est\u00e1 completamente loco.<\/p>\n\n\n\n<p class=\"has-medium-font-size\">En ese documento Cristina volvi\u00f3 a explicar, como tantas veces, que el verdadero problema del pa\u00eds es el frente externo, eufemismo que Ella usa para decir que el problema es la falta de d\u00f3lares producto de que los verdes que entran al pa\u00eds se fugan inmediatamente. Hay que reconocer que en algo de eso tiene raz\u00f3n.<\/p>\n\n\n\n<p class=\"has-medium-font-size\">Lo que Ella no entiende es que desde hace a\u00f1os<strong>&nbsp;la causa principal por la que los d\u00f3lares se van es, justamente, Ella misma.<\/strong><\/p>\n\n\n\n<p class=\"has-medium-font-size\">Cristina es como ese se\u00f1or que&nbsp;<strong>no se ba\u00f1a y se queja porque hay moscas<\/strong>. Obviamente, las moscas lo siguen porque el tipo no se ba\u00f1a. Pero Ella no lo ve o no lo quiere ver.<\/p>\n\n\n\n<p class=\"has-medium-font-size\">De hecho, en su \u00faltima \u201cclase magistral\u201d present\u00f3 un gr\u00e1fico que mostraba la salida de capitales a lo largo del tiempo haciendo hincapi\u00e9 en el pico de salida que hubo en los \u00faltimos cuatro meses de Macri. Lo que Cristina no explic\u00f3 es que esos d\u00f3lares hu\u00edan en manada porque Ella hab\u00eda arrasado en las PASO y su retorno era inevitable.<strong>&nbsp;O sea, a Cristina le pasa lo mismo que al ro\u00f1oso de las moscas.<\/strong><\/p>\n\n\n\n<p class=\"has-medium-font-size\">Enunciemos entonces el&nbsp;<strong>Teorema de las Moscas<\/strong>&nbsp;a ver si de una buena vez los argentinos nos quedamos con el Nobel de Econom\u00eda:&nbsp;<em>\u201cla cantidad de d\u00f3lares que se van de la Argentina es directamente proporcional a la distancia que hay entre Cristina y la Casa Rosada\u201d<\/em>. En otras palabras, cuanto m\u00e1s cerca est\u00e1 Cristina (o el kirchnerismo) del poder,<strong>&nbsp;mayor cantidad de d\u00f3lares y m\u00e1s r\u00e1pido se van del pa\u00eds.<\/strong><\/p>\n\n\n\n<p class=\"has-medium-font-size\">Es l\u00f3gico, los d\u00f3lares no son boludos. No se quieren quedar en un lugar donde gobierna o est\u00e1 por gobernar alguien que admira a Ch\u00e1vez, apoya a Maduro, es hincha de Putin y de Xi Jinping, se asocia con Ir\u00e1n y no le molesta en absoluto lo que hacen Ham\u00e1s y Hezbollah. Por eso los d\u00f3lares se van. Como ve, amigo lector, todo se conecta con todo.<\/p>\n\n\n\n<p class=\"has-medium-font-size\">El problema es que esto tampoco lo ve Milei. Por ahora es algo que le queda lejos, pero siempre est\u00e1. De nada va a servir que el gobierno libertario baje la inflaci\u00f3n si la conflictividad pol\u00edtica, el enfrentamiento y&nbsp;<strong>el delirio del tri\u00e1ngulo de hierro&nbsp;<\/strong>que forman Javi, Karina y el<a href=\"https:\/\/www.clarin.com\/opinion\/topito-milei_0_jEzGBHBlmF.html?srsltid=AfmBOoo8oqb2ovFxc09edKF1Zys_ztwQz0BE2ejPwt0rSPvE-Hy80xTf\" target=\"_blank\" rel=\"noreferrer noopener\">&nbsp;topito Caputo<\/a>&nbsp;los hace chocar y dejan al kirchnerismo m\u00e1s cerca del retorno. Los d\u00f3lares huelen el peligro antes que nadie, los d\u00f3lares no perdonan, los d\u00f3lares no arriesgan.<\/p>\n\n\n\n<p class=\"has-medium-font-size\">Raro que esto no lo vea Luis Caputo que, como buen asesor financiero devenido en ministro, ya deber\u00eda haberse avivado.<\/p>\n\n\n\n<p class=\"has-medium-font-size\">Ahora que volvimos a la F\u00f3rmula 1 con Colapinto, podr\u00edamos decir que Javi va primero c\u00f3modo.&nbsp;<strong>Pero Cristina, que hab\u00eda largado d\u00e9cima, ya est\u00e1 segunda. Lejos, pero est\u00e1.<\/strong><\/p>\n\n\n\n<p class=\"has-medium-font-size\">Bastar\u00eda que el inexperto piloto Milei&nbsp;<strong>se coma una curva o se demore insultando en boxes<\/strong>&nbsp;para que Cristina achique la distancia, se acerque al poder, el Teorema de las Moscas se active, los d\u00f3lares empiecen a huir y todo se vaya al carajo.<\/p>\n\n\n\n<p class=\"has-medium-font-size\"><a href=\"https:\/\/www.clarin.com\/politica\/cristina-kirchner-candidatura-presidencia-pj-dispuesta-aceptar-desafio-debatir-unidad-aca-sobra-nadie_0_jHp6uBrsA7.html\" target=\"_blank\" rel=\"noreferrer noopener\">Esta semana anunci\u00f3 que va a presidir el PJ.<\/a>&nbsp;Aclaraci\u00f3n al margen: el presidente anterior del partido era Alberto pero tuvo que dejar&nbsp;<strong>el Pejota porque ahora preside el Pajota<\/strong>. Cuac.<\/p>\n\n\n\n<p class=\"has-medium-font-size\">Da ternura ver al Gobernador Quintela y a Kicillof amagando resistir el liderazgo de Cristina cuando todos sabemos que, m\u00e1s temprano que tarde,&nbsp;<strong>los vamos a ver aplaudiendo en primera fila.<\/strong>&nbsp;Y espantando moscas.<\/p>\n\n\n\n<p class=\"has-medium-font-size\">Todo esto ya lo vimos. En Argentina es muy f\u00e1cil ver el futuro&nbsp;<strong>porque en el futuro suele estar esper\u00e1ndonos el pasado<\/strong>.<\/p>\n\n\n\n<p class=\"has-medium-font-size\">El Teorema de las Moscas. Avisen en Suecia, por ah\u00ed ligamos algo.<\/p>\n\n\n\n<p class=\"has-medium-font-size\">Fuente: Clarin<\/p>\n","protected":false},"excerpt":{"rendered":"<p>Javi sigue sin avivarse del peligro que corre si los movimientos de Cristina activan el Teorema de la Moscas. Por: Alejandro Borensztein. Para: Clar\u00edn Antes que nada, lamentamos informar que el Premio Nobel de Econom\u00eda que se anunciar\u00e1 este lunes dif\u00edcilmente le sea otorgado a Sergio Massa. Si bien algunos empresarios afines al tigrense habr\u00edan [&hellip;]<\/p>\n","protected":false},"author":3,"featured_media":5223,"comment_status":"closed","ping_status":"open","sticky":false,"template":"","format":"standard","meta":{"footnotes":""},"categories":[221,81,39],"tags":[290,131,291,412,40],"class_list":["post-5222","post","type-post","status-publish","format-standard","has-post-thumbnail","hentry","category-humor-disruptivo","category-nacional","category-politica","tag-alejandro-borensztein","tag-cristina-kichner","tag-humor","tag-javier-milei","tag-politica"],"blog_post_layout_featured_media_urls":{"thumbnail":["https:\/\/lavozdisruptiva.com\/wp-content\/uploads\/2024\/10\/El-teorema-150x150.jpeg",150,150,true],"full":["https:\/\/lavozdisruptiva.com\/wp-content\/uploads\/2024\/10\/El-teorema.jpeg",1256,620,false]},"categories_names":{"221":{"name":"Humor Disruptivo","link":"https:\/\/lavozdisruptiva.com\/index.php\/category\/humor-disruptivo\/"},"81":{"name":"Nacional","link":"https:\/\/lavozdisruptiva.com\/index.php\/category\/nacional\/"},"39":{"name":"Pol\u00edtica","link":"https:\/\/lavozdisruptiva.com\/index.php\/category\/politica\/"}},"tags_names":{"290":{"name":"Alejandro Borensztein","link":"https:\/\/lavozdisruptiva.com\/index.php\/tag\/alejandro-borensztein\/"},"131":{"name":"Cristina Kichner","link":"https:\/\/lavozdisruptiva.com\/index.php\/tag\/cristina-kichner\/"},"291":{"name":"Humor","link":"https:\/\/lavozdisruptiva.com\/index.php\/tag\/humor\/"},"412":{"name":"Javier Milei","link":"https:\/\/lavozdisruptiva.com\/index.php\/tag\/javier-milei\/"},"40":{"name":"Pol\u00edtica","link":"https:\/\/lavozdisruptiva.com\/index.php\/tag\/politica\/"}},"comments_number":"0","wpmagazine_modules_lite_featured_media_urls":{"thumbnail":["https:\/\/lavozdisruptiva.com\/wp-content\/uploads\/2024\/10\/El-teorema-150x150.jpeg",150,150,true],"cvmm-medium":["https:\/\/lavozdisruptiva.com\/wp-content\/uploads\/2024\/10\/El-teorema-300x300.jpeg",300,300,true],"cvmm-medium-plus":["https:\/\/lavozdisruptiva.com\/wp-content\/uploads\/2024\/10\/El-teorema-305x207.jpeg",305,207,true],"cvmm-portrait":["https:\/\/lavozdisruptiva.com\/wp-content\/uploads\/2024\/10\/El-teorema-400x600.jpeg",400,600,true],"cvmm-medium-square":["https:\/\/lavozdisruptiva.com\/wp-content\/uploads\/2024\/10\/El-teorema-600x600.jpeg",600,600,true],"cvmm-large":["https:\/\/lavozdisruptiva.com\/wp-content\/uploads\/2024\/10\/El-teorema-1024x620.jpeg",1024,620,true],"cvmm-small":["https:\/\/lavozdisruptiva.com\/wp-content\/uploads\/2024\/10\/El-teorema-130x95.jpeg",130,95,true],"full":["https:\/\/lavozdisruptiva.com\/wp-content\/uploads\/2024\/10\/El-teorema.jpeg",1256,620,false]},"_links":{"self":[{"href":"https:\/\/lavozdisruptiva.com\/index.php\/wp-json\/wp\/v2\/posts\/5222","targetHints":{"allow":["GET"]}}],"collection":[{"href":"https:\/\/lavozdisruptiva.com\/index.php\/wp-json\/wp\/v2\/posts"}],"about":[{"href":"https:\/\/lavozdisruptiva.com\/index.php\/wp-json\/wp\/v2\/types\/post"}],"author":[{"embeddable":true,"href":"https:\/\/lavozdisruptiva.com\/index.php\/wp-json\/wp\/v2\/users\/3"}],"replies":[{"embeddable":true,"href":"https:\/\/lavozdisruptiva.com\/index.php\/wp-json\/wp\/v2\/comments?post=5222"}],"version-history":[{"count":1,"href":"https:\/\/lavozdisruptiva.com\/index.php\/wp-json\/wp\/v2\/posts\/5222\/revisions"}],"predecessor-version":[{"id":5224,"href":"https:\/\/lavozdisruptiva.com\/index.php\/wp-json\/wp\/v2\/posts\/5222\/revisions\/5224"}],"wp:featuredmedia":[{"embeddable":true,"href":"https:\/\/lavozdisruptiva.com\/index.php\/wp-json\/wp\/v2\/media\/5223"}],"wp:attachment":[{"href":"https:\/\/lavozdisruptiva.com\/index.php\/wp-json\/wp\/v2\/media?parent=5222"}],"wp:term":[{"taxonomy":"category","embeddable":true,"href":"https:\/\/lavozdisruptiva.com\/index.php\/wp-json\/wp\/v2\/categories?post=5222"},{"taxonomy":"post_tag","embeddable":true,"href":"https:\/\/lavozdisruptiva.com\/index.php\/wp-json\/wp\/v2\/tags?post=5222"}],"curies":[{"name":"wp","href":"https:\/\/api.w.org\/{rel}","templated":true}]}}