{"id":5153,"date":"2024-10-02T09:59:56","date_gmt":"2024-10-02T12:59:56","guid":{"rendered":"https:\/\/lavozdisruptiva.com\/?p=5153"},"modified":"2024-10-02T09:59:58","modified_gmt":"2024-10-02T12:59:58","slug":"el-gobierno-declaro-sujeta-a-privatizacion-a-aerolineas-argentinas","status":"publish","type":"post","link":"https:\/\/lavozdisruptiva.com\/index.php\/2024\/10\/02\/el-gobierno-declaro-sujeta-a-privatizacion-a-aerolineas-argentinas\/","title":{"rendered":"El Gobierno declar\u00f3 &#8220;sujeta a privatizaci\u00f3n&#8221; a Aerol\u00edneas Argentinas"},"content":{"rendered":"\n<h2 class=\"wp-block-heading has-medium-font-size\">El presidente Javier Milei avanz\u00f3 con el proceso de venta de la compa\u00f1\u00eda estatal. Tras la fallida experiencia de Marsans<a href=\"https:\/\/www.ambito.com\/economia\/aerolineas-argentinas-vuelve-manos-del-estado-n3508268\" target=\"_blank\" rel=\"noreferrer noopener\"><\/a><strong>,<\/strong>&nbsp;la aerol\u00ednea podr\u00eda volver a manos privadas.<\/h2>\n\n\n\n<p class=\"has-medium-font-size\">El Gobierno declar\u00f3 como &#8220;sujeta a privatizaci\u00f3n&#8221; a la compa\u00f1\u00eda aerocomercial Aerol\u00edneas Argentinas,\u00a0en medio del fuerte conflicto con los sindicatos por reclamos salariales. El Ejecutivo busca desprenderse de la aerol\u00ednea de bandera ampar\u00e1ndose en el <strong>art\u00edculo 9\u00b0 de la Ley N\u00b0 23.696 de Reforma del Estado menemista<\/strong>. Tras la fallida experiencia de Marsans,\u00a0la compa\u00f1\u00eda podr\u00eda volver a manos privadas.<\/p>\n\n\n\n<figure class=\"wp-block-image is-resized\"><img decoding=\"async\" src=\"https:\/\/media.ambito.com\/p\/3390783c0f0076ee81cafb97de17fc38\/adjuntos\/239\/imagenes\/041\/812\/0041812706\/655x368\/smart\/aerolineas-argentinas-conflicto-pilotospng.png\" alt=\"El gobierno de Javier Milei busca volver a pasar a manos privadas a la compa\u00f1\u00eda estatal Aerol\u00edneas Argentinas.&nbsp;\" style=\"width:840px;height:auto\"\/><figcaption class=\"wp-element-caption\">El gobierno de Javier Milei busca volver a pasar a manos privadas a la compa\u00f1\u00eda estatal Aerol\u00edneas Argentinas.&nbsp;@diego_domi<\/figcaption><\/figure>\n\n\n\n<p class=\"has-medium-font-size\">Con la firma del presidente\u00a0<strong>Javier Milei,<\/strong>\u00a0se public\u00f3 esta noche el\u00a0<strong>decreto 873\/24<\/strong>\u00a0que le permite a la administraci\u00f3n nacional dar el primer paso para desprenderse de la empresa estatal. Tras ello,\u00a0<strong>se comunicar\u00e1 la declaraci\u00f3n al Congreso de la Naci\u00f3n, el cual tendr\u00e1 la \u00faltima palabra en el proceso.<\/strong><\/p>\n\n\n\n<p class=\"has-medium-font-size\">Tras haber quedado fuera de la lista de empresas a privatizar en la&nbsp;<strong>Ley<\/strong>&nbsp;<strong>Bases,<\/strong>&nbsp;el oficialismo reflota as\u00ed la idea de&nbsp;<strong>vender Aerol\u00edneas Argentinas,<\/strong>&nbsp;en el marco del conflicto con los gremios aeron\u00e1uticos y los paros que se sucedieron en las \u00faltimas semanas.<\/p>\n\n\n\n<h2 class=\"wp-block-heading\" style=\"font-size:23px\">El Gobierno avanza con la privatizaci\u00f3n de Aerol\u00edneas Argentinas<\/h2>\n\n\n\n<p class=\"has-medium-font-size\">Entre los motivos que aduce el Gobierno en el decreto, se\u00f1alan que<strong>\u00a0el Tesoro Nacional &#8220;<em>no se encuentra en condiciones de mantener una empresa altamente deficitaria\u00a0a trav\u00e9s del aporte de cientos de millones de pesos que provienen del esfuerzo de los habitantes de la REP\u00daBLICA ARGENTINA<\/em><\/strong>&#8220;.<\/p>\n\n\n\n<p class=\"has-medium-font-size\">Adem\u00e1s, argumentan que &#8220;<strong><em>la privatizaci\u00f3n de la compa\u00f1\u00eda y su\u00a0funcionamiento en condiciones de mercado permitir\u00e1n una mejor prestaci\u00f3n del servicio, el cuidado de las arcas p\u00fablicas y, principalmente, que los argentinos dejen de financiar el d\u00e9ficit de una compa\u00f1\u00eda ineficiente<\/em><\/strong>&#8220;.<\/p>\n\n\n\n<p class=\"has-medium-font-size\">En esa l\u00ednea, sostienen que el Estado tiene como objetivo<strong>\u00a0&#8220;<em>destinar los limitados recursos fiscales a atender las necesidades de los que menos tienen<\/em>&#8220;<\/strong>, en un contexto en el cual &#8220;<strong><em>la pobreza alcanza al CINCUENTA Y DOS COMA NUEVE POR CIENTO (52,9 %) de la poblaci\u00f3n y la indigencia al DIECIOCHO COMA UNO POR CIENTO (18,1 %)<\/em><\/strong>&#8220;.<\/p>\n\n\n\n<p class=\"has-medium-font-size\">Con la publicaci\u00f3n del decreto, el Gobierno se pone as\u00ed por encima de los proyectos presentados por el PRO y la UCR. El primero fue presentado por el diputado\u00a0<strong>Hern\u00e1n Lombardi\u00a0<\/strong>y tambi\u00e9n declara a la empresa \u201c<strong>sujeta a privatizaci\u00f3n<\/strong>\u201d en los t\u00e9rminos y con los efectos previstos en la Ley 23.696. Adem\u00e1s, autoriza al Poder Ejecutivo a \u201c<strong><em>establecer el marco legal y llevar adelante el procedimiento para instrumentar el proceso de privatizaci\u00f3n referido en el art\u00edculo 1<\/em><\/strong>\u00b0\u201d.<\/p>\n\n\n\n<p class=\"has-medium-font-size\">La otra iniciativa la present\u00f3 el jefe del bloque de la Coalici\u00f3n C\u00edvica,\u00a0<strong>Juan Manuel L\u00f3pez<\/strong>. Este texto precisa que al privatizar la firma se contemplen la Ley 23.696 y sus modificatorias, \u201c<strong><em>debiendo cumplir, a tales efectos, con las prescripciones que surgen de dicha norma y las establecidas por los art\u00edculos 11 a 14 de la Ley 27.742<\/em><\/strong>\u201d, de Bases y Puntos de Partida para los Argentinos.<\/p>\n\n\n\n<p class=\"has-medium-font-size\">D\u00edas atr\u00e1s, el vocero presidencial, Manuel Adorni, adelant\u00f3 la estrategia del Gobierno de presentar el decreto y argument\u00f3 que la l\u00ednea de bandera<strong>\u00a0&#8220;<em>arrastra un d\u00e9ficit cr\u00f3nico a ra\u00edz de las desastrosas gestiones que llevaron a cabo todos y cada uno de los gobiernos populistas\u00a0lo que provoca las necesidades efectuar constante transferencias de recursos p\u00fablicos que ponen en riesgo la sostenibilidad fiscal<\/em><\/strong>&#8220;.<\/p>\n\n\n\n<p class=\"has-medium-font-size\">El pasado mi\u00e9rcoles, la C\u00e1mara de Diputados debati\u00f3 la privatizaci\u00f3n de Aerol\u00edneas Argentinas en un plenario de comisiones de Transporte y Presupuesto . El Gobierno desea avanzar con un dictamen el mes pr\u00f3ximo para la\u00a0<strong>venta de la empresa en medio del conflicto con los gremios aeron\u00e1uticos<\/strong>, que llevan adelante medidas de fuerza por reclamos salariales y en rechazo a los despidos.<\/p>\n\n\n\n<p class=\"has-medium-font-size\">Fuente: \u00c1mbito<\/p>\n","protected":false},"excerpt":{"rendered":"<p>El presidente Javier Milei avanz\u00f3 con el proceso de venta de la compa\u00f1\u00eda estatal. Tras la fallida experiencia de Marsans,&nbsp;la aerol\u00ednea podr\u00eda volver a manos privadas. El Gobierno declar\u00f3 como &#8220;sujeta a privatizaci\u00f3n&#8221; a la compa\u00f1\u00eda aerocomercial Aerol\u00edneas Argentinas,\u00a0en medio del fuerte conflicto con los sindicatos por reclamos salariales. El Ejecutivo busca desprenderse de la [&hellip;]<\/p>\n","protected":false},"author":3,"featured_media":5154,"comment_status":"closed","ping_status":"open","sticky":false,"template":"","format":"standard","meta":{"footnotes":""},"categories":[4,81,39],"tags":[861,66,411,44,40],"class_list":["post-5153","post","type-post","status-publish","format-standard","has-post-thumbnail","hentry","category-economia","category-nacional","category-politica","tag-aerolineas-argentinas","tag-economia","tag-manuel-adorni","tag-milei","tag-politica"],"blog_post_layout_featured_media_urls":{"thumbnail":["https:\/\/lavozdisruptiva.com\/wp-content\/uploads\/2024\/10\/AA-150x150.jpeg",150,150,true],"full":["https:\/\/lavozdisruptiva.com\/wp-content\/uploads\/2024\/10\/AA.jpeg",1200,600,false]},"categories_names":{"4":{"name":"Econom\u00eda","link":"https:\/\/lavozdisruptiva.com\/index.php\/category\/economia\/"},"81":{"name":"Nacional","link":"https:\/\/lavozdisruptiva.com\/index.php\/category\/nacional\/"},"39":{"name":"Pol\u00edtica","link":"https:\/\/lavozdisruptiva.com\/index.php\/category\/politica\/"}},"tags_names":{"861":{"name":"Aerol\u00edneas Argentinas","link":"https:\/\/lavozdisruptiva.com\/index.php\/tag\/aerolineas-argentinas\/"},"66":{"name":"Econom\u00eda","link":"https:\/\/lavozdisruptiva.com\/index.php\/tag\/economia\/"},"411":{"name":"Manuel Adorni","link":"https:\/\/lavozdisruptiva.com\/index.php\/tag\/manuel-adorni\/"},"44":{"name":"Milei","link":"https:\/\/lavozdisruptiva.com\/index.php\/tag\/milei\/"},"40":{"name":"Pol\u00edtica","link":"https:\/\/lavozdisruptiva.com\/index.php\/tag\/politica\/"}},"comments_number":"0","wpmagazine_modules_lite_featured_media_urls":{"thumbnail":["https:\/\/lavozdisruptiva.com\/wp-content\/uploads\/2024\/10\/AA-150x150.jpeg",150,150,true],"cvmm-medium":["https:\/\/lavozdisruptiva.com\/wp-content\/uploads\/2024\/10\/AA-300x300.jpeg",300,300,true],"cvmm-medium-plus":["https:\/\/lavozdisruptiva.com\/wp-content\/uploads\/2024\/10\/AA-305x207.jpeg",305,207,true],"cvmm-portrait":["https:\/\/lavozdisruptiva.com\/wp-content\/uploads\/2024\/10\/AA-400x600.jpeg",400,600,true],"cvmm-medium-square":["https:\/\/lavozdisruptiva.com\/wp-content\/uploads\/2024\/10\/AA-600x600.jpeg",600,600,true],"cvmm-large":["https:\/\/lavozdisruptiva.com\/wp-content\/uploads\/2024\/10\/AA-1024x600.jpeg",1024,600,true],"cvmm-small":["https:\/\/lavozdisruptiva.com\/wp-content\/uploads\/2024\/10\/AA-130x95.jpeg",130,95,true],"full":["https:\/\/lavozdisruptiva.com\/wp-content\/uploads\/2024\/10\/AA.jpeg",1200,600,false]},"_links":{"self":[{"href":"https:\/\/lavozdisruptiva.com\/index.php\/wp-json\/wp\/v2\/posts\/5153","targetHints":{"allow":["GET"]}}],"collection":[{"href":"https:\/\/lavozdisruptiva.com\/index.php\/wp-json\/wp\/v2\/posts"}],"about":[{"href":"https:\/\/lavozdisruptiva.com\/index.php\/wp-json\/wp\/v2\/types\/post"}],"author":[{"embeddable":true,"href":"https:\/\/lavozdisruptiva.com\/index.php\/wp-json\/wp\/v2\/users\/3"}],"replies":[{"embeddable":true,"href":"https:\/\/lavozdisruptiva.com\/index.php\/wp-json\/wp\/v2\/comments?post=5153"}],"version-history":[{"count":1,"href":"https:\/\/lavozdisruptiva.com\/index.php\/wp-json\/wp\/v2\/posts\/5153\/revisions"}],"predecessor-version":[{"id":5155,"href":"https:\/\/lavozdisruptiva.com\/index.php\/wp-json\/wp\/v2\/posts\/5153\/revisions\/5155"}],"wp:featuredmedia":[{"embeddable":true,"href":"https:\/\/lavozdisruptiva.com\/index.php\/wp-json\/wp\/v2\/media\/5154"}],"wp:attachment":[{"href":"https:\/\/lavozdisruptiva.com\/index.php\/wp-json\/wp\/v2\/media?parent=5153"}],"wp:term":[{"taxonomy":"category","embeddable":true,"href":"https:\/\/lavozdisruptiva.com\/index.php\/wp-json\/wp\/v2\/categories?post=5153"},{"taxonomy":"post_tag","embeddable":true,"href":"https:\/\/lavozdisruptiva.com\/index.php\/wp-json\/wp\/v2\/tags?post=5153"}],"curies":[{"name":"wp","href":"https:\/\/api.w.org\/{rel}","templated":true}]}}