{"id":5124,"date":"2024-09-29T12:53:10","date_gmt":"2024-09-29T15:53:10","guid":{"rendered":"https:\/\/lavozdisruptiva.com\/?p=5124"},"modified":"2024-09-29T12:53:11","modified_gmt":"2024-09-29T15:53:11","slug":"la-locura-esta-de-moda","status":"publish","type":"post","link":"https:\/\/lavozdisruptiva.com\/index.php\/2024\/09\/29\/la-locura-esta-de-moda\/","title":{"rendered":"La locura est\u00e1 de moda"},"content":{"rendered":"\n<h2 class=\"wp-block-heading\" style=\"font-size:22px\">Estamos tan confundidos que el gobierno anunci\u00f3 la baja en el precio de la nafta y los automovilistas ya hacen cola para cargar antes de que baje.<\/h2>\n\n\n\n<p class=\"has-medium-font-size\">Por: Alejandro Borensztein. Para: Clarin<\/p>\n\n\n\n<p class=\"has-medium-font-size\">Antes que nada, reivindicamos la decisi\u00f3n judicial que habilit\u00f3 a Sof\u00eda Clerici, la se\u00f1orita que acompa\u00f1aba a Insaurralde en el yate \u201cBandido\u201d, a&nbsp;<a href=\"https:\/\/www.clarin.com\/politica\/sofia-clerici-pidio-justicia-devuelvan-600-mil-dolares-secuestraron-yategate-quiere-entrar-blanqueo-capitales_0_ytHdka0Twx.html?srsltid=AfmBOopeTuk5YB3on28iBffdFtbK-p97LjJBwTxSLuifPU45cStHRqEy\" target=\"_blank\" rel=\"noreferrer noopener\">blanquear los 600.000 d\u00f3lares<\/a>&nbsp;que le encontraron en la casa. M\u00e1s que justo, considerando que se los gan\u00f3 rem\u00e1ndola, literalmente.<\/p>\n\n\n\n<p class=\"has-medium-font-size\">Desconocemos si la decisi\u00f3n del Gobierno de prorrogar la fecha del blanqueo tuvo algo que ver con el affaire Clerici. De haber sido as\u00ed, agradezcamos que las chicas de Alberto no tienen un mango. Si no, dado la cantidad de minas que el tipo andaba baboseando, iban a tener que&nbsp;<strong>prorrogar el blanqueo hasta el 2027<\/strong>.<\/p>\n\n\n\n<p class=\"has-medium-font-size\">A prop\u00f3sito del tema, en cualquier momento se anuncia la clase magistral de Alberto sobre \u201c<strong>Blanqueo y Onanismo en la cultura latinoamericana<\/strong>\u201d. No se que espera su amigo AMLO para llevarlo a disertar a la Universidad Aut\u00f3noma de M\u00e9xico.<\/p>\n\n\n\n<p class=\"has-medium-font-size\">Paremos ac\u00e1 porque, como usted bien sabe amigo lector, si empezamos con este asunto nos quedamos a vivir y no terminamos m\u00e1s. Salgamos entonces de esto al menos por hoy y vayamos a lo importante.<\/p>\n\n\n\n<p class=\"has-medium-font-size\">En estos tiempos en que&nbsp;<strong>la gente est\u00e1 un poco confundida<\/strong>&nbsp;es necesario ver la totalidad del panorama para que la confusi\u00f3n sea completa.<\/p>\n\n\n\n<p class=\"has-medium-font-size\">A tal punto ha llegado la confusi\u00f3n general que el Gobierno anunci\u00f3 la baja en el precio de los combustibles y la gente&nbsp;<strong>ya est\u00e1 haciendo cola en las estaciones<\/strong>&nbsp;para cargar antes de que baje.<\/p>\n\n\n\n<p class=\"has-medium-font-size\">Obviamente, todo esto es consecuencia del desvar\u00edo en el que tantas veces cae la dirigencia pol\u00edtica y que termina trastornando a toda la sociedad. El pueblo simplemente responde a los est\u00edmulos que bajan desde el poder.<\/p>\n\n\n\n<p class=\"has-medium-font-size\">Sobre el desvar\u00edo de la dirigencia kirchnerista ni hablemos. Han vivido confundidos durante 20 a\u00f1os. No hay mucho para agregar a todo lo que ya se ha dicho y escrito durante el siglo XXI. Solo recordemos que&nbsp;<strong>recibieron el d\u00f3lar a 3 mangos en 2003 y lo entregaron a 1.000 el a\u00f1o pasado<\/strong>. Otro tanto pas\u00f3 con la nafta, la carne o el pan. En el medio tuvimos a L\u00e1zaro, Ch\u00e1vez, Maduro, la ruina energ\u00e9tica, el Memor\u00e1ndum, Jos\u00e9 L\u00f3pez y siguen la firmas.<strong>&nbsp;As\u00ed y todo, todav\u00eda los votan<\/strong>.<\/p>\n\n\n\n<p class=\"has-medium-font-size\">Los radicales, aunque en otra escala, no se quedan atr\u00e1s. Esta semana la UCR sac\u00f3 un comunicado indicando que no van a apoyar la candidatura del juez Lijo para integrar la Corte Suprema porque consideran que esas vacantes deben ser ocupadas por mujeres,&nbsp;<strong>como si el problema de Lijo fuera que no tiene tetas<\/strong>. O por lo menos que no tiene tetas decorosas.<\/p>\n\n\n\n<p class=\"has-medium-font-size\">Sin duda, ser\u00eda preferible que se propusieran mujeres dado que los tres miembros que van a quedar son hombres (Rosatti, Rosenkrantz y Lorenzetti), pero el problema con la designaci\u00f3n de Lijo no era ese.<\/p>\n\n\n\n<p class=\"has-medium-font-size\">Lousteau y su gente necesitaron seis meses (Lijo fue propuesto el 20 de marzo) para expresar la obviedad de que las vacantes deb\u00edan ser ocupadas por mujeres. Con ese razonamiento podr\u00eda decirse que, si ma\u00f1ana&nbsp;<strong>el Juez Lijo dijera que se autopercibe mujer y saliera con pollera y tacos altos, tendr\u00eda el apoyo de la UCR<\/strong>. \u00bfEs as\u00ed? \u00bfLousteau y su gente no ve ninguna otra objeci\u00f3n a la candidatura del pol\u00e9mico juez?<\/p>\n\n\n\n<p class=\"has-medium-font-size\">Seguramente en seis, siete o diez meses tendremos la respuesta oficial del partido a esta pregunta. Ojal\u00e1 la comunique el propio Lousteau, como presidente. Ser\u00eda ideal que lo hiciera en una conferencia de prensa secundado por Angelici y Yacobitti as\u00ed queda todo clarito y nadie se confunde. Igual tranquilos radicales, t\u00f3mense su tiempo nom\u00e1s, nosotros quedamos a la espera de vuestras novedades.<\/p>\n\n\n\n<p class=\"has-medium-font-size\">Mientras tanto, sigue haciendo su aporte a la confusion general el ministro Caputo. Otro que no aprende. Veamos.<\/p>\n\n\n\n<p class=\"has-medium-font-size\">Todos entendemos que este 52% de pobreza y 18% de indigencia es fundamentalmente consecuencia de los 20 a\u00f1os de kirchnerismo.&nbsp;<strong>No fue magia<\/strong>. Sin embargo, por las dudas de que tambi\u00e9n los genios de este gobierno est\u00e9n cooperando con el r\u00e9cord alcanzado, la sugerencia del d\u00eda es que no se hagan los graciosos. La cosa no da para andar jodiendo.<\/p>\n\n\n\n<p class=\"has-medium-font-size\">Alguien deber\u00eda explic\u00e1rselo al ministro Caputo.\u00a0<a href=\"https:\/\/www.clarin.com\/politica\/argentina-fuego-carta-cristina-cuestiono-manejo-incendios-cordoba-eliminacion-requisitos-reestructurar-deuda_0_IqW5CAOaZD.html?srsltid=AfmBOoovqmdBZaLrj3PVxX0kwFByD6RWNGv_bybthEY5JCxufmXX-lqs\" target=\"_blank\" rel=\"noreferrer noopener\">Esta semana anduvo pele\u00e1ndose en X con Cristina<\/a>\u00a0como dos viejos chismosos y cerr\u00f3 su tweet dici\u00e9ndole a Ella \u201c<em><strong>quedate chillando tranquila que es lo m\u00e1ximo que pod\u00e9s hacer, porque no vas a gobernar nunca m\u00e1s<\/strong>\u201d<\/em>. Mamita \u00bfQu\u00e9 necesidad de tentar a la suerte?<\/p>\n\n\n\n<p class=\"has-medium-font-size\">Este muchacho deber\u00eda entender que el horno no est\u00e1 para bollos y que las cosas no son as\u00ed. Ojal\u00e1 todo esto termine bien y el pa\u00eds salga adelante de una buena vez, pero si llega a fallar lo que va a ocurrir es que la chillona va a volver a la Rosada. No da para hacerse el canchero. Hay que avisarle a Caputo que para salir jugando desde el \u00e1rea chica con pelota dominada y eludiendo delanteros ten\u00e9s que ser el Cuti Romero o el Mariscal Perfumo. No parecer\u00eda ser el caso.&nbsp;<strong>Boludeando lo \u00fanico que van a conseguir es traerla de vuelta. Ya pas\u00f3<\/strong>.<\/p>\n\n\n\n<p class=\"has-medium-font-size\">Finalmente, lo confusi\u00f3n m\u00e1s preocupante es la del presidente.<\/p>\n\n\n\n<p class=\"has-medium-font-size\">Arranquemos diciendo que dio orgullo verlo a Milei en la ONU defendiendo a Israel y cuestionando el rol de un organismo internacional que soslaya los ataques terroristas o las violaciones a los DDHH, especialmente a las mujeres, en pa\u00edses como Ir\u00e1n y varios m\u00e1s.<\/p>\n\n\n\n<p class=\"has-medium-font-size\">Ah\u00ed mismo Javi debi\u00f3 haber dicho\u00a0<em>\u201c<strong>gracias por escucharme, fue un placer estar con ustedes, cu\u00eddense, los quiero mucho, tengan todos muy buenas tardes y Viva la Libertad carajo<\/strong>\u201d<\/em>. Pero no, el tipo siempre hace una de m\u00e1s y termina arruin\u00e1ndolo todo.<\/p>\n\n\n\n<p class=\"has-medium-font-size\">Despu\u00e9s de semejante exposici\u00f3n en defensa de las democracias y cuestionando los reg\u00edmenes autoritarios de este mundo, se le ocurri\u00f3 decir que la Agenda 2030 para el Desarrollo Sostenible y El Pacto para el Futuro, ambas iniciativas de la ONU que ya ten\u00edan el apoyo de todos los pa\u00edses, a \u00e9l no le gustan.<\/p>\n\n\n\n<p class=\"has-medium-font-size\">Que tipo complicado, por Dios. Todo lo que hab\u00eda dicho en la primera parte del discurso lo termina tirando a la basura por negarse a apoyar una inciativa de la ONU que busca bajar la pobreza, eliminar el hambre, cuidar las ballenas y promover los autos el\u00e9ctricos. Mir\u00e1 si se entera su amigo Elon.<\/p>\n\n\n\n<p class=\"has-medium-font-size\">No costaba nada.&nbsp;<strong>Firm\u00e1 el papel que protege la merluza y cerr\u00e1 la boca<\/strong>. En lugar de eso se puso de culo con la mayor\u00eda del planeta y qued\u00f3 alineado con Corea del Norte, Siria, Cuba y otras prosperidades. El cree que haciendo estas cosas asume un liderazgo mundial cuando, en realidad, lo \u00fanico que logra es que muchos de sus votantes se cuestionen que corno votaron. Gran aporte a la confusi\u00f3n general.<\/p>\n\n\n\n<p class=\"has-medium-font-size\">Por \u00faltimo amigo lector, si usted ya compr\u00f3 pasaje en Aerol\u00edneas para ir este verano a visitar a su cu\u00f1ado y est\u00e1 preocupado pensando en que la empresa puede cerrar y dejarlo a gamba, guarde lugar en su cabeza para otras preocupaciones:&nbsp;<strong>en los pr\u00f3ximos meses llegar\u00e1 el dengue, no alcanzan las vacunas y ya desaparecieron los repelentes<\/strong>.<\/p>\n\n\n\n<p class=\"has-medium-font-size\">El a\u00f1o pasado ocurri\u00f3 lo mismo porque Massa dej\u00f3 un desastre y Milei asumi\u00f3 con el dengue ya estallado. \u00bfY este a\u00f1o?<\/p>\n\n\n\n<p class=\"has-medium-font-size\">Mejor no preguntemos,&nbsp;<strong>pongamos mosquiteros y qued\u00e9monos en casa<\/strong>. Si le sobra un mango compre abanicos porque ya avisaron que tampoco va a haber luz.<\/p>\n\n\n\n<p class=\"has-medium-font-size\">Nada nuevo en las tierras en la que durante tantos a\u00f1os rein\u00f3 Cristina y hoy reina el Le\u00f3n.<\/p>\n\n\n\n<p class=\"has-medium-font-size\">Fuente: Clarin<\/p>\n","protected":false},"excerpt":{"rendered":"<p>Estamos tan confundidos que el gobierno anunci\u00f3 la baja en el precio de la nafta y los automovilistas ya hacen cola para cargar antes de que baje. Por: Alejandro Borensztein. Para: Clarin Antes que nada, reivindicamos la decisi\u00f3n judicial que habilit\u00f3 a Sof\u00eda Clerici, la se\u00f1orita que acompa\u00f1aba a Insaurralde en el yate \u201cBandido\u201d, a&nbsp;blanquear [&hellip;]<\/p>\n","protected":false},"author":3,"featured_media":5125,"comment_status":"closed","ping_status":"open","sticky":false,"template":"","format":"standard","meta":{"footnotes":""},"categories":[221,81,39],"tags":[290,291,40],"class_list":["post-5124","post","type-post","status-publish","format-standard","has-post-thumbnail","hentry","category-humor-disruptivo","category-nacional","category-politica","tag-alejandro-borensztein","tag-humor","tag-politica"],"blog_post_layout_featured_media_urls":{"thumbnail":["https:\/\/lavozdisruptiva.com\/wp-content\/uploads\/2024\/09\/Milei-Wal-Street-150x150.jpeg",150,150,true],"full":["https:\/\/lavozdisruptiva.com\/wp-content\/uploads\/2024\/09\/Milei-Wal-Street.jpeg",1256,620,false]},"categories_names":{"221":{"name":"Humor Disruptivo","link":"https:\/\/lavozdisruptiva.com\/index.php\/category\/humor-disruptivo\/"},"81":{"name":"Nacional","link":"https:\/\/lavozdisruptiva.com\/index.php\/category\/nacional\/"},"39":{"name":"Pol\u00edtica","link":"https:\/\/lavozdisruptiva.com\/index.php\/category\/politica\/"}},"tags_names":{"290":{"name":"Alejandro Borensztein","link":"https:\/\/lavozdisruptiva.com\/index.php\/tag\/alejandro-borensztein\/"},"291":{"name":"Humor","link":"https:\/\/lavozdisruptiva.com\/index.php\/tag\/humor\/"},"40":{"name":"Pol\u00edtica","link":"https:\/\/lavozdisruptiva.com\/index.php\/tag\/politica\/"}},"comments_number":"0","wpmagazine_modules_lite_featured_media_urls":{"thumbnail":["https:\/\/lavozdisruptiva.com\/wp-content\/uploads\/2024\/09\/Milei-Wal-Street-150x150.jpeg",150,150,true],"cvmm-medium":["https:\/\/lavozdisruptiva.com\/wp-content\/uploads\/2024\/09\/Milei-Wal-Street-300x300.jpeg",300,300,true],"cvmm-medium-plus":["https:\/\/lavozdisruptiva.com\/wp-content\/uploads\/2024\/09\/Milei-Wal-Street-305x207.jpeg",305,207,true],"cvmm-portrait":["https:\/\/lavozdisruptiva.com\/wp-content\/uploads\/2024\/09\/Milei-Wal-Street-400x600.jpeg",400,600,true],"cvmm-medium-square":["https:\/\/lavozdisruptiva.com\/wp-content\/uploads\/2024\/09\/Milei-Wal-Street-600x600.jpeg",600,600,true],"cvmm-large":["https:\/\/lavozdisruptiva.com\/wp-content\/uploads\/2024\/09\/Milei-Wal-Street-1024x620.jpeg",1024,620,true],"cvmm-small":["https:\/\/lavozdisruptiva.com\/wp-content\/uploads\/2024\/09\/Milei-Wal-Street-130x95.jpeg",130,95,true],"full":["https:\/\/lavozdisruptiva.com\/wp-content\/uploads\/2024\/09\/Milei-Wal-Street.jpeg",1256,620,false]},"_links":{"self":[{"href":"https:\/\/lavozdisruptiva.com\/index.php\/wp-json\/wp\/v2\/posts\/5124","targetHints":{"allow":["GET"]}}],"collection":[{"href":"https:\/\/lavozdisruptiva.com\/index.php\/wp-json\/wp\/v2\/posts"}],"about":[{"href":"https:\/\/lavozdisruptiva.com\/index.php\/wp-json\/wp\/v2\/types\/post"}],"author":[{"embeddable":true,"href":"https:\/\/lavozdisruptiva.com\/index.php\/wp-json\/wp\/v2\/users\/3"}],"replies":[{"embeddable":true,"href":"https:\/\/lavozdisruptiva.com\/index.php\/wp-json\/wp\/v2\/comments?post=5124"}],"version-history":[{"count":2,"href":"https:\/\/lavozdisruptiva.com\/index.php\/wp-json\/wp\/v2\/posts\/5124\/revisions"}],"predecessor-version":[{"id":5127,"href":"https:\/\/lavozdisruptiva.com\/index.php\/wp-json\/wp\/v2\/posts\/5124\/revisions\/5127"}],"wp:featuredmedia":[{"embeddable":true,"href":"https:\/\/lavozdisruptiva.com\/index.php\/wp-json\/wp\/v2\/media\/5125"}],"wp:attachment":[{"href":"https:\/\/lavozdisruptiva.com\/index.php\/wp-json\/wp\/v2\/media?parent=5124"}],"wp:term":[{"taxonomy":"category","embeddable":true,"href":"https:\/\/lavozdisruptiva.com\/index.php\/wp-json\/wp\/v2\/categories?post=5124"},{"taxonomy":"post_tag","embeddable":true,"href":"https:\/\/lavozdisruptiva.com\/index.php\/wp-json\/wp\/v2\/tags?post=5124"}],"curies":[{"name":"wp","href":"https:\/\/api.w.org\/{rel}","templated":true}]}}