{"id":5055,"date":"2024-09-16T11:59:52","date_gmt":"2024-09-16T14:59:52","guid":{"rendered":"https:\/\/lavozdisruptiva.com\/?p=5055"},"modified":"2024-09-16T11:59:52","modified_gmt":"2024-09-16T14:59:52","slug":"el-gobierno-oficializo-la-declaracion-como-servicio-esencial-del-sector-aerocomercial","status":"publish","type":"post","link":"https:\/\/lavozdisruptiva.com\/index.php\/2024\/09\/16\/el-gobierno-oficializo-la-declaracion-como-servicio-esencial-del-sector-aerocomercial\/","title":{"rendered":"El Gobierno oficializ\u00f3 la declaraci\u00f3n como &#8220;servicio esencial&#8221; del sector aerocomercial"},"content":{"rendered":"\n<h2 class=\"wp-block-heading has-medium-font-size\">El Presidente public\u00f3 el decreto que reglamenta los cambios en el C\u00f3digo Aeron\u00e1utico. Los gremios del sector advirtieron que continuar\u00e1n con las medidas de fuerza.<\/h2>\n\n\n\n<p class=\"has-medium-font-size\">Finalmente,\u00a0el gobierno public\u00f3 este lunes el decreto que reglamenta la declaraci\u00f3n de\u00a0<strong>&#8220;servicio esencial&#8221;<\/strong>\u00a0al sector aerocomercial. La decisi\u00f3n hab\u00eda sido adelantada la semana pasada por el ministro de Desregulaci\u00f3n y Transformaci\u00f3n del Estado,\u00a0<strong>Federico Sturzenegger.<\/strong><\/p>\n\n\n\n<p class=\"has-medium-font-size\">La medida reglamenta lo dispuesto en el mega DNU 70\/23 publicado en diciembre del a\u00f1o pasado, en el que se habilita la inclusi\u00f3n del sector aerocomercial dentro de la\u00a0<strong>calificaci\u00f3n como &#8220;esencial&#8221;<\/strong>\u00a0para\u00a0<strong>garantizar una cobertura<\/strong>\u00a0<strong>del servicio<\/strong>\u00a0e impedir la paralizaci\u00f3n ante medidas de fuerza.<\/p>\n\n\n\n<figure class=\"wp-block-image is-resized\"><img decoding=\"async\" src=\"https:\/\/media.ambito.com\/p\/3390783c0f0076ee81cafb97de17fc38\/adjuntos\/239\/imagenes\/041\/812\/0041812706\/655x368\/smart\/aerolineas-argentinas-conflicto-pilotospng.png\" alt=\"Mientras avanza el conflicto en Aerol\u00edneas Argentinas, el Gobierno busca limitar el impacto de las medidas de los gremios.&nbsp;\" style=\"width:839px;height:auto\"\/><\/figure>\n\n\n\n<p class=\"has-medium-font-size\">Con la firma del presidente\u00a0<strong>Javier Milei,<\/strong>\u00a0el Ejecutivo reglament\u00f3 el art\u00edculo 2\u00b0 de la Ley N\u00ba 17.285 que se\u00f1ala que &#8220;<strong><em>cumplida la obligaci\u00f3n impuesta por el art\u00edculo 2\u00ba de la Ley N\u00ba 14.786 y vencido el plazo de QUINCE (15) d\u00edas previsto en el art\u00edculo 11 de la referida ley, la parte que se propusiere ejercer medidas de acci\u00f3n directa que involucren a la actividad aeron\u00e1utica civil aerocomercial debe preavisarlo a la otra parte y a la Autoridad de Aplicaci\u00f3n en forma fehaciente y con al menos CINCO (5) d\u00edas de anticipaci\u00f3n a la fecha en que se realizar\u00e1 la medida<\/em><\/strong>&#8220;.<\/p>\n\n\n\n<p class=\"has-medium-font-size\">Adem\u00e1s, indica que &#8220;<strong><em>en un plazo de VEINTICUATRO (24) horas de notificada la comunicaci\u00f3n referida en el art\u00edculo 2\u00b0 del presente Anexo, las partes deber\u00e1n ponerse de acuerdo sobre los servicios m\u00ednimos que se mantendr\u00e1n durante el conflicto y las modalidades de su ejecuci\u00f3n, se\u00f1alando concreta y detalladamente la forma en que se ejecutar\u00e1n las prestaciones, incluyendo la designaci\u00f3n del personal involucrado<\/em><\/strong>&#8220;.<\/p>\n\n\n\n<p class=\"has-medium-font-size\">Asimismo, aclaran que si una vez agotado dicho t\u00e9rmino &#8220;<strong><em>el acuerdo no fuere posible o los\u00a0servicios m\u00ednimos\u00a0informados resultaren insuficientes, la determinaci\u00f3n de las materias enumeradas precedentemente ser\u00e1 efectivizada en el t\u00e9rmino de CUARENTA Y OCHO (48) horas por la Autoridad de Aplicaci\u00f3n, que notificar\u00e1 e intimar\u00e1 a las partes a su cumplimiento<\/em><\/strong>&#8220;.<\/p>\n\n\n\n<p class=\"has-medium-font-size\">Ante ese escenario, se deber\u00e1 tener en cuenta &#8220;<strong><em>para la determinaci\u00f3n de los\u00a0servicios m\u00ednimos un porcentaje que en ning\u00fan caso podr\u00e1 resultar inferior al CINCUENTA POR CIENTO (50 %)\u00a0respecto de la actividad o prestaci\u00f3n normal y regular de los servicios<\/em><\/strong>&#8220;, teniendo en cuenta &#8220;<strong><em>una escala gradual sobre la base de la duraci\u00f3n y extensi\u00f3n acumulada del per\u00edodo de huelga y del conflicto colectivo de trabajo, garantizando la conectividad en las rutas que contaren con un solo servicio<\/em><\/strong>&#8220;.<\/p>\n\n\n\n<p style=\"font-size:23px\"><strong>Sigue el conflicto en Aerol\u00edneas Argentinas<\/strong><\/p>\n\n\n\n<p class=\"has-medium-font-size\">Pese a la decisi\u00f3n del<strong>&nbsp;Gobierno de declarar al sector como &#8220;esencial&#8221;<\/strong>, y luego de implementar medidas de fuerza por 24 horas el viernes pasado, la Asociaci\u00f3n de Pilotos de L\u00edneas A\u00e9reas (APLA) anticip\u00f3 que ir\u00e1n &#8220;incrementando&#8221; las medidas contra Aerol\u00edneas Argentinas, hasta tanto no se logre la recomposici\u00f3n salarial reclamada y se reincorpore a los pilotos despedidos.<\/p>\n\n\n\n<p class=\"has-medium-font-size\">Mediante un comunicado difundido por la red social X, APLA se\u00f1al\u00f3 que &#8220;<strong><em>tras las sanciones y despidos de compa\u00f1eros\/as pilotos por llevar adelante medidas de acci\u00f3n gremial, es m\u00e1s importante que nunca, mantenernos unidos y solidarios<\/em><\/strong>&#8220;.<\/p>\n\n\n\n<p class=\"has-medium-font-size\">Agregaron que &#8220;<strong><em>a fuerza de su lucha<\/em><\/strong> <strong><em>est\u00e1 en la cohesi\u00f3n, defendi\u00e9ndonos, apoy\u00e1ndonos mutuamente. Lo que cada uno tiene para aportar en este leg\u00edtimo reclamo son sus propias acciones sindicales puestas al servicio de la defensa colectiva<\/em><\/strong>&#8220;.<\/p>\n\n\n\n<p class=\"has-medium-font-size\">Fuente: Con informaci\u00f3n de \u00c1mbito\/ medios digitales<\/p>\n","protected":false},"excerpt":{"rendered":"<p>El Presidente public\u00f3 el decreto que reglamenta los cambios en el C\u00f3digo Aeron\u00e1utico. Los gremios del sector advirtieron que continuar\u00e1n con las medidas de fuerza. Finalmente,\u00a0el gobierno public\u00f3 este lunes el decreto que reglamenta la declaraci\u00f3n de\u00a0&#8220;servicio esencial&#8221;\u00a0al sector aerocomercial. La decisi\u00f3n hab\u00eda sido adelantada la semana pasada por el ministro de Desregulaci\u00f3n y Transformaci\u00f3n [&hellip;]<\/p>\n","protected":false},"author":3,"featured_media":5057,"comment_status":"closed","ping_status":"open","sticky":false,"template":"","format":"standard","meta":{"footnotes":""},"categories":[4,81,39],"tags":[66,514,412,40],"class_list":["post-5055","post","type-post","status-publish","format-standard","has-post-thumbnail","hentry","category-economia","category-nacional","category-politica","tag-economia","tag-federico-sturzenegger","tag-javier-milei","tag-politica"],"blog_post_layout_featured_media_urls":{"thumbnail":["https:\/\/lavozdisruptiva.com\/wp-content\/uploads\/2024\/09\/Aerolineas-150x150.webp",150,150,true],"full":["https:\/\/lavozdisruptiva.com\/wp-content\/uploads\/2024\/09\/Aerolineas.webp",1280,844,false]},"categories_names":{"4":{"name":"Econom\u00eda","link":"https:\/\/lavozdisruptiva.com\/index.php\/category\/economia\/"},"81":{"name":"Nacional","link":"https:\/\/lavozdisruptiva.com\/index.php\/category\/nacional\/"},"39":{"name":"Pol\u00edtica","link":"https:\/\/lavozdisruptiva.com\/index.php\/category\/politica\/"}},"tags_names":{"66":{"name":"Econom\u00eda","link":"https:\/\/lavozdisruptiva.com\/index.php\/tag\/economia\/"},"514":{"name":"Federico Sturzenegger","link":"https:\/\/lavozdisruptiva.com\/index.php\/tag\/federico-sturzenegger\/"},"412":{"name":"Javier Milei","link":"https:\/\/lavozdisruptiva.com\/index.php\/tag\/javier-milei\/"},"40":{"name":"Pol\u00edtica","link":"https:\/\/lavozdisruptiva.com\/index.php\/tag\/politica\/"}},"comments_number":"0","wpmagazine_modules_lite_featured_media_urls":{"thumbnail":["https:\/\/lavozdisruptiva.com\/wp-content\/uploads\/2024\/09\/Aerolineas-150x150.webp",150,150,true],"cvmm-medium":["https:\/\/lavozdisruptiva.com\/wp-content\/uploads\/2024\/09\/Aerolineas-300x300.webp",300,300,true],"cvmm-medium-plus":["https:\/\/lavozdisruptiva.com\/wp-content\/uploads\/2024\/09\/Aerolineas-305x207.webp",305,207,true],"cvmm-portrait":["https:\/\/lavozdisruptiva.com\/wp-content\/uploads\/2024\/09\/Aerolineas-400x600.webp",400,600,true],"cvmm-medium-square":["https:\/\/lavozdisruptiva.com\/wp-content\/uploads\/2024\/09\/Aerolineas-600x600.webp",600,600,true],"cvmm-large":["https:\/\/lavozdisruptiva.com\/wp-content\/uploads\/2024\/09\/Aerolineas-1024x844.webp",1024,844,true],"cvmm-small":["https:\/\/lavozdisruptiva.com\/wp-content\/uploads\/2024\/09\/Aerolineas-130x95.webp",130,95,true],"full":["https:\/\/lavozdisruptiva.com\/wp-content\/uploads\/2024\/09\/Aerolineas.webp",1280,844,false]},"_links":{"self":[{"href":"https:\/\/lavozdisruptiva.com\/index.php\/wp-json\/wp\/v2\/posts\/5055","targetHints":{"allow":["GET"]}}],"collection":[{"href":"https:\/\/lavozdisruptiva.com\/index.php\/wp-json\/wp\/v2\/posts"}],"about":[{"href":"https:\/\/lavozdisruptiva.com\/index.php\/wp-json\/wp\/v2\/types\/post"}],"author":[{"embeddable":true,"href":"https:\/\/lavozdisruptiva.com\/index.php\/wp-json\/wp\/v2\/users\/3"}],"replies":[{"embeddable":true,"href":"https:\/\/lavozdisruptiva.com\/index.php\/wp-json\/wp\/v2\/comments?post=5055"}],"version-history":[{"count":2,"href":"https:\/\/lavozdisruptiva.com\/index.php\/wp-json\/wp\/v2\/posts\/5055\/revisions"}],"predecessor-version":[{"id":5058,"href":"https:\/\/lavozdisruptiva.com\/index.php\/wp-json\/wp\/v2\/posts\/5055\/revisions\/5058"}],"wp:featuredmedia":[{"embeddable":true,"href":"https:\/\/lavozdisruptiva.com\/index.php\/wp-json\/wp\/v2\/media\/5057"}],"wp:attachment":[{"href":"https:\/\/lavozdisruptiva.com\/index.php\/wp-json\/wp\/v2\/media?parent=5055"}],"wp:term":[{"taxonomy":"category","embeddable":true,"href":"https:\/\/lavozdisruptiva.com\/index.php\/wp-json\/wp\/v2\/categories?post=5055"},{"taxonomy":"post_tag","embeddable":true,"href":"https:\/\/lavozdisruptiva.com\/index.php\/wp-json\/wp\/v2\/tags?post=5055"}],"curies":[{"name":"wp","href":"https:\/\/api.w.org\/{rel}","templated":true}]}}