{"id":5009,"date":"2024-09-11T11:54:30","date_gmt":"2024-09-11T14:54:30","guid":{"rendered":"https:\/\/lavozdisruptiva.com\/?p=5009"},"modified":"2024-09-11T11:54:31","modified_gmt":"2024-09-11T14:54:31","slug":"tarifas-de-servicios-los-municipios-ya-no-podran-incluir-impuestos-y-tasas-en-las-facturas","status":"publish","type":"post","link":"https:\/\/lavozdisruptiva.com\/index.php\/2024\/09\/11\/tarifas-de-servicios-los-municipios-ya-no-podran-incluir-impuestos-y-tasas-en-las-facturas\/","title":{"rendered":"Tarifas de servicios: los municipios ya no podr\u00e1n incluir impuestos y tasas en las facturas"},"content":{"rendered":"\n<h2 class=\"wp-block-heading\" style=\"font-size:23px\">El ministro de Econom\u00eda, Luis Caputo, justific\u00f3 la medida por &#8220;reiteradas denuncias p\u00fablicas&#8221;. Los servicios esenciales como luz y gas quedar\u00e1n excluidos de impuestos locales.<\/h2>\n\n\n\n<p class=\"has-medium-font-size\">&#8220;<strong><em>Ante reiteradas denuncias p\u00fablicas sobre municipios que incluyen tasas locales en la facturaci\u00f3n de servicios esenciales tales como la luz y el gas,\u00a0la Secretar\u00eda de Industria y Comercio del Ministerio de Econom\u00eda dispuso, a trav\u00e9s de la Resoluci\u00f3n 2024-267 que saldr\u00e1 ma\u00f1ana en el Bolet\u00edn Oficial<\/em><\/strong>&#8220;, public\u00f3 el ministro Caputo en su cuenta de X.<\/p>\n\n\n\n<figure class=\"wp-block-image size-large\"><img loading=\"lazy\" decoding=\"async\" width=\"1024\" height=\"576\" src=\"https:\/\/lavozdisruptiva.com\/wp-content\/uploads\/2024\/09\/Luz--1024x576.jpeg\" alt=\"\" class=\"wp-image-5011\" srcset=\"https:\/\/lavozdisruptiva.com\/wp-content\/uploads\/2024\/09\/Luz--1024x576.jpeg 1024w, https:\/\/lavozdisruptiva.com\/wp-content\/uploads\/2024\/09\/Luz--300x169.jpeg 300w, https:\/\/lavozdisruptiva.com\/wp-content\/uploads\/2024\/09\/Luz--768x432.jpeg 768w, https:\/\/lavozdisruptiva.com\/wp-content\/uploads\/2024\/09\/Luz--1536x864.jpeg 1536w, https:\/\/lavozdisruptiva.com\/wp-content\/uploads\/2024\/09\/Luz-.jpeg 1920w\" sizes=\"auto, (max-width: 1024px) 100vw, 1024px\" \/><figcaption class=\"wp-element-caption\">El <strong>ministro de Econom\u00eda, Luis Caputo<\/strong> anunci\u00f3 que los\u00a0<strong>municipios tendr\u00e1n prohibido incluir impuestos en la facturaci\u00f3n de servicios esenciales como luz y gas<\/strong>.<\/figcaption><\/figure>\n\n\n\n<p class=\"has-medium-font-size\">Seg\u00fan explic\u00f3, las facturas de servicios esenciales<strong>\u00a0solo deber\u00e1n contener de forma \u00fanica y exclusiva la descripci\u00f3n y el precio correspondiente al servicio contratado por el consumidor<\/strong>, &#8220;<strong><em>quedando prohibido incluir cargos ajenos a la naturaleza del servicio<\/em><\/strong>&#8220;.<\/p>\n\n\n\n<p style=\"font-size:23px\"><strong>Respaldo de Sturzenegger<\/strong><\/p>\n\n\n\n<p class=\"has-medium-font-size\">El ministro de Desregulaci\u00f3n y Transformaci\u00f3n del Estado,<strong>\u00a0Federico Sturzenegger<\/strong>, sali\u00f3 a respaldar el anuncio. En su cuenta de X sostuvo que &#8220;<strong><em>el gasto p\u00fablico provincial y municipal creci\u00f3 tanto en los \u00faltimos a\u00f1os porque sus impuestos y tasas se ocultaron en facturas o como un impuesto m\u00e1s. La transparencia fiscal ayudar\u00e1 a generar mayor conciencia fiscal y a bajar el gasto<\/em><\/strong>&#8220;.<\/p>\n\n\n\n<h2 class=\"wp-block-heading has-medium-font-size\">Tarifas: la oficializaci\u00f3n en Bolet\u00edn Oficial<\/h2>\n\n\n\n<p class=\"has-medium-font-size\">Este mi\u00e9rcoles 11 de septiembre, se public\u00f3 la medida en el Bolet\u00edn Oficial con algunos detalles extras. La Resoluci\u00f3n 267\/2024 afirm\u00f3 que<strong>&nbsp;las facturas de servicios esenciales deben contener de forma \u00fanica y exclusiva<\/strong>&nbsp;la descripci\u00f3n y el precio correspondiente al servicio contratado por el consumido<strong>r, quedando prohibido incluir cargos ajenos a la naturaleza del servicio.<\/strong><\/p>\n\n\n\n<p style=\"font-size:23px\"><strong>Vigencia inmediata<\/strong><\/p>\n\n\n\n<p class=\"has-medium-font-size\">La Resoluci\u00f3n publicada en el Bolet\u00edn Oficial tambi\u00e9n indica que\u00a0<strong>el incumplimiento ser\u00e1 pasible de ser sancionado conforme el r\u00e9gimen de penalidades<\/strong>\u00a0previsto en la Ley N\u00ba 24.240 y sus modificatorias de Defensa del Consumidor y normas reglamentarias. Asimismo, se informa que la medida <strong>entra en vigencia a partir de la fecha de su publicaci\u00f3n en el Bolet\u00edn Oficial y tiene un plazo de adecuaci\u00f3n de treinta d\u00edas<\/strong>.<\/p>\n\n\n\n<p class=\"has-medium-font-size\">&#8220;<strong><em>De esta manera, se evitar\u00e1 la inclusi\u00f3n de cargos que no corresponden a un servicio y que vulneren la libertad de elecci\u00f3n de los consumidores forz\u00e1ndolos a\u00a0pagar montos adicionales al momento de abonar las tarifas.\u00a0Estas pr\u00e1cticas, que se han tornado sistem\u00e1ticas en municipios de la provincia de Buenos Aires y en distintas localidades y provincias del pa\u00eds, constituyen un incumplimiento a la Ley de Defensa del Consumidor, la cual establece que las empresas proveedoras est\u00e1n obligadas a proporcionar al consumidor de forma cierta, clara y detallada las condiciones de contrataci\u00f3n del servicio<\/em><\/strong>&#8220;, se justific\u00f3.<\/p>\n\n\n\n<p class=\"has-medium-font-size\">Por \u00fatimo, la Secretar\u00eda de Comercio se\u00f1al\u00f3 que con esta medida, &#8220;<strong><em>el Gobierno impedir\u00e1 que se cobren conceptos ajenos a lo contratado por el consumidor dentro de la\u00a0documentaci\u00f3n comercial emitida por el suministro de bienes y servicios.\u00a0Esta pr\u00e1ctica representaba no s\u00f3lo una violaci\u00f3n al deber de brindar un trato digno a los consumidores, sino que implicaba tambi\u00e9n una clara violaci\u00f3n a la libertad de elecci\u00f3n del consumidor<\/em><\/strong>&#8220;.<\/p>\n\n\n\n<p style=\"font-size:23px\"><strong>Los impuestos representan hasta el 49% del precio de un producto <\/strong><\/p>\n\n\n\n<p class=\"has-medium-font-size\"><strong>De cada $100 de un producto de primera necesidad, hasta el $49,1 puede deberse a\u00a0<\/strong>impuestos, seg\u00fan un informe de la\u00a0<strong>C\u00e1mara Argentina de Distribuidores y Autoservicios Mayoristas (CADAM)<\/strong>. Piden &#8220;<strong><em>quitar presi\u00f3n impositiva\u00a0y aportes obligatorios que no son esenciales, para bajar los costos laborales<\/em><\/strong>&#8220;.<\/p>\n\n\n\n<p class=\"has-medium-font-size\">La\u00a0<strong>CADAM\u00a0<\/strong>realiz\u00f3 un\u00a0<strong>estudio\u00a0<\/strong>sobre la\u00a0<strong>carga impositiva\u00a0<\/strong>en la\u00a0<strong>cadena<\/strong>\u00a0<strong>de comercializaci\u00f3n de productos de primera necesidad<\/strong>. Dependiendo el municipio, el total de impuestos nacionales, provinciales y municipales\u00a0<strong>var\u00eda entre 38,1% hasta el 49,1%<\/strong>. \u201c<strong><em>S\u00f3lo nos queda entre un 3 y un 5% de ganancia<\/em><\/strong>\u201d, se quejaron los mayoristas.<\/p>\n\n\n\n<p class=\"has-medium-font-size\">En esta l\u00ednea,\u00a0<strong>desde CADAM pidieron a los municipios que &#8220;<em>den marcha atr\u00e1s con los aumentos,\u00a0encima lo hicieron a mediados del ejercicio fiscal, lo cual complica la proyecci\u00f3n de esta carga que ya hab\u00edan calculado las empresas<\/em><\/strong>\u201d. Tambi\u00e9n solicitaron que las intendencias y gobiernos provinciales se adhieran al nuevo R\u00e9gimen de Transparencia Fiscal al Consumidor.<\/p>\n\n\n\n<p class=\"has-medium-font-size\">La intendenta de Quilmes,\u00a0<strong>Mayra Mendoza,<\/strong>\u00a0cuestion\u00f3 la medida anunciada por\u00a0<strong>Caputo<\/strong>\u00a0y afirm\u00f3 que buscan &#8220;a<strong><em>hogar a los municipios&#8221;. &#8220;El gobierno de Javier\u00a0Milei tiene decidido ahogar a los municipios. \u00a1No lo van a lograr!<\/em><\/strong>&#8220;, denunci\u00f3.<\/p>\n\n\n\n<p class=\"has-medium-font-size\">Mendoza asegur\u00f3 que la decisi\u00f3n anunciada por\u00a0<strong>Luis Caputo &#8220;<em>no perjudica a los intendentes<\/em>&#8220;<\/strong>\u00a0sino que, por el contrario,\u00a0<strong>afectar\u00e1 &#8220;<em>a los vecinos y vecinas de cada distrito<\/em>&#8220;.<\/strong><\/p>\n\n\n\n<p class=\"has-medium-font-size\">La intendenta apunt\u00f3 contra el aumento de las tarifas: &#8220;<strong><em>Lo que est\u00e1n viendo todas las familias argentinas es un tarifazo insensible e impagable de hasta 300%, y que en algunos casos los valores ya superan una jubilaci\u00f3n m\u00ednima a la que, como si fuera poco, buscan vetarle un aumento. Esto es lo que quieren tapar atacando a los municipios<\/em><\/strong>&#8220;.<\/p>\n\n\n\n<p class=\"has-medium-font-size\">Fuente: \u00c1mbito<\/p>\n","protected":false},"excerpt":{"rendered":"<p>El ministro de Econom\u00eda, Luis Caputo, justific\u00f3 la medida por &#8220;reiteradas denuncias p\u00fablicas&#8221;. Los servicios esenciales como luz y gas quedar\u00e1n excluidos de impuestos locales. &#8220;Ante reiteradas denuncias p\u00fablicas sobre municipios que incluyen tasas locales en la facturaci\u00f3n de servicios esenciales tales como la luz y el gas,\u00a0la Secretar\u00eda de Industria y Comercio del Ministerio [&hellip;]<\/p>\n","protected":false},"author":3,"featured_media":5010,"comment_status":"closed","ping_status":"open","sticky":false,"template":"","format":"standard","meta":{"footnotes":""},"categories":[4,81,39],"tags":[66,514,412,410,835,40],"class_list":["post-5009","post","type-post","status-publish","format-standard","has-post-thumbnail","hentry","category-economia","category-nacional","category-politica","tag-economia","tag-federico-sturzenegger","tag-javier-milei","tag-luis-caputo","tag-mayra-mendoza","tag-politica"],"blog_post_layout_featured_media_urls":{"thumbnail":["https:\/\/lavozdisruptiva.com\/wp-content\/uploads\/2024\/09\/federico-sturzenegger-luis-caputo.jpg_792575817-150x150.webp",150,150,true],"full":["https:\/\/lavozdisruptiva.com\/wp-content\/uploads\/2024\/09\/federico-sturzenegger-luis-caputo.jpg_792575817.webp",1200,1200,false]},"categories_names":{"4":{"name":"Econom\u00eda","link":"https:\/\/lavozdisruptiva.com\/index.php\/category\/economia\/"},"81":{"name":"Nacional","link":"https:\/\/lavozdisruptiva.com\/index.php\/category\/nacional\/"},"39":{"name":"Pol\u00edtica","link":"https:\/\/lavozdisruptiva.com\/index.php\/category\/politica\/"}},"tags_names":{"66":{"name":"Econom\u00eda","link":"https:\/\/lavozdisruptiva.com\/index.php\/tag\/economia\/"},"514":{"name":"Federico Sturzenegger","link":"https:\/\/lavozdisruptiva.com\/index.php\/tag\/federico-sturzenegger\/"},"412":{"name":"Javier Milei","link":"https:\/\/lavozdisruptiva.com\/index.php\/tag\/javier-milei\/"},"410":{"name":"Luis Caputo","link":"https:\/\/lavozdisruptiva.com\/index.php\/tag\/luis-caputo\/"},"835":{"name":"Mayra Mendoza","link":"https:\/\/lavozdisruptiva.com\/index.php\/tag\/mayra-mendoza\/"},"40":{"name":"Pol\u00edtica","link":"https:\/\/lavozdisruptiva.com\/index.php\/tag\/politica\/"}},"comments_number":"0","wpmagazine_modules_lite_featured_media_urls":{"thumbnail":["https:\/\/lavozdisruptiva.com\/wp-content\/uploads\/2024\/09\/federico-sturzenegger-luis-caputo.jpg_792575817-150x150.webp",150,150,true],"cvmm-medium":["https:\/\/lavozdisruptiva.com\/wp-content\/uploads\/2024\/09\/federico-sturzenegger-luis-caputo.jpg_792575817-300x300.webp",300,300,true],"cvmm-medium-plus":["https:\/\/lavozdisruptiva.com\/wp-content\/uploads\/2024\/09\/federico-sturzenegger-luis-caputo.jpg_792575817-305x207.webp",305,207,true],"cvmm-portrait":["https:\/\/lavozdisruptiva.com\/wp-content\/uploads\/2024\/09\/federico-sturzenegger-luis-caputo.jpg_792575817-400x600.webp",400,600,true],"cvmm-medium-square":["https:\/\/lavozdisruptiva.com\/wp-content\/uploads\/2024\/09\/federico-sturzenegger-luis-caputo.jpg_792575817-600x600.webp",600,600,true],"cvmm-large":["https:\/\/lavozdisruptiva.com\/wp-content\/uploads\/2024\/09\/federico-sturzenegger-luis-caputo.jpg_792575817-1024x1024.webp",1024,1024,true],"cvmm-small":["https:\/\/lavozdisruptiva.com\/wp-content\/uploads\/2024\/09\/federico-sturzenegger-luis-caputo.jpg_792575817-130x95.webp",130,95,true],"full":["https:\/\/lavozdisruptiva.com\/wp-content\/uploads\/2024\/09\/federico-sturzenegger-luis-caputo.jpg_792575817.webp",1200,1200,false]},"_links":{"self":[{"href":"https:\/\/lavozdisruptiva.com\/index.php\/wp-json\/wp\/v2\/posts\/5009","targetHints":{"allow":["GET"]}}],"collection":[{"href":"https:\/\/lavozdisruptiva.com\/index.php\/wp-json\/wp\/v2\/posts"}],"about":[{"href":"https:\/\/lavozdisruptiva.com\/index.php\/wp-json\/wp\/v2\/types\/post"}],"author":[{"embeddable":true,"href":"https:\/\/lavozdisruptiva.com\/index.php\/wp-json\/wp\/v2\/users\/3"}],"replies":[{"embeddable":true,"href":"https:\/\/lavozdisruptiva.com\/index.php\/wp-json\/wp\/v2\/comments?post=5009"}],"version-history":[{"count":1,"href":"https:\/\/lavozdisruptiva.com\/index.php\/wp-json\/wp\/v2\/posts\/5009\/revisions"}],"predecessor-version":[{"id":5012,"href":"https:\/\/lavozdisruptiva.com\/index.php\/wp-json\/wp\/v2\/posts\/5009\/revisions\/5012"}],"wp:featuredmedia":[{"embeddable":true,"href":"https:\/\/lavozdisruptiva.com\/index.php\/wp-json\/wp\/v2\/media\/5010"}],"wp:attachment":[{"href":"https:\/\/lavozdisruptiva.com\/index.php\/wp-json\/wp\/v2\/media?parent=5009"}],"wp:term":[{"taxonomy":"category","embeddable":true,"href":"https:\/\/lavozdisruptiva.com\/index.php\/wp-json\/wp\/v2\/categories?post=5009"},{"taxonomy":"post_tag","embeddable":true,"href":"https:\/\/lavozdisruptiva.com\/index.php\/wp-json\/wp\/v2\/tags?post=5009"}],"curies":[{"name":"wp","href":"https:\/\/api.w.org\/{rel}","templated":true}]}}