{"id":4983,"date":"2024-09-09T10:43:00","date_gmt":"2024-09-09T13:43:00","guid":{"rendered":"https:\/\/lavozdisruptiva.com\/?p=4983"},"modified":"2024-09-09T10:43:02","modified_gmt":"2024-09-09T13:43:02","slug":"javi-al-infinito-y-mas-alla","status":"publish","type":"post","link":"https:\/\/lavozdisruptiva.com\/index.php\/2024\/09\/09\/javi-al-infinito-y-mas-alla\/","title":{"rendered":"Javi, al infinito y m\u00e1s all\u00e1"},"content":{"rendered":"\n<h2 class=\"wp-block-heading has-medium-font-size\">Milei se autodefini\u00f3 por televisi\u00f3n como uno de los dos pol\u00edticos m\u00e1s relevantes del Planeta Tierra. Literalmente.<\/h2>\n\n\n\n<p class=\"has-medium-font-size\">Por: Alejandro Borensztein.  Para: Clar\u00edn<\/p>\n\n\n\n<p class=\"has-medium-font-size\">Antes que nada, agradecemos al presidente Milei y a la expresidente Cristina por intentar ayudar a esta p\u00e1gina&nbsp;<a href=\"https:\/\/www.clarin.com\/politica\/cristina-kirchner-ahora-desafia-milei-mano-mano-gobernar-tenes-tiempo-boludear-redes-espero-patria_0_QvjvdUerhF.html?srsltid=AfmBOoqIIzV5AkUAzo-SGvMeKr4sPzRAAPIhzhvT28wrC7yHn_yH7k0R\" target=\"_blank\" rel=\"noreferrer noopener\">debatiendo en Twitter como dos adolescentes<\/a>&nbsp;alterados por el acn\u00e9, pero es un episodio que no vamos a comentar.&nbsp;<strong>Esta columna es en joda, pero no para tanto.<\/strong><\/p>\n\n\n\n<p class=\"has-medium-font-size\">Vamos a lo importante.<\/p>\n\n\n\n<p class=\"has-medium-font-size\">En el reportaje que Luis Majul le hizo al presidente Milei el domingo pasado, Javi dijo textualmente:\u00a0<em>\u201c<strong>Yo entiendo la agenda liliputiense de los pol\u00edticos argentinos intrascendentes, ratas invisibles, que les duele que yo sea hoy uno de los dos pol\u00edticos m\u00e1s relevantes del Planeta Tierra\u2026\u00a0uno es Trump y el otro soy yo<\/strong>\u201d.<\/em>\u00a0Posta.<\/p>\n\n\n\n<p class=\"has-medium-font-size\">Reconozcamos que el kirchnerismo en general y el onanismo de Alberto en particular, le suman un mont\u00f3n a la relevancia planetaria de Milei. En cambio el senador libertario Abdala,&nbsp;<a href=\"https:\/\/www.clarin.com\/politica\/bartolome-abdala-dijo-15-asesores-admitio-mayoria-san-luis-quiere-gobernador-provincia_0_2fWlfMI3bg.html\" target=\"_blank\" rel=\"noreferrer noopener\">con su plantel de asesores pagos por el Estado<\/a>&nbsp;y puestos al servicio de su campa\u00f1a para gobernador de San Luis, no ayuda demasiado.<\/p>\n\n\n\n<p class=\"has-medium-font-size\">Volviendo a los dos pol\u00edticos m\u00e1s relevantes del Planeta, lo interesante es que al crecer la posibilidad de que Trump pierda las elecciones&nbsp;<strong>hay m\u00e1s chances de que Javi se corone campe\u00f3n mundial&nbsp;<\/strong>del Planeta Tierra, como en Qatar. Veamos.<\/p>\n\n\n\n<p class=\"has-medium-font-size\">Dick Cheney est\u00e1 considerado el pol\u00edtico norteamericano<strong>&nbsp;m\u00e1s duro de los \u00faltimos 25 a\u00f1os<\/strong>. Formado a la sombra de Donald Rumsfeld, Cheney fue secretario de defensa del presidente Bush (padre) durante la Guerra del Golfo y luego fue el vicepresidente de Bush (hijo) y cerebro de las guerras de Irak y Afganist\u00e1n. Sobrevivi\u00f3 a cinco infartos. Desde su casa en Wyoming, a los 83 a\u00f1os acaba de avisar que no piensa votar por Donald Trump.<\/p>\n\n\n\n<p class=\"has-medium-font-size\">Su hija Liz Cheney, que sigue la tradici\u00f3n del padre y es una dur\u00edsima dirigente del partido republicano, tambi\u00e9n dijo que no apoya al candidato de su partido.\u00a0<em>\u201c<strong>Como conservadora que soy y defensora de la Constituci\u00f3n de los EEUU considero que Trump\u00a0es un peligro para la democracia. No solo no voy a votar por \u00e9l sino que lo har\u00e9 por nuestra contrincante del partido dem\u00f3crata, Kamala Harris<\/strong>\u201d<\/em>, declar\u00f3 la se\u00f1ora Cheney para felicidad de los hinchas de Milei que esperan la derrota de Trump para alcanzar el m\u00e1ximo t\u00edtulo planetario.<\/p>\n\n\n\n<p class=\"has-medium-font-size\">Como si esto fuera poco, tambi\u00e9n anunciaron que votar\u00e1n por Kamala Harris los familiares del republicano John McCain, otro duro de la pol\u00edtica norteamericana.<\/p>\n\n\n\n<p class=\"has-medium-font-size\">McCain fue piloto naval, su avi\u00f3n fue derribado en Vietnam en 1967 y, gravemente herido, fue capturado por el Vietcong y torturado hasta 1973. As\u00ed, roto y todo, cuando volvi\u00f3 a EE.UU. inici\u00f3 su carrera en el partido republicano hasta llegar a ser candidato presidencial, finalmente derrotado por Obama en 2008.<\/p>\n\n\n\n<p class=\"has-medium-font-size\">Cuando McCain falleci\u00f3 en 2018 fue despedido por el pueblo norteamericano y por toda la dirigencia como un pr\u00f3cer. Sin embargo, Trump dijo de \u00e9l que era un \u201c<strong>loser<\/strong>\u201d porque fue a Vietnam y cay\u00f3 prisionero. Ahora los McCain anunciaron que\u00a0<strong>se la van a cobrar votando todos por Kamala Harris.<\/strong><\/p>\n\n\n\n<p class=\"has-medium-font-size\">El panorama se completa con un gesto sin precedentes de Arthur Sulzberger, editor general del New York Times. Esta semana alert\u00f3 en una nota sobre&nbsp;<a href=\"https:\/\/www.clarin.com\/mundo\/guerra-silenciosa-libertad-prensa_0_BlNoKdsNk9.html?srsltid=AfmBOoqEfcTobMFn2NniX9rHxQpSo3t2trDDxZzM8jd3-vT1VELtb0Fq\" target=\"_blank\" rel=\"noreferrer noopener\">los riesgos que corren la democracia y la libertad de expresi\u00f3n en el caso de que gane Trump.<\/a><\/p>\n\n\n\n<p class=\"has-medium-font-size\">Lo extraordinario de la nota es que Sulzberger no la public\u00f3 en el diario que \u00e9l dirige sino que lo hizo en el Washington Post, el hist\u00f3rico adversario del New York Times. Obviamente, esto fue para dejar en claro que, ante el peligro que significa Trump, la elite dirigencial de los EEUU est\u00e1 dispuesta a deponer sus diferencias.<\/p>\n\n\n\n<p class=\"has-medium-font-size\">O sea, se ha puesto en duda lo que, hasta hace un par de meses, era el seguro triunfo de Trump provocando euforia en las filas de Milei. Obviamente, no deber\u00edan cantar victoria. Por ahora, Javi es solo uno de los dos hombres m\u00e1s relevantes del Planeta Tierra.&nbsp;<strong>El otro sigue en pie y todav\u00eda la final no se jug\u00f3.<\/strong><\/p>\n\n\n\n<p class=\"has-medium-font-size\">De perder Donald Trump, Milei se transformar\u00eda autom\u00e1ticamente en el m\u00e1s importante del globo, para orgullo de todos los argentinos y benepl\u00e1cito de esta p\u00e1gina. Sin dudas, la 9 de Julio volver\u00e1 a quedar chica.<\/p>\n\n\n\n<p class=\"has-medium-font-size\">\u00bfQu\u00e9 otras cosas ocurrir\u00edan si Milei se consagrara como el hombre m\u00e1s relevante del Planeta? Obviamente&nbsp;<strong>podr\u00eda meter a Lijo de prepo en la Corte, se adelantar\u00eda la entrega de su Premio Nobel y se acelerar\u00eda la circulaci\u00f3n de novias<\/strong>. Pero todav\u00eda falta. Paso a paso.<\/p>\n\n\n\n<p class=\"has-medium-font-size\">En tren de fantasear, igual ya podr\u00edamos ir pensando que si Javi ganara pasar\u00eda a competir contra los seres m\u00e1s relevantes de los otros planetas para definir qui\u00e9n es el m\u00e1s groso de todo el Sistema Solar.<\/p>\n\n\n\n<p class=\"has-medium-font-size\">No es f\u00e1cil porque en ese caso deber\u00eda enfrentar a los aliens m\u00e1s importantes de Marte, Venus, Saturno, etc. Obviamente el gran rival a derrotar es el de J\u00fapiter, dado que es el planeta m\u00e1s grande (11 veces m\u00e1s grande que la Tierra), seguramente el m\u00e1s poblado y, por lo tanto, el que cuenta con&nbsp;<strong>mayor cantidad de delirantes que se creen el m\u00e1s relevante de su planeta.<\/strong>&nbsp;Ojo que la Liga de J\u00fapiter debe ser muy competitiva.<\/p>\n\n\n\n<p class=\"has-medium-font-size\">Por todo esto es muy importante que todos nos unamos para alentar a nuestro gran l\u00edder del Planeta. De hecho, esta p\u00e1gina le va a poner toda la garra. Sobran las razones. Veamos.<\/p>\n\n\n\n<p class=\"has-medium-font-size\">Si la Argentina tuviera un gobierno razonable, equilibrado, dialoguista, respetuoso, profundamente democr\u00e1tico y de una idoneidad profesional intachable, esta p\u00e1gina perder\u00eda buena parte de su materia prima.<\/p>\n\n\n\n<p class=\"has-medium-font-size\">A su vez, si la alternativa electoral para suceder a este gobierno fuera otro sector pol\u00edtico igualmente preparado, moderado y serio, esta p\u00e1gina tender\u00eda a desaparecer.<\/p>\n\n\n\n<p class=\"has-medium-font-size\">Por suerte, por ahora nada de esto va a suceder porque lo que tenemos es un&nbsp;<strong>gobierno delirante<\/strong>&nbsp;al que seguiremos bancando porque vino a reemplazar al cachivache que nos gobern\u00f3 los \u00faltimos 20 a\u00f1os.<\/p>\n\n\n\n<p class=\"has-medium-font-size\">Hablando de Roma, reapareci\u00f3 Cristina y&nbsp;<a href=\"https:\/\/www.clarin.com\/economia\/economia-bimonetaria-estupido-reaparecio-cristina-duras-criticas-primeros-9-meses-gestion-milei_0_1laJNQyl31.html?srsltid=AfmBOoo_gpi2uEuPvYrXKSU64UgTpwmo_9e38dyreM21tmz8cm_2FfHf\" target=\"_blank\" rel=\"noreferrer noopener\">public\u00f3 una carta muy dura.<\/a>&nbsp;Breve, solo ocho paginitas. All\u00ed explica que hay dos maneras de esclavizar a un pueblo: la espada y la deuda. En realidad son cinco. Seguramente omiti\u00f3 las otras tres porque no la favorecen:&nbsp;<strong>la ignorancia, la autocracia y la corrupci\u00f3n<\/strong>.<\/p>\n\n\n\n<p class=\"has-medium-font-size\">Tambi\u00e9n dijo que \u201c<strong><em>el peronismo se torci\u00f3<\/em><\/strong>\u201d. Se ve que hubo un error de tipeo y escribi\u00f3 \u201c<strong><em>se torci\u00f3<\/em><\/strong>\u201d en lugar de \u201c<strong><em>lo torc\u00ed<\/em><\/strong>\u201d. Si bien el peronismo nunca fue una joyita, tampoco es este desastre en que lo convirti\u00f3 Cristina. Ampliemos.<\/p>\n\n\n\n<p class=\"has-medium-font-size\">Cristina trajo a L\u00e1zaro, a De Vido, a Jos\u00e9 L\u00f3pez y a la inflaci\u00f3n que ya hab\u00eda sido desterrada.&nbsp;<strong>Con Ella lleg\u00f3 el narcotr\u00e1fico y creci\u00f3 la inseguridad<\/strong>. Lo puso a Boudou, mand\u00f3 a votar a Insaurralde en 2013, a Scioli en 2015, a Alberto en 2019 y a Massa en 2023. Dej\u00f3 el Central en rojo, perdi\u00f3 el autoabastecimiento energ\u00e9tico, nos metieron una multa de 16.000 palos verdes por lo que hizo con YPF, arruin\u00f3 el sistema de transporte y le destruy\u00f3 la vida a los familiares de cada una de las v\u00edctimas de la tragedia de Once. Tambi\u00e9n se las destruy\u00f3 a las dos hijas de Nisman. Pact\u00f3 con Ir\u00e1n y apoy\u00f3 las dictaduras de Venezuela, Cuba y Nicaragua. Eso si, logr\u00f3 algo muy importante:&nbsp;<strong>nos trajo al pol\u00edtico m\u00e1s relevante del Planeta Tierra.<\/strong><\/p>\n\n\n\n<p class=\"has-medium-font-size\">Si no fuera por la cantidad creciente de pobres, deber\u00edamos reconocer que la realidad pol\u00edtica argentina es divertid\u00edsima. Ojal\u00e1 ahora logremos el t\u00edtulo planetario.<\/p>\n\n\n\n<p class=\"has-medium-font-size\">Hay gente preocupada porque se retir\u00f3 Di Mar\u00eda y porque Messi est\u00e1 lesionado.<\/p>\n\n\n\n<p class=\"has-medium-font-size\">Tranqui, amigo lector. Lo tenemos a Javi.<\/p>\n\n\n\n<p class=\"has-medium-font-size\">Fuente: Clarin<\/p>\n","protected":false},"excerpt":{"rendered":"<p>Milei se autodefini\u00f3 por televisi\u00f3n como uno de los dos pol\u00edticos m\u00e1s relevantes del Planeta Tierra. Literalmente. Por: Alejandro Borensztein. Para: Clar\u00edn Antes que nada, agradecemos al presidente Milei y a la expresidente Cristina por intentar ayudar a esta p\u00e1gina&nbsp;debatiendo en Twitter como dos adolescentes&nbsp;alterados por el acn\u00e9, pero es un episodio que no vamos [&hellip;]<\/p>\n","protected":false},"author":3,"featured_media":4984,"comment_status":"closed","ping_status":"open","sticky":false,"template":"","format":"standard","meta":{"footnotes":""},"categories":[221,81,39],"tags":[290,291,40],"class_list":["post-4983","post","type-post","status-publish","format-standard","has-post-thumbnail","hentry","category-humor-disruptivo","category-nacional","category-politica","tag-alejandro-borensztein","tag-humor","tag-politica"],"blog_post_layout_featured_media_urls":{"thumbnail":["https:\/\/lavozdisruptiva.com\/wp-content\/uploads\/2024\/09\/Milei-saludando-150x150.jpeg",150,150,true],"full":["https:\/\/lavozdisruptiva.com\/wp-content\/uploads\/2024\/09\/Milei-saludando.jpeg",1228,620,false]},"categories_names":{"221":{"name":"Humor Disruptivo","link":"https:\/\/lavozdisruptiva.com\/index.php\/category\/humor-disruptivo\/"},"81":{"name":"Nacional","link":"https:\/\/lavozdisruptiva.com\/index.php\/category\/nacional\/"},"39":{"name":"Pol\u00edtica","link":"https:\/\/lavozdisruptiva.com\/index.php\/category\/politica\/"}},"tags_names":{"290":{"name":"Alejandro Borensztein","link":"https:\/\/lavozdisruptiva.com\/index.php\/tag\/alejandro-borensztein\/"},"291":{"name":"Humor","link":"https:\/\/lavozdisruptiva.com\/index.php\/tag\/humor\/"},"40":{"name":"Pol\u00edtica","link":"https:\/\/lavozdisruptiva.com\/index.php\/tag\/politica\/"}},"comments_number":"0","wpmagazine_modules_lite_featured_media_urls":{"thumbnail":["https:\/\/lavozdisruptiva.com\/wp-content\/uploads\/2024\/09\/Milei-saludando-150x150.jpeg",150,150,true],"cvmm-medium":["https:\/\/lavozdisruptiva.com\/wp-content\/uploads\/2024\/09\/Milei-saludando-300x300.jpeg",300,300,true],"cvmm-medium-plus":["https:\/\/lavozdisruptiva.com\/wp-content\/uploads\/2024\/09\/Milei-saludando-305x207.jpeg",305,207,true],"cvmm-portrait":["https:\/\/lavozdisruptiva.com\/wp-content\/uploads\/2024\/09\/Milei-saludando-400x600.jpeg",400,600,true],"cvmm-medium-square":["https:\/\/lavozdisruptiva.com\/wp-content\/uploads\/2024\/09\/Milei-saludando-600x600.jpeg",600,600,true],"cvmm-large":["https:\/\/lavozdisruptiva.com\/wp-content\/uploads\/2024\/09\/Milei-saludando-1024x620.jpeg",1024,620,true],"cvmm-small":["https:\/\/lavozdisruptiva.com\/wp-content\/uploads\/2024\/09\/Milei-saludando-130x95.jpeg",130,95,true],"full":["https:\/\/lavozdisruptiva.com\/wp-content\/uploads\/2024\/09\/Milei-saludando.jpeg",1228,620,false]},"_links":{"self":[{"href":"https:\/\/lavozdisruptiva.com\/index.php\/wp-json\/wp\/v2\/posts\/4983","targetHints":{"allow":["GET"]}}],"collection":[{"href":"https:\/\/lavozdisruptiva.com\/index.php\/wp-json\/wp\/v2\/posts"}],"about":[{"href":"https:\/\/lavozdisruptiva.com\/index.php\/wp-json\/wp\/v2\/types\/post"}],"author":[{"embeddable":true,"href":"https:\/\/lavozdisruptiva.com\/index.php\/wp-json\/wp\/v2\/users\/3"}],"replies":[{"embeddable":true,"href":"https:\/\/lavozdisruptiva.com\/index.php\/wp-json\/wp\/v2\/comments?post=4983"}],"version-history":[{"count":2,"href":"https:\/\/lavozdisruptiva.com\/index.php\/wp-json\/wp\/v2\/posts\/4983\/revisions"}],"predecessor-version":[{"id":4986,"href":"https:\/\/lavozdisruptiva.com\/index.php\/wp-json\/wp\/v2\/posts\/4983\/revisions\/4986"}],"wp:featuredmedia":[{"embeddable":true,"href":"https:\/\/lavozdisruptiva.com\/index.php\/wp-json\/wp\/v2\/media\/4984"}],"wp:attachment":[{"href":"https:\/\/lavozdisruptiva.com\/index.php\/wp-json\/wp\/v2\/media?parent=4983"}],"wp:term":[{"taxonomy":"category","embeddable":true,"href":"https:\/\/lavozdisruptiva.com\/index.php\/wp-json\/wp\/v2\/categories?post=4983"},{"taxonomy":"post_tag","embeddable":true,"href":"https:\/\/lavozdisruptiva.com\/index.php\/wp-json\/wp\/v2\/tags?post=4983"}],"curies":[{"name":"wp","href":"https:\/\/api.w.org\/{rel}","templated":true}]}}