{"id":4956,"date":"2024-09-02T17:36:58","date_gmt":"2024-09-02T20:36:58","guid":{"rendered":"https:\/\/lavozdisruptiva.com\/?p=4956"},"modified":"2024-09-02T19:03:12","modified_gmt":"2024-09-02T22:03:12","slug":"desregulacion-el-gobierno-modifico-la-reglamentacion-de-la-propiedad-intelectual-y-los-derechos-de-autor","status":"publish","type":"post","link":"https:\/\/lavozdisruptiva.com\/index.php\/2024\/09\/02\/desregulacion-el-gobierno-modifico-la-reglamentacion-de-la-propiedad-intelectual-y-los-derechos-de-autor\/","title":{"rendered":"Desregulaci\u00f3n: El gobierno modific\u00f3 la reglamentaci\u00f3n de la propiedad intelectual y los derechos de autor."},"content":{"rendered":"\n<h2 class=\"wp-block-heading has-medium-font-size\">Estableci\u00f3 cambios que afectan a SADAIC, al eliminar por decreto el impuesto que hoteles, restaurantes y salones de fiesta le pagaban a ese organismo.                                 Internet surge como un nuevo espacio p\u00fablico donde se exigir\u00e1n autorizaciones para su uso.<\/h2>\n\n\n\n<p class=\"has-medium-font-size\">El\u00a0gobierno nacional modific\u00f3 la\u00a0<strong>reglamentaci\u00f3n de la propiedad intelectual\u00a0<\/strong>y los derechos de autor. Entre los principales cambios, aparece la figura de &#8220;<strong>internet<\/strong>&#8221; como un nuevo &#8220;<strong>espacio p\u00fablico<\/strong>&#8221; donde se exigir\u00e1 la autorizaci\u00f3n de los creadores de la obra para poder reproducirla en este medio.<\/p>\n\n\n\n<p class=\"has-medium-font-size\">De esta manera, el decreto resalta la necesidad de regulaci\u00f3n en los&nbsp;<strong>medios tecnol\u00f3gicos y digitales<\/strong>, donde las plataformas de streaming&nbsp;surgen como los nuevos actores afectados. &#8220;<strong><em>Se entiende por representaci\u00f3n o ejecuci\u00f3n p\u00fablica aquella que se efect\u00fae, cualquiera que fueren los fines de la misma,&nbsp;en un espacio de acceso p\u00fablico, libre y dirigido a una pluralidad de personas<\/em><\/strong>&#8220;, detall\u00f3 el texto publicado en el&nbsp;<strong>Bolet\u00edn Oficial.<\/strong><\/p>\n\n\n\n<p class=\"has-medium-font-size\">Por otro lado, a partir de la modificaci\u00f3n del Gobierno, se decret\u00f3 que quedan exentos de esta norma&nbsp;cualquier evento que se desarrolle &#8220;<strong><em>en un \u00e1mbito privado<\/em><\/strong>&#8221; sea de ocupaci\u00f3n permanente o temporal. As\u00ed, los hoteles y los alojamientos tur\u00edsticos, por ejemplo, ya no deber\u00e1n abonarle ning\u00fan porcentaje a&nbsp;<strong>Sociedad Argentina de Autores y Compositores de M\u00fasica (SADAIC)<\/strong>.<\/p>\n\n\n\n<h2 class=\"wp-block-heading\" style=\"font-size:23px\">Los cambios en la propiedad intelectual<\/h2>\n\n\n\n<p class=\"has-medium-font-size\">Los cambios fueron publicados a trav\u00e9s del decreto <strong>765\/2024, publicado el 27 de agosto<\/strong>, firmado por\u00a0<strong>Milei, el jefe de gabinete, Guillermo Francos, y el Ministro de Justicia, Mariano C\u00faneo Libarona<\/strong>. El mismo presenta cambios sustanciales en la regulaci\u00f3n de la propiedad intelectual.<\/p>\n\n\n\n<p class=\"has-medium-font-size\">En primer lugar, el gobierno nacional detall\u00f3 que se entiende por <strong>representaci\u00f3n o ejecuci\u00f3n p\u00fablica<\/strong> a cualquiera que se efect\u00fae en un &#8220;<strong><em>espacio de acceso p\u00fablico, libre y dirigido a una pluralidad de personas<\/em><\/strong>&#8220;. Se considerar\u00e1 tambi\u00e9n difusi\u00f3n en p\u00fablico a las <strong>retransmisiones y difusiones<\/strong> que se hagan por altavoces que se&nbsp;<strong>efect\u00fae por ejecutantes o cantantes<\/strong>.<\/p>\n\n\n\n<p class=\"has-medium-font-size\">El principal cambio que presenta la norma es que ahora esta normativa tambi\u00e9n apunta a la reproducci\u00f3n realizada por &#8220;<strong><em>medios mec\u00e1nicos, electr\u00f3nicos o digitales, incluyendo internet<\/em><\/strong>&#8220;. As\u00ed, los nuevos medios de comunicaci\u00f3n, como las&nbsp;<strong>plataformas de streaming<\/strong>, se ver\u00e1n afectadas por la regulaci\u00f3n.<\/p>\n\n\n\n<p class=\"has-medium-font-size\">El decreto tambi\u00e9n indica que los autores tienen derecho a recibir una\u00a0<strong>remuneraci\u00f3n equitativa\u00a0<\/strong>\u201c<strong><em>de cualquier persona que, en forma ocasional o permanente, obtenga un beneficio econ\u00f3mico directo o indirecto con la utilizaci\u00f3n p\u00fablica de una obra<\/em><\/strong>\u201d o que bien, &#8220;<strong><em>realice un evento con dichas obras<\/em><\/strong>&#8220;. Por el momento, el decreto no detall\u00f3 como ser\u00e1 el pago para los autores y de que manera se\u00a0<strong>determinar\u00e1 que publicaciones de internet abonar\u00e1n y cuales no.<\/strong><\/p>\n\n\n\n<h2 class=\"wp-block-heading\" style=\"font-size:23px\">Los cambios para SADAIC<\/h2>\n\n\n\n<p class=\"has-medium-font-size\">El decreto publicado en el Bolet\u00edn Oficial tambi\u00e9n present\u00f3 cambios sustanciales en la\u00a0<strong>recaudaci\u00f3n de SADAIC.\u00a0<\/strong>El texto detall\u00f3 que no existir\u00e1 ejecuci\u00f3n p\u00fablica de una obra cuando &#8220;<strong><em>la misma se desarrolle en un\u00a0\u00e1mbito privado, sea este de ocupaci\u00f3n permanente o temporal<\/em><\/strong>&#8220;.<\/p>\n\n\n\n<p><img loading=\"lazy\" decoding=\"async\" width=\"720\" height=\"480\" src=\"https:\/\/www.clarin.com\/img\/2016\/08\/06\/rybq8KjTQe_720x0.jpg\" alt=\"El decreto del Gobierno exime del pago del impuesto a Sadaic por parte de salones de fietas, hoteles, bares y restaruantes. \"><\/p>\n\n\n\n<p class=\"has-medium-font-size\">Los salones de fiestas, uno de los grandes beneficiados por la nueva normativa.<\/p>\n\n\n\n<p class=\"has-medium-font-size\">De esta manera, lugares como los<strong>\u00a0hoteles y alojamientos tur\u00edsticos\u00a0se ver\u00e1n librados de pagar<\/strong> un porcentaje a\u00a0<strong>Sociedad Argentina de Autores y Compositores de M\u00fasica<\/strong>\u00a0por la reproducci\u00f3n de m\u00fasica en eventos privados.<\/p>\n\n\n\n<p class=\"has-medium-font-size\">Por \u00faltimo, el decreto indica que tambi\u00e9n quedar\u00e1n exentos de abonar toda reproducci\u00f3n que tenga un &#8220;<strong><em>car\u00e1cter did\u00e1ctico<\/em><\/strong>&#8220;. En este \u00faltimo grupo se incluyen eventos como &#8220;<strong><em>conmemoraciones patri\u00f3ticas en establecimientos educacionales oficiales o autorizados por el Estado&#8221;<\/em><\/strong>. El decreto entr\u00f3 en vigencia, luego de su publicaci\u00f3n en el Bolet\u00edn Oficial.<\/p>\n\n\n\n<p style=\"font-size:23px\"><strong>La opinion de Sturzenegger<\/strong><\/p>\n\n\n\n<p class=\"has-medium-font-size\">El ministro de Desregulaci\u00f3n y Transformaci\u00f3n del Estado, Federico Sturzenegger, explic\u00f3 el motivo de la modificaci\u00f3n: \u201c<strong><em>La confusi\u00f3n hab\u00eda provocado el absurdo de&nbsp;que se cobraran derechos por la mera existencia de televisores en la habitaci\u00f3n de un hotel&nbsp;(aun si el cuarto estaba vac\u00edo), lo que encareci\u00f3 significativamente la prestaci\u00f3n de los servicios<\/em><\/strong>\u201d.<\/p>\n\n\n\n<p style=\"font-size:23px\"><strong>Oposici\u00f3n de SADAIC<\/strong><\/p>\n\n\n\n<p class=\"has-medium-font-size\">Consultada SADAIC al respecto manifestaron: &#8220;<strong><em>desde la entidad no ven con buenos ojos la nueva reglamentaci\u00f3n, nosotros,\u00a0como representantes de los autores y compositores,\u00a0estamos totalmente en contra de este decreto, porque es una agresi\u00f3n injustificada a los derechos. Los autores cuando cobran est\u00e1n cobrando\u00a0por el uso de las composiciones que son de su propiedad<\/em>\u201d,<\/strong>\u00a0asegur\u00f3 <strong>Guillermo Ocampo, director del organismo<\/strong>.<\/p>\n\n\n\n<p class=\"has-medium-font-size\">Para Ocampo, solo se benefician los due\u00f1os de los salones de fiestas y otros espacios afectados. \u201c<strong><em>Las consecuencias son b\u00e1sicas. Primero, hay una consecuencia filos\u00f3fica, que es un&nbsp;agravio a la propiedad intelectual de los autores y compositores. En segundo lugar, obviamente como consecuencia de eso, hay la afectaci\u00f3n a la recaudaci\u00f3n de SADAIC y eso significa&nbsp;pagar menos a los autores y compositores<\/em>\u201d<\/strong>, remarc\u00f3.<\/p>\n\n\n\n<p class=\"has-medium-font-size\">Fuente: Con informaciones de \u00c1mbito, Clar\u00edn y medios digitales<\/p>\n","protected":false},"excerpt":{"rendered":"<p>Estableci\u00f3 cambios que afectan a SADAIC, al eliminar por decreto el impuesto que hoteles, restaurantes y salones de fiesta le pagaban a ese organismo. Internet surge como un nuevo espacio p\u00fablico donde se exigir\u00e1n autorizaciones para su uso. El\u00a0gobierno nacional modific\u00f3 la\u00a0reglamentaci\u00f3n de la propiedad intelectual\u00a0y los derechos de autor. Entre los principales cambios, aparece [&hellip;]<\/p>\n","protected":false},"author":3,"featured_media":4957,"comment_status":"closed","ping_status":"open","sticky":false,"template":"","format":"standard","meta":{"footnotes":""},"categories":[4,81,39],"tags":[66,514,604,827,40,825,826],"class_list":["post-4956","post","type-post","status-publish","format-standard","has-post-thumbnail","hentry","category-economia","category-nacional","category-politica","tag-economia","tag-federico-sturzenegger","tag-gobierno-nacional","tag-guillermo-ocampo","tag-politica","tag-propiedad-intelectual","tag-sadaic"],"blog_post_layout_featured_media_urls":{"thumbnail":["https:\/\/lavozdisruptiva.com\/wp-content\/uploads\/2024\/09\/sadaicjpeg-150x150.webp",150,150,true],"full":["https:\/\/lavozdisruptiva.com\/wp-content\/uploads\/2024\/09\/sadaicjpeg.webp",655,368,false]},"categories_names":{"4":{"name":"Econom\u00eda","link":"https:\/\/lavozdisruptiva.com\/index.php\/category\/economia\/"},"81":{"name":"Nacional","link":"https:\/\/lavozdisruptiva.com\/index.php\/category\/nacional\/"},"39":{"name":"Pol\u00edtica","link":"https:\/\/lavozdisruptiva.com\/index.php\/category\/politica\/"}},"tags_names":{"66":{"name":"Econom\u00eda","link":"https:\/\/lavozdisruptiva.com\/index.php\/tag\/economia\/"},"514":{"name":"Federico Sturzenegger","link":"https:\/\/lavozdisruptiva.com\/index.php\/tag\/federico-sturzenegger\/"},"604":{"name":"Gobierno Nacional","link":"https:\/\/lavozdisruptiva.com\/index.php\/tag\/gobierno-nacional\/"},"827":{"name":"Guillermo Ocampo","link":"https:\/\/lavozdisruptiva.com\/index.php\/tag\/guillermo-ocampo\/"},"40":{"name":"Pol\u00edtica","link":"https:\/\/lavozdisruptiva.com\/index.php\/tag\/politica\/"},"825":{"name":"Propiedad intelectual","link":"https:\/\/lavozdisruptiva.com\/index.php\/tag\/propiedad-intelectual\/"},"826":{"name":"SADAIC","link":"https:\/\/lavozdisruptiva.com\/index.php\/tag\/sadaic\/"}},"comments_number":"0","wpmagazine_modules_lite_featured_media_urls":{"thumbnail":["https:\/\/lavozdisruptiva.com\/wp-content\/uploads\/2024\/09\/sadaicjpeg-150x150.webp",150,150,true],"cvmm-medium":["https:\/\/lavozdisruptiva.com\/wp-content\/uploads\/2024\/09\/sadaicjpeg-300x300.webp",300,300,true],"cvmm-medium-plus":["https:\/\/lavozdisruptiva.com\/wp-content\/uploads\/2024\/09\/sadaicjpeg-305x207.webp",305,207,true],"cvmm-portrait":["https:\/\/lavozdisruptiva.com\/wp-content\/uploads\/2024\/09\/sadaicjpeg-400x368.webp",400,368,true],"cvmm-medium-square":["https:\/\/lavozdisruptiva.com\/wp-content\/uploads\/2024\/09\/sadaicjpeg-600x368.webp",600,368,true],"cvmm-large":["https:\/\/lavozdisruptiva.com\/wp-content\/uploads\/2024\/09\/sadaicjpeg.webp",655,368,false],"cvmm-small":["https:\/\/lavozdisruptiva.com\/wp-content\/uploads\/2024\/09\/sadaicjpeg-130x95.webp",130,95,true],"full":["https:\/\/lavozdisruptiva.com\/wp-content\/uploads\/2024\/09\/sadaicjpeg.webp",655,368,false]},"_links":{"self":[{"href":"https:\/\/lavozdisruptiva.com\/index.php\/wp-json\/wp\/v2\/posts\/4956","targetHints":{"allow":["GET"]}}],"collection":[{"href":"https:\/\/lavozdisruptiva.com\/index.php\/wp-json\/wp\/v2\/posts"}],"about":[{"href":"https:\/\/lavozdisruptiva.com\/index.php\/wp-json\/wp\/v2\/types\/post"}],"author":[{"embeddable":true,"href":"https:\/\/lavozdisruptiva.com\/index.php\/wp-json\/wp\/v2\/users\/3"}],"replies":[{"embeddable":true,"href":"https:\/\/lavozdisruptiva.com\/index.php\/wp-json\/wp\/v2\/comments?post=4956"}],"version-history":[{"count":4,"href":"https:\/\/lavozdisruptiva.com\/index.php\/wp-json\/wp\/v2\/posts\/4956\/revisions"}],"predecessor-version":[{"id":4962,"href":"https:\/\/lavozdisruptiva.com\/index.php\/wp-json\/wp\/v2\/posts\/4956\/revisions\/4962"}],"wp:featuredmedia":[{"embeddable":true,"href":"https:\/\/lavozdisruptiva.com\/index.php\/wp-json\/wp\/v2\/media\/4957"}],"wp:attachment":[{"href":"https:\/\/lavozdisruptiva.com\/index.php\/wp-json\/wp\/v2\/media?parent=4956"}],"wp:term":[{"taxonomy":"category","embeddable":true,"href":"https:\/\/lavozdisruptiva.com\/index.php\/wp-json\/wp\/v2\/categories?post=4956"},{"taxonomy":"post_tag","embeddable":true,"href":"https:\/\/lavozdisruptiva.com\/index.php\/wp-json\/wp\/v2\/tags?post=4956"}],"curies":[{"name":"wp","href":"https:\/\/api.w.org\/{rel}","templated":true}]}}