{"id":4920,"date":"2024-08-28T10:56:29","date_gmt":"2024-08-28T13:56:29","guid":{"rendered":"https:\/\/lavozdisruptiva.com\/?p=4920"},"modified":"2024-08-28T11:00:56","modified_gmt":"2024-08-28T14:00:56","slug":"impuesto-pais-luis-caputo-confirmo-que-la-alicuota-para-la-importacion-de-bienes-y-fletes-se-retrotraera-del-175-al-75-se-abarataran-productos-del-exterior","status":"publish","type":"post","link":"https:\/\/lavozdisruptiva.com\/index.php\/2024\/08\/28\/impuesto-pais-luis-caputo-confirmo-que-la-alicuota-para-la-importacion-de-bienes-y-fletes-se-retrotraera-del-175-al-75-se-abarataran-productos-del-exterior\/","title":{"rendered":"Impuesto PAIS: Luis Caputo confirm\u00f3 que la al\u00edcuota para la importaci\u00f3n de bienes y fletes se retrotraer\u00e1 del 17,5% al 7,5%. Se abaratar\u00e1n productos del exterior."},"content":{"rendered":"\n<h2 class=\"wp-block-heading\" style=\"font-size:23px\">El ministro de Econom\u00eda confirm\u00f3 la rebaja de la al\u00edcuota a valores de diciembre del 2023. &#8220;Prometimos y cumplimos&#8221;, dijo. A cu\u00e1nto se ofrecer\u00e1 el d\u00f3lar para importadores. <\/h2>\n\n\n\n<p class=\"has-medium-font-size\">El ministro de Econom\u00eda Luis Caputo,\u00a0confirm\u00f3 que a partir del<strong>\u00a02 de septiembre se retrotaer\u00e1 la al\u00edcuota del Impuesto Pa\u00eds del 17,5 al 7,5 % para la importaci\u00f3n de bienes y fletes.<\/strong> La rebaja no abarcar\u00e1 a gastos de turismo en el exterior. Seg\u00fan c\u00e1lculos oficiales,\u00a0<strong>implicar\u00eda una ca\u00edda del 40% en la recaudaci\u00f3n.<\/strong><\/p>\n\n\n\n<figure class=\"wp-block-image is-resized\"><img decoding=\"async\" src=\"https:\/\/media.ambito.com\/p\/cfc6708d609c2ae30474501b11b5b7b5\/adjuntos\/239\/imagenes\/041\/741\/0041741100\/655x368\/smart\/caputo-bolsa-cerealesjpeg.jpeg\" alt=\"El ministro de Econom\u00eda, Luis Caputo, confirm\u00f3 la rebaja del Impuesto PAIS.\" style=\"width:838px;height:auto\"\/><figcaption class=\"wp-element-caption\">El ministro de Econom\u00eda, Luis Caputo, confirm\u00f3 la rebaja del Impuesto PAIS.<\/figcaption><\/figure>\n\n\n\n<p class=\"has-medium-font-size\">El\u00a0<strong>impuesto,<\/strong>\u00a0<strong>creado al comienzo del gobierno de Alberto Fern\u00e1ndez<\/strong>, le\u00a0<strong>ha permitido compensar al Gobierno nacional la ca\u00edda de ingresos tributarios<\/strong>\u00a0por el menor nivel de actividad econ\u00f3mica.<strong>\u00a0Entre enero y julio acumul\u00f3 4,2 billones de pesos<\/strong>, casi tanto como el de los D\u00e9bitos y Cr\u00e9ditos Bancarios, que marca el nivel de la econom\u00eda &#8220;en blanco&#8221;, y que sum\u00f3 4,6 billones.<\/p>\n\n\n\n<p class=\"has-medium-font-size\">&#8220;<strong><em>Importante!\u00a0A partir del lunes 2 de septiembre la al\u00edcuota del Impuesto Pa\u00eds para la importaci\u00f3n de bienes y fletes se\u00a0retrotraer\u00e1 del 17,5% al 7,5%. Prometimos y cumplimos!<\/em><\/strong>&#8220;, adelant\u00f3 esta noche\u00a0<strong>Caputo,<\/strong>\u00a0quien en junio hab\u00eda adelantado la decisi\u00f3n de retrotraer el aumento que rige desde diciembre del 2023.<\/p>\n\n\n\n<p>De esta forma el ministro confirm\u00f3 la fecha en la que se bajar\u00e1 el impuesto descartando as\u00ed los comentarios respecto de que la decisi\u00f3n se podr\u00eda posponer unos d\u00edas.<\/p>\n\n\n\n<p>En principio con este mensaje Caputo dej\u00f3 a un lado del beneficio a los paquetes tur\u00edsticos y a la compra de de los 200 d\u00f3lares ahorro permitidos oficialmente.<\/p>\n\n\n\n<h2 class=\"wp-block-heading\" style=\"font-size:23px\">El Gobierno reducir\u00e1 la al\u00edcuota del Impuesto PAIS: c\u00f3mo impactar\u00e1<\/h2>\n\n\n\n<p class=\"has-medium-font-size\">La rebaja del&nbsp;<strong>impuesto implicar\u00e1 un abaratamiento del d\u00f3lar comercial al que acceden los importadores<\/strong>, que&nbsp;<strong>pasar\u00e1 de los $1.116 actuales a unos 1.004 pesos<\/strong>. Sin embargo, desde el Palacio de Hacienda no esperan una avalancha de operaciones, debido al stock acumulado de bienes importados y la ca\u00edda de la demanda por la&nbsp;<strong>recesi\u00f3n que se refleja en la ca\u00edda del 26% de las importaciones.<\/strong><\/p>\n\n\n\n<p class=\"has-medium-font-size\">M\u00e1s all\u00e1 de los factores internos,&nbsp;<strong>la medida es una clara se\u00f1al hacia las negociaciones que el Gobierno de Javier Milei quiere emprender con el Fondo Monetario Internacional (FMI)<\/strong>, en medio de las tensiones que genera con el organismo la continuidad del cepo cambiario y la negativa a aplicar una nueva devaluaci\u00f3n.<\/p>\n\n\n\n<p class=\"has-medium-font-size\">En junio, cuando el organismo desembols\u00f3 unos u$s800 millones, insisti\u00f3 en un tipo de cambio &#8220;m\u00e1s flexible&#8221; (en lugar de las subas del 2% mensual), ratific\u00f3 el compromiso de eliminar el d\u00f3lar exportador o &#8220;blend&#8221; a fines de junio y la eliminaci\u00f3n del&nbsp;<strong>impuesto PAIS<\/strong>&nbsp;antes de fin de a\u00f1o. De manera que<strong>&nbsp;se espera la eliminaci\u00f3n total de la al\u00edcuota para diciembre.<\/strong><\/p>\n\n\n\n<h2 class=\"wp-block-heading\" style=\"font-size:23px\">Impuesto PAIS: la rebaja no incluir\u00e1 los gastos de turismo en el exterior<\/h2>\n\n\n\n<p class=\"has-medium-font-size\">Si bien en un principio se especul\u00f3 con la posibilidad de que la rebaja incluyera tambi\u00e9n a<strong>&nbsp;gastos de turismo en el exterior<\/strong>, el ministro dej\u00f3 en claro que, al menos por el momento,&nbsp;<strong>se circunscribir\u00e1 a la importaci\u00f3n de bienes y fletes<\/strong>. Por lo que la reducci\u00f3n para paquetes y viajes internacionales deber\u00e1 esperar.<\/p>\n\n\n\n<p class=\"has-medium-font-size\">Seg\u00fan inform\u00f3 el lunes el Instituto Nacional de Estad\u00edstica y Censos (Indec) durante julio, plena &#8220;temporada alta&#8221; en el turismo invernal, ingresaron al pa\u00eds 959.0000 visitantes, pero las salidas al exterior alcanzaron a 1.190.400 de residentes, por lo que el sector tur\u00edstico dej\u00f3 un saldo negativo de 231.400 viajantes.&nbsp;<strong>Una reducci\u00f3n en la al\u00edcuota para gastos de turismo en el exterior podr\u00eda impactar fuertemente en las alica\u00eddas reservas del BCRA.<\/strong><\/p>\n\n\n\n<p class=\"has-medium-font-size\">El&nbsp;<strong>d\u00f3lar turista<\/strong>&nbsp;para consumos con proveedores del exterior se paga por encima de los $1.500 seg\u00fan el tipo de cambio minorista del Banco Naci\u00f3n, con una carga tributaria del 60%. Este valor es m\u00e1s caro que el d\u00f3lar blue a $1.355 pesos y m\u00e1s caro que el MEP.<\/p>\n\n\n\n<p class=\"has-medium-font-size\">La carga impositiva sobre el<strong>&nbsp;d\u00f3lar turista es la siguiente:<\/strong>&nbsp;al tipo de cambio minorista del banco de cada consumidor se aplica un plus del 30% del d\u00f3lar minorista del Naci\u00f3n en concepto de Impuesto PAIS y otro 30% de percepci\u00f3n a cuenta de Ganancias o Bienes Personales. Ninguno de esos dos extras, al menos en lo anunciado hasta el momento, desaparecer\u00e1 en septiembre.<\/p>\n\n\n\n<p class=\"has-medium-font-size\">Fuente: \u00c1mbito\/ medios digitales<\/p>\n","protected":false},"excerpt":{"rendered":"<p>El ministro de Econom\u00eda confirm\u00f3 la rebaja de la al\u00edcuota a valores de diciembre del 2023. &#8220;Prometimos y cumplimos&#8221;, dijo. A cu\u00e1nto se ofrecer\u00e1 el d\u00f3lar para importadores. El ministro de Econom\u00eda Luis Caputo,\u00a0confirm\u00f3 que a partir del\u00a02 de septiembre se retrotaer\u00e1 la al\u00edcuota del Impuesto Pa\u00eds del 17,5 al 7,5 % para la importaci\u00f3n [&hellip;]<\/p>\n","protected":false},"author":3,"featured_media":3745,"comment_status":"closed","ping_status":"open","sticky":false,"template":"","format":"standard","meta":{"footnotes":""},"categories":[4,81,39],"tags":[66,776,410,40],"class_list":["post-4920","post","type-post","status-publish","format-standard","has-post-thumbnail","hentry","category-economia","category-nacional","category-politica","tag-economia","tag-impuesto-pais","tag-luis-caputo","tag-politica"],"blog_post_layout_featured_media_urls":{"thumbnail":["https:\/\/lavozdisruptiva.com\/wp-content\/uploads\/2024\/03\/toto-caputo-1714081-150x150.jpeg",150,150,true],"full":["https:\/\/lavozdisruptiva.com\/wp-content\/uploads\/2024\/03\/toto-caputo-1714081.jpeg",1280,720,false]},"categories_names":{"4":{"name":"Econom\u00eda","link":"https:\/\/lavozdisruptiva.com\/index.php\/category\/economia\/"},"81":{"name":"Nacional","link":"https:\/\/lavozdisruptiva.com\/index.php\/category\/nacional\/"},"39":{"name":"Pol\u00edtica","link":"https:\/\/lavozdisruptiva.com\/index.php\/category\/politica\/"}},"tags_names":{"66":{"name":"Econom\u00eda","link":"https:\/\/lavozdisruptiva.com\/index.php\/tag\/economia\/"},"776":{"name":"Impuesto Pa\u00eds","link":"https:\/\/lavozdisruptiva.com\/index.php\/tag\/impuesto-pais\/"},"410":{"name":"Luis Caputo","link":"https:\/\/lavozdisruptiva.com\/index.php\/tag\/luis-caputo\/"},"40":{"name":"Pol\u00edtica","link":"https:\/\/lavozdisruptiva.com\/index.php\/tag\/politica\/"}},"comments_number":"0","wpmagazine_modules_lite_featured_media_urls":{"thumbnail":["https:\/\/lavozdisruptiva.com\/wp-content\/uploads\/2024\/03\/toto-caputo-1714081-150x150.jpeg",150,150,true],"cvmm-medium":["https:\/\/lavozdisruptiva.com\/wp-content\/uploads\/2024\/03\/toto-caputo-1714081-300x300.jpeg",300,300,true],"cvmm-medium-plus":["https:\/\/lavozdisruptiva.com\/wp-content\/uploads\/2024\/03\/toto-caputo-1714081-305x207.jpeg",305,207,true],"cvmm-portrait":["https:\/\/lavozdisruptiva.com\/wp-content\/uploads\/2024\/03\/toto-caputo-1714081-400x600.jpeg",400,600,true],"cvmm-medium-square":["https:\/\/lavozdisruptiva.com\/wp-content\/uploads\/2024\/03\/toto-caputo-1714081-600x600.jpeg",600,600,true],"cvmm-large":["https:\/\/lavozdisruptiva.com\/wp-content\/uploads\/2024\/03\/toto-caputo-1714081-1024x720.jpeg",1024,720,true],"cvmm-small":["https:\/\/lavozdisruptiva.com\/wp-content\/uploads\/2024\/03\/toto-caputo-1714081-130x95.jpeg",130,95,true],"full":["https:\/\/lavozdisruptiva.com\/wp-content\/uploads\/2024\/03\/toto-caputo-1714081.jpeg",1280,720,false]},"_links":{"self":[{"href":"https:\/\/lavozdisruptiva.com\/index.php\/wp-json\/wp\/v2\/posts\/4920","targetHints":{"allow":["GET"]}}],"collection":[{"href":"https:\/\/lavozdisruptiva.com\/index.php\/wp-json\/wp\/v2\/posts"}],"about":[{"href":"https:\/\/lavozdisruptiva.com\/index.php\/wp-json\/wp\/v2\/types\/post"}],"author":[{"embeddable":true,"href":"https:\/\/lavozdisruptiva.com\/index.php\/wp-json\/wp\/v2\/users\/3"}],"replies":[{"embeddable":true,"href":"https:\/\/lavozdisruptiva.com\/index.php\/wp-json\/wp\/v2\/comments?post=4920"}],"version-history":[{"count":2,"href":"https:\/\/lavozdisruptiva.com\/index.php\/wp-json\/wp\/v2\/posts\/4920\/revisions"}],"predecessor-version":[{"id":4922,"href":"https:\/\/lavozdisruptiva.com\/index.php\/wp-json\/wp\/v2\/posts\/4920\/revisions\/4922"}],"wp:featuredmedia":[{"embeddable":true,"href":"https:\/\/lavozdisruptiva.com\/index.php\/wp-json\/wp\/v2\/media\/3745"}],"wp:attachment":[{"href":"https:\/\/lavozdisruptiva.com\/index.php\/wp-json\/wp\/v2\/media?parent=4920"}],"wp:term":[{"taxonomy":"category","embeddable":true,"href":"https:\/\/lavozdisruptiva.com\/index.php\/wp-json\/wp\/v2\/categories?post=4920"},{"taxonomy":"post_tag","embeddable":true,"href":"https:\/\/lavozdisruptiva.com\/index.php\/wp-json\/wp\/v2\/tags?post=4920"}],"curies":[{"name":"wp","href":"https:\/\/api.w.org\/{rel}","templated":true}]}}