{"id":4862,"date":"2024-08-20T12:33:53","date_gmt":"2024-08-20T15:33:53","guid":{"rendered":"https:\/\/lavozdisruptiva.com\/?p=4862"},"modified":"2025-09-26T09:06:28","modified_gmt":"2025-09-26T12:06:28","slug":"productores-yerbateros-de-misiones-protestaron-frente-a-casa-rosada-por-los-bajos-precios-y-por-el-inym-sospechas-del-armado-de-un-show","status":"publish","type":"post","link":"https:\/\/lavozdisruptiva.com\/index.php\/2024\/08\/20\/productores-yerbateros-de-misiones-protestaron-frente-a-casa-rosada-por-los-bajos-precios-y-por-el-inym-sospechas-del-armado-de-un-show\/","title":{"rendered":"Productores yerbateros de Misiones protestaron frente a Casa Rosada por los bajos precios y por el INYM. Sospechas del armado de un show."},"content":{"rendered":"\n<h2 class=\"wp-block-heading has-medium-font-size\">Dos productores de yerba, llevaron un tractor y hojas de yerba mate a la Plaza de Mayo. Aseguran que mientras los precios suben en la g\u00f3ndola, a ellos les est\u00e1n pagando la mitad que a finales de 2023. La situaci\u00f3n se complic\u00f3 a\u00fan mas por la quita de atribuciones de regular precios al INYM con el Decreto 70\/23.<\/h2>\n\n\n\n<p class=\"has-medium-font-size\">\u201c<strong><em>El objetivo fue visibilizar la problem\u00e1tica yerbatera. Y nacionalizarla<\/em><\/strong>\u201d, explic\u00f3 a&nbsp;<strong>Infobae Jonas Petterson<\/strong>, el productor que trajo su tractor de Misiones a Buenos Aires y lo condujo hasta el frente de la<strong>&nbsp;Casa de Gobierno<\/strong>.<\/p>\n\n\n\n<p class=\"has-medium-font-size\"><img loading=\"lazy\" decoding=\"async\" alt=\"Uno de los productores recorri\u00f3 los alrededores de la Casa Rosada para visibilizar el reclamo\" height=\"1493\" width=\"1201\" class=\"\" src=\"https:\/\/www.infobae.com\/new-resizer\/VOWoYwQd7lBM3Hb2v-ILkcbZjKU=\/420x560\/filters:format(webp):quality(85)\/cloudfront-us-east-1.images.arcpublishing.com\/infobae\/TQODSS5CI5C5PK2WZJKMUQOXBA.jpeg%20420w\" srcset=\"https:\/\/www.infobae.com\/new-resizer\/VOWoYwQd7lBM3Hb2v-ILkcbZjKU=\/420x560\/filters:format(webp):quality(85)\/cloudfront-us-east-1.images.arcpublishing.com\/infobae\/TQODSS5CI5C5PK2WZJKMUQOXBA.jpeg 420w,https:\/\/www.infobae.com\/new-resizer\/XRZ2XAzgFWNN2R22b8YBjKnGyNY=\/768x1024\/filters:format(webp):quality(85)\/cloudfront-us-east-1.images.arcpublishing.com\/infobae\/TQODSS5CI5C5PK2WZJKMUQOXBA.jpeg 768w,https:\/\/www.infobae.com\/new-resizer\/o0jsySw7tCnzyJmME1dy433z__8=\/992x1323\/filters:format(webp):quality(85)\/cloudfront-us-east-1.images.arcpublishing.com\/infobae\/TQODSS5CI5C5PK2WZJKMUQOXBA.jpeg 992w,https:\/\/www.infobae.com\/new-resizer\/I3Mv3kpS_xoZ-ObnKOOVUiKG8Ic=\/1200x1600\/filters:format(webp):quality(85)\/cloudfront-us-east-1.images.arcpublishing.com\/infobae\/TQODSS5CI5C5PK2WZJKMUQOXBA.jpeg 1200w\">Uno de los productores recorri\u00f3 los alrededores de la Casa Rosada para visibilizar el reclamo<\/p>\n\n\n\n<p class=\"has-medium-font-size\">Hace unos d\u00edas atr\u00e1s presentaron una nota al Poder Ejecutivo. Solicitaron que se designen autoridades en el\u00a0<strong>Instituto Nacional de la Yerba Mate<\/strong>\u00a0<strong>(a\u00fan el gobierno de Milei no design\u00f3 al Presidente) <\/strong>y que, <strong>adem\u00e1s, se restituyan las facultades al organismo<\/strong>. Hasta el dictado del DNU 70\/23, el INYM pod\u00eda fijar el valor de referencia del kilo de hoja y de la yerba canchada. El decreto le quit\u00f3 esa potestad.<\/p>\n\n\n\n<p class=\"has-medium-font-size\">Ahora reiteraron el planteo con otro escrito. Los firmantes del documento son la <strong>Asociaci\u00f3n de productores agropecuarios de Misiones (Apam)<\/strong> y <strong>Asociaci\u00f3n civil de productores yerbateros del norte misionero (Acpyn)<\/strong>. Adem\u00e1s,\u00a0<strong>planifican unir fuerzas con otras econom\u00edas regionales afectadas por la desregulaci\u00f3n del mercado.<\/strong><\/p>\n\n\n\n<p class=\"has-medium-font-size\">Durante la protesta hubo problemas con la<strong>&nbsp;Polic\u00eda de la Ciudad<\/strong>&nbsp;que custodia la zona. \u201c<strong><em>Con el tractor circulamos varias cuadras. Llegamos al Cabildo y luego giramos hacia Casa de Gobierno. Ah\u00ed tuvimos la idea de subirnos a la vereda a sacarnos m\u00e1s fotos. Entonces intervino la Polic\u00eda. Nos hicieron bajar y nos quisieron detener. Pero luego de una conversaci\u00f3n nos dejaron seguir<\/em><\/strong>\u201d, relat\u00f3.<\/p>\n\n\n\n<h2 class=\"wp-block-heading\" style=\"font-size:21px\">Una crisis que se profundiza<\/h2>\n\n\n\n<p class=\"has-medium-font-size\">A comienzos de siglo, el INYM reinstal\u00f3 la regulaci\u00f3n del precio de la yerba que hab\u00eda sido abandonada en los \u201890. Fue luego de un tractorazo hist\u00f3rico de productores y trabajadores. La protesta mantuvo a Posadas como una ciudad sitiada varias semanas.<\/p>\n\n\n\n<p class=\"has-medium-font-size\">El Instituto ten\u00eda la representaci\u00f3n de todos los eslabones de la cadena productiva. \u201c<strong><em>Durante 22 a\u00f1os, el precio de la yerba mate para el productor mejoraba zafra tras zafra<\/em><\/strong>\u201d, puntualiz\u00f3 Petterson. Pero hoy la situaci\u00f3n cambi\u00f3.<\/p>\n\n\n\n<p class=\"has-medium-font-size\">Seg\u00fan explic\u00f3,<strong>&nbsp;el productor recibe en mano entre 90 y 120 pesos<\/strong>. El \u00faltimo valor que regul\u00f3 el INYM, antes del pico inflacionario que corri\u00f3 desde diciembre de 2023, era de $240. El precio en g\u00f3ndola del producto, por el contrario, ha crecido. El paquete de un kilo ronda los $ 4 mil.<\/p>\n\n\n\n<p class=\"has-medium-font-size\"><strong>\u201cAl productor le pagan lo que quieren. Y le venden a valores muy elevados a los consumidores\u201d<\/strong>, reflexion\u00f3 Petterson.<\/p>\n\n\n\n<p class=\"has-medium-font-size\">El mecanismo de comercializaci\u00f3n que se est\u00e1 utilizando es a\u00fan peor. \u201c<strong><em>Nos dan por el servicio (cosecha y el flete hasta el secadero) entre 90 y 120 pesos por kilo. Y te dicen que, cuando ellos vendan, ver\u00e1n qu\u00e9 m\u00e1s pueden pagar. Pero las empresas no especifican ni cu\u00e1nto es el saldo ni cu\u00e1ndo lo abonar\u00e1n<\/em><\/strong>\u201d, detall\u00f3.<\/p>\n\n\n\n<p class=\"has-medium-font-size\">\u201c<strong><em>Es un negocio a ciegas, una locura<\/em><\/strong>\u201d, subray\u00f3. El productor acepta el dinero. Y paga entre 40 y 45 pesos al cosechero (tarefero). Con lo dem\u00e1s debe atender los costos de flete de la chacra hasta el secadero. Y sostener a su familia.<\/p>\n\n\n\n<p class=\"has-medium-font-size\">Fuera del esquema quedaron quienes prestaban el servicio de cosecha y poda. \u201c<strong><em>Ahora lo hace el productor. Contrata gente y usa su propio veh\u00edculo<\/em><\/strong>\u201d, relat\u00f3 Petterson.<\/p>\n\n\n\n<p class=\"has-medium-font-size\"><img loading=\"lazy\" decoding=\"async\" height=\"1486\" width=\"1201\" srcset=\"https:\/\/www.infobae.com\/new-resizer\/be0bIVVPWS4SdPG1veHeuZcEXhk=\/420x560\/filters:format(webp):quality(85)\/cloudfront-us-east-1.images.arcpublishing.com\/infobae\/COV766RPNNEG5KINLH3UCMMVVE.jpeg 420w,https:\/\/www.infobae.com\/new-resizer\/8ouvj3dcSyiNt6Y6_m2xq8a4Zic=\/768x1024\/filters:format(webp):quality(85)\/cloudfront-us-east-1.images.arcpublishing.com\/infobae\/COV766RPNNEG5KINLH3UCMMVVE.jpeg 768w,https:\/\/www.infobae.com\/new-resizer\/qUbA3LsmkAyMYxlaysBA377cu1A=\/992x1323\/filters:format(webp):quality(85)\/cloudfront-us-east-1.images.arcpublishing.com\/infobae\/COV766RPNNEG5KINLH3UCMMVVE.jpeg 992w,https:\/\/www.infobae.com\/new-resizer\/VYjAo4hyAuz2gsXedGCEgvgw_40=\/1200x1600\/filters:format(webp):quality(85)\/cloudfront-us-east-1.images.arcpublishing.com\/infobae\/COV766RPNNEG5KINLH3UCMMVVE.jpeg 1200w\" class=\"\" src=\"https:\/\/www.infobae.com\/new-resizer\/be0bIVVPWS4SdPG1veHeuZcEXhk=\/420x560\/filters:format(webp):quality(85)\/cloudfront-us-east-1.images.arcpublishing.com\/infobae\/COV766RPNNEG5KINLH3UCMMVVE.jpeg%20420w\" alt=\"Los manifestantes pidieron que el INYM recupere la facultad de fijar el precio de la yerba mate\">Los manifestantes pidieron que el INYM recupere la facultad de fijar el precio de la yerba mate<\/p>\n\n\n\n<p style=\"font-size:23px\">\u00bf<strong>Show armado por el gobierno de Misiones<\/strong>?<\/p>\n\n\n\n<p class=\"has-medium-font-size\">Llam\u00f3 la atenci\u00f3n como casi en absoluto hermetismo, aparecieron los dirigentes yerbateros\u00a0<strong>Hugo Sand<\/strong>\u00a0(APAM) y<strong>\u00a0Jonas Petterson<\/strong>\u00a0(Asociaci\u00f3n de Productores del Norte) en la Ciudad Aut\u00f3noma de Buenos Aires con un tractor en un trailer para estacionarlo frente a la Casa Rosada en Buenos Aires.<\/p>\n\n\n\n<p class=\"has-medium-font-size\">Ambos son reconocidos -especialmente Hugo Sand- por haber sido protagonistas del <strong>&#8220;tractorazo&#8221;<\/strong> que hace m\u00e1s de 20 a\u00f1os dio vida al Instituto Nacional de la Yerba Mate (INYM). <strong>Sin embargo, la movida gener\u00f3\u00a0incertidumbre y hasta caus\u00f3 malestar\u00a0en otras asociaciones que se habr\u00edan sumado a una posible manifestaci\u00f3n pero no fueron invitadas a sumarse<\/strong>.<\/p>\n\n\n\n<p class=\"has-medium-font-size\">Alrededor de Sand y Petterson, hubo c\u00e1maras audiovisuales y hasta personas que admitieron la posible y \u00fanica intenci\u00f3n de la llegada de este modo:\u00a0<strong>grabar un documental sobre la lucha yerbatera, con apoyo de un ministro provincial<\/strong> <strong>(o para apoyo de ese ministr<\/strong>o <strong>?)<\/strong>. Y, de paso, la presentaci\u00f3n en la Casa Rosada de un documento donde se cuestion\u00f3 al presidente, Javier Milei, el DNU 70 que desregul\u00f3 la actividad yerbatera y deshizo lo construido con el INYM.<\/p>\n\n\n\n<p class=\"has-medium-font-size\">Ambas acciones&nbsp;<strong>no tienen nada de il\u00edcito<\/strong>, pero sumaron malestar al ya existente en el sector por la cuesti\u00f3n de precios. Especialmente porque&nbsp;<strong>no se \u201cblanque\u00f3\u201d<\/strong>&nbsp;la motivaci\u00f3n real y se busc\u00f3 siempre, ante los medios de comunicaci\u00f3n, una versi\u00f3n de protesta. Al menos visibilidad sumaron. Despu\u00e9s, de soluciones a la crisis econ\u00f3mica que atraviesa el sector yerbatero, no hubo ninguna buena noticia.<\/p>\n\n\n\n<p class=\"has-medium-font-size\">Sand dijo algo que se esperaba desde hace unas semanas: la confluencia en CABA de representantes de todas las producciones regionales en crisis, por acci\u00f3n del mismo DNU 70\/2023. Aunque no precis\u00f3 qui\u00e9nes ni cu\u00e1ndo, el productor de la zona centro confirm\u00f3 la intenci\u00f3n de\u00a0<strong>generar una movilizaci\u00f3n m\u00e1s importante<\/strong>.<\/p>\n\n\n\n<p class=\"has-medium-font-size\">Finalmente si esa era otra de las intenciones no se explica el porque dejaron en Misiones a gente y entidades sin participaci\u00f3n. Ante la inc\u00f3gnita, otra vez tom\u00f3 relevancia la versi\u00f3n del documental.<\/p>\n\n\n\n<p class=\"has-medium-font-size\">Sean las motivaciones las explicadas, o las sospechadas, el resultado final fue de un lamentable acontecimiento con visos de una presentaci\u00f3n pat\u00e9tica y resabios de una postal de la d\u00e9cada del 70 del siglo 20, pasada de moda. <\/p>\n\n\n\n<p class=\"has-medium-font-size\">Fuente: Informaci\u00f3n de Infobae y Medios digitales<\/p>\n","protected":false},"excerpt":{"rendered":"<p>Dos productores de yerba, llevaron un tractor y hojas de yerba mate a la Plaza de Mayo. Aseguran que mientras los precios suben en la g\u00f3ndola, a ellos les est\u00e1n pagando la mitad que a finales de 2023. La situaci\u00f3n se complic\u00f3 a\u00fan mas por la quita de atribuciones de regular precios al INYM con [&hellip;]<\/p>\n","protected":false},"author":3,"featured_media":4865,"comment_status":"closed","ping_status":"open","sticky":false,"template":"","format":"standard","meta":{"footnotes":""},"categories":[170,4,81,39,62],"tags":[66,144,68,807,40,67],"class_list":["post-4862","post","type-post","status-publish","format-standard","has-post-thumbnail","hentry","category-agricultura","category-economia","category-nacional","category-politica","category-regional","tag-economia","tag-hugo-sand","tag-inym","tag-jonas-petterson-2","tag-politica","tag-yerba-mate"],"blog_post_layout_featured_media_urls":{"thumbnail":["https:\/\/lavozdisruptiva.com\/wp-content\/uploads\/2024\/08\/Protesta-150x150.png",150,150,true],"full":["https:\/\/lavozdisruptiva.com\/wp-content\/uploads\/2024\/08\/Protesta.png",841,470,false]},"categories_names":{"170":{"name":"Agricultura","link":"https:\/\/lavozdisruptiva.com\/index.php\/category\/agricultura\/"},"4":{"name":"Econom\u00eda","link":"https:\/\/lavozdisruptiva.com\/index.php\/category\/economia\/"},"81":{"name":"Nacional","link":"https:\/\/lavozdisruptiva.com\/index.php\/category\/nacional\/"},"39":{"name":"Pol\u00edtica","link":"https:\/\/lavozdisruptiva.com\/index.php\/category\/politica\/"},"62":{"name":"Regional","link":"https:\/\/lavozdisruptiva.com\/index.php\/category\/regional\/"}},"tags_names":{"66":{"name":"Econom\u00eda","link":"https:\/\/lavozdisruptiva.com\/index.php\/tag\/economia\/"},"144":{"name":"Hugo Sand","link":"https:\/\/lavozdisruptiva.com\/index.php\/tag\/hugo-sand\/"},"68":{"name":"INYM","link":"https:\/\/lavozdisruptiva.com\/index.php\/tag\/inym\/"},"807":{"name":"Jonas Petterson","link":"https:\/\/lavozdisruptiva.com\/index.php\/tag\/jonas-petterson-2\/"},"40":{"name":"Pol\u00edtica","link":"https:\/\/lavozdisruptiva.com\/index.php\/tag\/politica\/"},"67":{"name":"Yerba mate","link":"https:\/\/lavozdisruptiva.com\/index.php\/tag\/yerba-mate\/"}},"comments_number":"0","wpmagazine_modules_lite_featured_media_urls":{"thumbnail":["https:\/\/lavozdisruptiva.com\/wp-content\/uploads\/2024\/08\/Protesta-150x150.png",150,150,true],"cvmm-medium":["https:\/\/lavozdisruptiva.com\/wp-content\/uploads\/2024\/08\/Protesta-300x300.png",300,300,true],"cvmm-medium-plus":["https:\/\/lavozdisruptiva.com\/wp-content\/uploads\/2024\/08\/Protesta-305x207.png",305,207,true],"cvmm-portrait":["https:\/\/lavozdisruptiva.com\/wp-content\/uploads\/2024\/08\/Protesta-400x470.png",400,470,true],"cvmm-medium-square":["https:\/\/lavozdisruptiva.com\/wp-content\/uploads\/2024\/08\/Protesta-600x470.png",600,470,true],"cvmm-large":["https:\/\/lavozdisruptiva.com\/wp-content\/uploads\/2024\/08\/Protesta.png",841,470,false],"cvmm-small":["https:\/\/lavozdisruptiva.com\/wp-content\/uploads\/2024\/08\/Protesta-130x95.png",130,95,true],"full":["https:\/\/lavozdisruptiva.com\/wp-content\/uploads\/2024\/08\/Protesta.png",841,470,false]},"_links":{"self":[{"href":"https:\/\/lavozdisruptiva.com\/index.php\/wp-json\/wp\/v2\/posts\/4862","targetHints":{"allow":["GET"]}}],"collection":[{"href":"https:\/\/lavozdisruptiva.com\/index.php\/wp-json\/wp\/v2\/posts"}],"about":[{"href":"https:\/\/lavozdisruptiva.com\/index.php\/wp-json\/wp\/v2\/types\/post"}],"author":[{"embeddable":true,"href":"https:\/\/lavozdisruptiva.com\/index.php\/wp-json\/wp\/v2\/users\/3"}],"replies":[{"embeddable":true,"href":"https:\/\/lavozdisruptiva.com\/index.php\/wp-json\/wp\/v2\/comments?post=4862"}],"version-history":[{"count":5,"href":"https:\/\/lavozdisruptiva.com\/index.php\/wp-json\/wp\/v2\/posts\/4862\/revisions"}],"predecessor-version":[{"id":4869,"href":"https:\/\/lavozdisruptiva.com\/index.php\/wp-json\/wp\/v2\/posts\/4862\/revisions\/4869"}],"wp:featuredmedia":[{"embeddable":true,"href":"https:\/\/lavozdisruptiva.com\/index.php\/wp-json\/wp\/v2\/media\/4865"}],"wp:attachment":[{"href":"https:\/\/lavozdisruptiva.com\/index.php\/wp-json\/wp\/v2\/media?parent=4862"}],"wp:term":[{"taxonomy":"category","embeddable":true,"href":"https:\/\/lavozdisruptiva.com\/index.php\/wp-json\/wp\/v2\/categories?post=4862"},{"taxonomy":"post_tag","embeddable":true,"href":"https:\/\/lavozdisruptiva.com\/index.php\/wp-json\/wp\/v2\/tags?post=4862"}],"curies":[{"name":"wp","href":"https:\/\/api.w.org\/{rel}","templated":true}]}}