{"id":4857,"date":"2024-08-19T18:31:21","date_gmt":"2024-08-19T21:31:21","guid":{"rendered":"https:\/\/lavozdisruptiva.com\/?p=4857"},"modified":"2024-08-19T18:31:22","modified_gmt":"2024-08-19T21:31:22","slug":"la-tragica-historia-de-amor-entre-camila-ogorman-y-el-sacerdote-ladislao-gutierrez","status":"publish","type":"post","link":"https:\/\/lavozdisruptiva.com\/index.php\/2024\/08\/19\/la-tragica-historia-de-amor-entre-camila-ogorman-y-el-sacerdote-ladislao-gutierrez\/","title":{"rendered":"La tr\u00e1gica historia de amor entre Camila O&#8217;Gorman y el sacerdote Ladislao Guti\u00e9rrez"},"content":{"rendered":"\n<h2 class=\"wp-block-heading\" style=\"font-size:23px\">Hace 176 a\u00f1os<strong>\u00a0<\/strong>fusilaron a dos j\u00f3venes por amarse a pesar de las reglas sociales.Se realiz\u00f3 un homenaje en el Cementerio de la Recoleta.                                                                             <strong>La orden de fusilamiento la dio Juan Manuel de Rosas<\/strong> gobernador de Buenos Aires<a href=\"https:\/\/www.clarin.com\/autor\/patricia-lasca.html\"><\/a><\/h2>\n\n\n\n<ul id=\"slides-container\" class=\"wp-block-list\"><\/ul>\n\n\n\n<p class=\"has-medium-font-size\">\u201c<strong><em>Dicen que\u00a0Camila\u00a0tiene poco de los\u00a0O\u2019Gorman, yo la veo bastante parecida a m\u00ed. (&#8230;) Las mujeres de mi tierra, desde muy ni\u00f1as parecen entrar en ebullici\u00f3n como todos los volcanes que braman bajo sus pies. As\u00ed, como he sido siempre yo. Pero Camila\u00a0naci\u00f3 en Buenos Aires, donde la tierra no brama por debajo sino por arriba; ac\u00e1 d\u00f3nde la sangre bulle s\u00f3lo cuando est\u00e1 a punto de ser derramada por las calles.\u00a0Camila, mi nieta, ha nacido donde ning\u00fan volc\u00e1n amenaza con borbotones de lava porque por estas llanuras los \u00fanicos que amenazan son los hombres, y a veces tambi\u00e9n algunas mujeres<\/em><\/strong>\u201d. Fragmento de\u00a0<em>Ana y el Virrey<\/em>, de\u00a0<strong>Silvia Miguens<\/strong>.<\/p>\n\n\n\n<figure class=\"wp-block-image size-full is-resized\"><img loading=\"lazy\" decoding=\"async\" width=\"720\" height=\"405\" src=\"https:\/\/lavozdisruptiva.com\/wp-content\/uploads\/2024\/08\/Camila.jpeg\" alt=\"\" class=\"wp-image-4859\" style=\"width:840px;height:auto\" srcset=\"https:\/\/lavozdisruptiva.com\/wp-content\/uploads\/2024\/08\/Camila.jpeg 720w, https:\/\/lavozdisruptiva.com\/wp-content\/uploads\/2024\/08\/Camila-300x169.jpeg 300w\" sizes=\"auto, (max-width: 720px) 100vw, 720px\" \/><figcaption class=\"wp-element-caption\">La tr\u00e1gica vida de los enamorados se convirti\u00f3 en s\u00edmbolo de un amor m\u00edtico que permanece imborrable en la memoria de la historia argentina. Imagen de la pel\u00edcula Camila, de Mar\u00eda Luisa Bemberg.<\/figcaption><\/figure>\n\n\n\n<h2 class=\"wp-block-heading\" style=\"font-size:23px\">Camila y Ladislao: la vida antes del amor<\/h2>\n\n\n\n<p class=\"has-medium-font-size\">Cuando&nbsp;<strong>Camila<\/strong>&nbsp;y sus cinco hermanos nacieron, los&nbsp;<strong>O\u2019Gorman<\/strong>&nbsp;llevaban varias d\u00e9cadas en Buenos Aires. Su abuela,&nbsp;<strong>Ana Perichon de Vandeuil<\/strong>, ten\u00eda ra\u00edces francesas y hab\u00eda nacido en la isla Reuni\u00f3n del archipi\u00e9lago de las Mascare\u00f1as, en el Oc\u00e9ano \u00cdndico. Se cas\u00f3 con&nbsp;<strong>Thomas O\u2019Gorman<\/strong>, de origen irland\u00e9s, y cuando arribaron a la capital del Virreinato, Ana convulsion\u00f3 a la sociedad porte\u00f1a. M\u00e1s tarde volver\u00eda a convulsionar a todos, pero esta vez por hacerse p\u00fablico su&nbsp;<a href=\"https:\/\/www.clarin.com\/relaciones\/jose-san-martin-remedios-escalada-intimidades-historia-amor-cruce-andes_0_H18lcZsLpP.html\" target=\"_blank\" rel=\"noreferrer noopener\">romance<\/a>&nbsp;con el virrey Liniers.<\/p>\n\n\n\n<p class=\"has-medium-font-size\">Camila pertenec\u00eda a esta familia aristocr\u00e1tica, m\u00e1s liberal por el lado de su abuela y ultra conservadora por parte de los O\u2019Gorman.&nbsp;<strong>Adolfo<\/strong>, su padre, se cas\u00f3 con&nbsp;<strong>Joaquina Xim\u00e9nez Pinto<\/strong>. Como era costumbre en la sociedad criolla que los yernos se mudaran a la casa de sus suegros, el&nbsp;<a href=\"https:\/\/www.clarin.com\/relaciones\/gabriel-garcia-marquez-mercedes-barcha-enigmas-confidencias-amor-legendario_0_vMiohm0nhl.html\" target=\"_blank\" rel=\"noreferrer noopener\">flamante matrimonio<\/a>&nbsp;se fue a vivir a la casona de los Pinto, en la calle Temple.<\/p>\n\n\n\n<h2 class=\"wp-block-heading\" style=\"font-size:23px\">Educaci\u00f3n limitada, mujeres encorsetadas<\/h2>\n\n\n\n<p class=\"has-medium-font-size\">La instrucci\u00f3n que recib\u00edan las ni\u00f1as en \u201cLa Gran Aldea\u201d, que por entonces era Buenos Aires, era algo m\u00e1s bien privado, o\u00a0<strong>dom\u00e9stico<\/strong>, que p\u00fablico. Donde lo esencial era educar \u201cel alma\u201d, el car\u00e1cter y, por supuesto,\u00a0<strong>los \u201cbuenos\u201d modales<\/strong>. Lo \u201cideal\u201d era que las ni\u00f1as tuvieran un m\u00ednimo de cultura general, pero lo suficiente para moverse con soltura en los salones, donde se relacionaban con los varones y posibles maridos. Las convenciones de la \u00e9poca consideraban perjudicial el conocimiento intelectual, algo corruptor de la \u201cvirginal inocencia\u201d de las jovencitas.<\/p>\n\n\n\n<p class=\"has-medium-font-size\"><strong>Camila fue educada seg\u00fan el manual, impuesto, de modelo de mujer \u201cperfecta\u201d<\/strong>&nbsp;que encajaba en el puzzle de la sociedad colonial. Tradicionalmente, la educaci\u00f3n de las mujeres se relacionaba mucho m\u00e1s con la formaci\u00f3n moral que con la adquisici\u00f3n de conocimientos. La piel empalidecida era el mejor testimonio de que esa mujer sal\u00eda poco de su casa, se quedaba en el hogar o en la iglesia.<\/p>\n\n\n\n<p class=\"has-medium-font-size\">La joven aprendi\u00f3 a tocar el piano, a bailar el minu\u00e9, valses y cielitos, cantaba en las tertulias y en la iglesia.&nbsp;<strong>Le encantaba leer<\/strong>, tal vez m\u00e1s de lo permitido para su tiempo, sobresal\u00eda entre las amigas por su elegancia y buenos modales. Con todos estos atributos de manual, Camila estaba lista. \u00bfLista para qu\u00e9?<\/p>\n\n\n\n<h2 class=\"wp-block-heading\" style=\"font-size:23px\">El joven sacerdote<\/h2>\n\n\n\n<p class=\"has-medium-font-size\">Al mismo tiempo, en Tucum\u00e1n, un jovenc\u00edsimo sacerdote, Ladislao Guti\u00e9rrez se preparaba para instalarse en Buenos Aires.&nbsp;<strong>Ladislao (tambi\u00e9n conocido como Uladislao)&nbsp;<\/strong>qued\u00f3 hu\u00e9rfano de sus padres siendo un ni\u00f1o, y su t\u00edo Celedonio se ocup\u00f3 de su crianza y educaci\u00f3n.<\/p>\n\n\n\n<p class=\"has-medium-font-size\">En 1846, Celedonio Guti\u00e9rrez era el gobernador de Tucum\u00e1n, y cuando su sobrino parti\u00f3 a Buenos Aires le entreg\u00f3 algunas cartas de recomendaci\u00f3n para hacerle las cosas m\u00e1s f\u00e1ciles en el lugar donde se centraba el poder. Gracias a estas recomendaciones, el secretario general del Obispado, Felipe Elortondo y Palacios, lo recibi\u00f3 en su casa por un tiempo.<\/p>\n\n\n\n<p class=\"has-medium-font-size\">Ladislao\u00a0<strong>se incorpor\u00f3 al curato del Socorro<\/strong>, la misma parroquia a la que asist\u00eda la devota Camila O\u2019Gorman. En ese entonces era una\u00a0<strong>zona de quintas<\/strong>, y algo despoblada. El joven provinciano de 22 a\u00f1os parec\u00eda ser el cura apropiado: era serio y ten\u00eda esa timidez de quien est\u00e1 lejos de casa.<\/p>\n\n\n\n<p><img loading=\"lazy\" decoding=\"async\" width=\"720\" height=\"480\" src=\"https:\/\/www.clarin.com\/img\/2020\/08\/18\/gdN27b6zw_720x0__1.jpg\" alt=\"Camila y Ladislao se amaron m\u00e1s all\u00e1 de los dogmas de la religi\u00f3n, de las ideas pol\u00edticas, de la moral de la \u00e9poca y de las leyes terrenas. Imagen de la pel\u00edcula Camila, de Mar\u00eda Luisa Bemberg.\"><\/p>\n\n\n\n<h2 class=\"wp-block-heading\" style=\"font-size:23px\">El amor menos pensado<\/h2>\n\n\n\n<p class=\"has-medium-font-size\">Pronto el nuevo sacerdote del Socorro, en las actuales calles Juncal y Suipacha, fue muy bienvenido en la casa de los cat\u00f3licos O\u2019Gorman. Eduardo, el hermano menor de Camila, conoci\u00f3 a&nbsp;Ladislao y lo invit\u00f3 a las tertulias que se hac\u00edan en su casa de la calle Temple.<\/p>\n\n\n\n<p class=\"has-medium-font-size\">El&nbsp;<strong>inicio del romance entre Camila y Ladislao<\/strong>&nbsp;no puede describirse con detalles porque&nbsp;<strong>no est\u00e1 registrado por ellos en cartas o testimonios<\/strong>.<\/p>\n\n\n\n<p class=\"has-medium-font-size\">Los dos<strong>&nbsp;guardaron en secreto este amor<\/strong>&nbsp;que, sab\u00edan de antemano, era censurado por todos, o casi todos, a su alrededor. Salvo por algunas cabalgatas juntos, no hay otros indicios que hicieran pensar que el sacerdote tucumano y la distinguida Camila O\u2019Gorman estaban viviendo un gran amor al que no estaban dispuestos a renunciar. Los dos eran conscientes que viv\u00edan una relaci\u00f3n prohibida; tendr\u00edan que decidir entre seguir manteniendo el secreto o huir lejos de Buenos Aires.<\/p>\n\n\n\n<h2 class=\"wp-block-heading\" style=\"font-size:23px\">El escape<\/h2>\n\n\n\n<p class=\"has-medium-font-size\">Transcurr\u00eda <strong>diciembre de 1847<\/strong> en Buenos Aires cuando los enamorados decidieron\u00a0<strong>huir y pasar a la clandestinidad<\/strong>. \u201c<strong><em>Escapan por la noche, seguramente llevaban provisiones para un largo d\u00eda de marcha, ya que reci\u00e9n se registra el paso de la pareja por Luj\u00e1n. En este inh\u00f3spito lugar de la pampa, los encuentra la noche. Intentan encontrar refugio en una pulper\u00eda del lugar, pero les niegan cobijo; nadie se atreve a abrir sus puertas a tan altas horas. Pasar\u00e1n entonces la primera noche juntos descansando bajo un \u00e1rbol, al raso, sin otro amparo que el de los aperos de sus caballos y la profundidad del cielo<\/em><\/strong>\u201d. Fragmento del libro\u00a0<em>Camila O\u2019Gorman<\/em>, dirigido por\u00a0<strong>F\u00e9lix Luna<\/strong>.<\/p>\n\n\n\n<p style=\"font-size:23px\"><strong>En Goya, para iniciar una nueva vida<\/strong><\/p>\n\n\n\n<p class=\"has-medium-font-size\">En Santa Fe, la pareja se present\u00f3\u00a0<strong>sin documentos<\/strong>, argumentaron que los hab\u00edan perdido, ante el capit\u00e1n de la goleta R\u00edo de Oro, quien les gestion\u00f3 pasaportes con el nombre de Valentina Desan y M\u00e1ximo Brandier. Finalmente, despu\u00e9s de aproximadamente 15 d\u00edas, l<strong>legaron a\u00a0Goya, por entonces un peque\u00f1o pueblo en la provincia de\u00a0Corrientes. Les esperaba una vida nueva<\/strong>.<\/p>\n\n\n\n<h2 class=\"wp-block-heading\" style=\"font-size:23px\">Cuando estall\u00f3 el esc\u00e1ndalo<\/h2>\n\n\n\n<p class=\"has-medium-font-size\">Hab\u00edan pasado diez d\u00edas de la desaparici\u00f3n de una hija de \u201c<strong><em>buena familia<\/em><\/strong>\u201d y un sacerdote, <strong>cuando el gobernador\u00a0<a href=\"https:\/\/www.clarin.com\/tema\/juan-manuel-de-rosas.html\">Juan Manuel de Rosas<\/a>\u00a0se enter\u00f3 de la noticia.<\/strong><\/p>\n\n\n\n<p class=\"has-medium-font-size\">Ladislao hab\u00eda dicho en la parroquia que iba a estar fuera algunos d\u00edas por unos tr\u00e1mites; a su vez, ante la ausencia de Camila, la familia preocupada notific\u00f3 a la iglesia. La coincidencia de las fechas\u00a0delat\u00f3 a la pareja.<\/p>\n\n\n\n<p class=\"has-medium-font-size\">Avisaron al padre de Camila, que estaba en su estancia de La Matanza, quien volvi\u00f3 de inmediato a Buenos Aires y se dirigi\u00f3 al gobernador para informarle de lo sucedido. No est\u00e1 claro si\u00a0<strong>Adolfo O\u2019Gorman\u00a0<\/strong>confiaba en que por una cierta cercan\u00eda que ten\u00eda con Rosas, el castigo para su hija no iba a ser la pena capital o si realmente quer\u00eda mostrar una prueba de moral para \u00e9l y su familia. <\/p>\n\n\n\n<p class=\"has-medium-font-size\">M\u00e1s de diez d\u00edas despu\u00e9s de la\u00a0<strong>desaparici\u00f3n de Camila y Ladislao<\/strong>, se publica un anuncio que empapela la ciudad con las caracter\u00edsticas de los dos \u201creos\u201d, se trata de la intensa b\u00fasqueda para dar con su paradero. Se busca a los fugitivos en todos los rincones de la Confederaci\u00f3n, al ser descubiertos deb\u00edan ser detenidos y enviados a Buenos Aires. <strong>Para Rosas, este no era simplemente un romance imposible, sino un hecho pol\u00edtico en el que se desafiaba su poder y autoridad.<\/strong><\/p>\n\n\n\n<h2 class=\"wp-block-heading\" style=\"font-size:23px\">La vida y el amor en Goya<\/h2>\n\n\n\n<p class=\"has-medium-font-size\">Camila y Ladislao fueron bienvenidos en Goya. En la casita que alquilaron<strong>\u00a0abrieron una escuela<\/strong>, <strong>la primera de la villa<\/strong>. Tuvieron tanto \u00e9xito que al poco tiempo se mudaron a una casa m\u00e1s grande por la demanda de alumnos. La pareja de maestros se hab\u00eda convertido en \u201cprotagonistas\u201d del pueblo. Camila\u00a0<strong>renunci\u00f3 a las comodidades<\/strong>\u00a0de su casona familiar, rodeada de criadas, telas importadas que tapizaban su cuarto, vajilla y accesorios de lujo. Sus manos -acostumbradas a llevar joyas que vendi\u00f3 para subsistir- se acostumbraron al polvo de la tiza. La vida y el amor transcurr\u00edan tranquilamente en Goya.\u00a0<strong>Se sent\u00edan felices, en libertad.<\/strong><\/p>\n\n\n\n<p class=\"has-medium-font-size\">En el mes de junio fueron invitados al\u00a0<strong>cumplea\u00f1os del juez de paz Esteban Perichon<\/strong>. Entre los invitados se encontraba el\u00a0<strong>sacerdote Miguel Gannon<\/strong>. Sin dudarlo, Gannon inform\u00f3 ante las autoridades del lugar el pedido de captura que ten\u00edan los maestros. La pareja respondi\u00f3 un interrogatorio ante el juez de paz: admitieron que eran ciertas las acusaciones, pero no se mostraron arrepentidos. La orden del d\u00eda 19 del gobernador Virasoro, de Corrientes, fue definitiva: los reos deben ser engrillados y regresados a Buenos Aires.<\/p>\n\n\n\n<h2 class=\"wp-block-heading\" style=\"font-size:23px\">El camino de regreso<\/h2>\n\n\n\n<p class=\"has-medium-font-size\">Un d\u00eda de julio, que no tiene fecha cierta, Camila y Ladislao abordaron la nave que los llevar\u00eda de regreso. Los dos con grilletes, desolados y separados en el mismo barco.&nbsp;<strong>Llegaron a Rosario el 7 de julio<\/strong>; desde el campamento del Saladillo, viajaron en carretas separadas hacia las cercan\u00edas de San Nicol\u00e1s de los Arroyos.<\/p>\n\n\n\n<p class=\"has-medium-font-size\">En alguna de las paradas del viaje,\u00a0<strong>Camila le escribe a su amiga Manuelita, hija de Rosas<\/strong>, con la idea de que interceda ante su padre y tuviera piedad en el momento de decidir el castigo para ellos. La \u201cPrincesa federal\u201d le respondi\u00f3 a su amiga el 9 de agosto. \u201c<strong><em>Querida Camila: Lorenzo de Torrecillas os impondr\u00e1 fielmente de cuanto en vuestro favor he suplicado a mi Sr. Dn. Juan Manuel de Rosas. (&#8230;) Recibe uno y mil besos de vuestra afect\u00edsima y cari\u00f1osa amiga, Manuela Rosas y Ezcurra<\/em><\/strong>\u201d. Tristemente esta carta nunca la recibi\u00f3 Camila.<\/p>\n\n\n\n<p class=\"has-medium-font-size\">Cuando a\u00fan falta un tramo para llegar a Buenos Aires, las carretas entran en la&nbsp;<strong>prisi\u00f3n de Santos Lugares<\/strong>, actual localidad de San Andr\u00e9s, en donde la pareja pasar\u00e1 en calabozos separados los \u00faltimos tres d\u00edas de sus vidas. En la celda, Camila se siente descompuesta y enferma, por lo que es atendida por un m\u00e9dico. El comandante de la prisi\u00f3n, Antonino Reyes, envi\u00f3 los documentos con el caso al gobernador, donde le informa del&nbsp;<strong>embarazo de Camila<\/strong>.<\/p>\n\n\n\n<p class=\"has-medium-font-size\"><strong>Rosas fue terminante<\/strong>: respondi\u00f3 que llamaran a un cura para que les otorgue auxilios espirituales a los condenados, que deb\u00edan ser fusilados a las 10 en punto de la ma\u00f1ana del 18 de agosto. Los partidarios de Rosas aseguran que el embarazo de Camila fue una estrategia del edec\u00e1n para desestimar la ejecuci\u00f3n. En sus manuscritos, Reyes cuenta que a Camila se le colocaron los grillos m\u00e1s livianos que se encontraron.<\/p>\n\n\n\n<h2 class=\"wp-block-heading\" style=\"font-size:23px\">El d\u00eda m\u00e1s triste de 1848<\/h2>\n\n\n\n<p class=\"has-medium-font-size\">Cuando Camila conoci\u00f3 su sentencia permaneci\u00f3 tranquila y s\u00f3lo pidi\u00f3 un confesor. Ladislao le hab\u00eda preguntado a Reyes cu\u00e1l ser\u00eda el castigo para su amada. A lo que el comandante respondi\u00f3: &#8220;<strong><em>\u00bfPara qu\u00e9 quiere saber de mis labios la suerte de esa desgraciada? Sin embargo, ante la angustiante mirada del cura, le contest\u00f3 la verdad:\u00a0<\/em>\u201c<em>Prep\u00e1rese para o\u00edr lo m\u00e1s terrible, Camila va a morir tambi\u00e9n<\/em>\u201d<\/strong>.<\/p>\n\n\n\n<p class=\"has-medium-font-size\">Inmediatamente, Ladislao le escribi\u00f3 un mensaje: \u201c<strong><em>Camila m\u00eda: acabo de enterarme que mueres conmigo. Ya que no hemos podido vivir en la tierra unidos, nos uniremos en el Cielo ante Dios. Te perdona\u2026 Y\u00a0te abraza, tu Guti\u00e9rrez<\/em><\/strong>\u201d.<\/p>\n\n\n\n<p class=\"has-medium-font-size\">Cuando Reyes le acerc\u00f3 el mensaje, encontr\u00f3 a Camila confes\u00e1ndose. El hijo que llevaba en su vientre fue bautizado; Camila bebi\u00f3 agua bendita y, para completar el ritual el presb\u00edtero, Castellanos derram\u00f3 cenizas sobre su cabeza.<\/p>\n\n\n\n<p class=\"has-medium-font-size\">La chica porte\u00f1a, <strong>de familia federal que us\u00f3 en su pelo largo la divisa punz\u00f3<\/strong>, y el cura tucumano sobrino del gobernador fueron llevados al pared\u00f3n de fusilamiento. <strong>Puntualmente, a la hora se\u00f1alada por el Jefe de la Confederaci\u00f3n Argentina fueron ejecutados<\/strong>.<\/p>\n\n\n\n<h2 class=\"wp-block-heading\" style=\"font-size:23px\">Una historia de amor m\u00e1s all\u00e1 de las reglas<\/h2>\n\n\n\n<p class=\"has-medium-font-size\">La&nbsp;<strong>tr\u00e1gica vida de los enamorados&nbsp;<\/strong>se convirti\u00f3 en s\u00edmbolo de un amor m\u00edtico que permanece imborrable en la memoria de la historia argentina. Esta historia de amor que conmovi\u00f3 y sigue conmoviendo cada vez que se la recuerda, est\u00e1 escrita en varios libros, en 1984 se estren\u00f3 la pel\u00edcula&nbsp;<em>Camila<\/em>, guionada y dirigida por Mar\u00eda Luisa Bemberg, y en 2013 se estren\u00f3 el musical,&nbsp;<em>Camila, nuestra historia de amor<\/em>. Lo protagonizaron Natal\u00ed P\u00e9rez y Peter Lanzani.<\/p>\n\n\n\n<p class=\"has-medium-font-size\">Camila y Ladislao se amaron m\u00e1s all\u00e1 de los dogmas de la religi\u00f3n, de las ideas pol\u00edticas, de la moral de la \u00e9poca y de las leyes terrenas. <\/p>\n\n\n\n<p class=\"has-medium-font-size\"><strong>El 18 de agosto de 1848, la sangre de Camila y Ladislao salvaron el mito de las leyes sagradas e inmutables del amor.<\/strong><\/p>\n\n\n\n<p class=\"has-medium-font-size\">Fuente: Adaptaci\u00f3n de nota por Patricia Lasca para Clarin<\/p>\n","protected":false},"excerpt":{"rendered":"<p>Hace 176 a\u00f1os\u00a0fusilaron a dos j\u00f3venes por amarse a pesar de las reglas sociales.Se realiz\u00f3 un homenaje en el Cementerio de la Recoleta. La orden de fusilamiento la dio Juan Manuel de Rosas gobernador de Buenos Aires \u201cDicen que\u00a0Camila\u00a0tiene poco de los\u00a0O\u2019Gorman, yo la veo bastante parecida a m\u00ed. (&#8230;) Las mujeres de mi tierra, [&hellip;]<\/p>\n","protected":false},"author":3,"featured_media":4858,"comment_status":"closed","ping_status":"open","sticky":false,"template":"","format":"standard","meta":{"footnotes":""},"categories":[434,81,6,39],"tags":[804,806,805,40],"class_list":["post-4857","post","type-post","status-publish","format-standard","has-post-thumbnail","hentry","category-literatura","category-nacional","category-noticias","category-politica","tag-camila","tag-juan-manuel-de-rosas","tag-ladislao","tag-politica"],"blog_post_layout_featured_media_urls":{"thumbnail":["https:\/\/lavozdisruptiva.com\/wp-content\/uploads\/2024\/08\/Fusilamiento-150x150.jpeg",150,150,true],"full":["https:\/\/lavozdisruptiva.com\/wp-content\/uploads\/2024\/08\/Fusilamiento.jpeg",720,519,false]},"categories_names":{"434":{"name":"Literatura","link":"https:\/\/lavozdisruptiva.com\/index.php\/category\/literatura\/"},"81":{"name":"Nacional","link":"https:\/\/lavozdisruptiva.com\/index.php\/category\/nacional\/"},"6":{"name":"Noticias","link":"https:\/\/lavozdisruptiva.com\/index.php\/category\/noticias\/"},"39":{"name":"Pol\u00edtica","link":"https:\/\/lavozdisruptiva.com\/index.php\/category\/politica\/"}},"tags_names":{"804":{"name":"Camila","link":"https:\/\/lavozdisruptiva.com\/index.php\/tag\/camila\/"},"806":{"name":"Juan Manuel de Rosas","link":"https:\/\/lavozdisruptiva.com\/index.php\/tag\/juan-manuel-de-rosas\/"},"805":{"name":"Ladislao","link":"https:\/\/lavozdisruptiva.com\/index.php\/tag\/ladislao\/"},"40":{"name":"Pol\u00edtica","link":"https:\/\/lavozdisruptiva.com\/index.php\/tag\/politica\/"}},"comments_number":"0","wpmagazine_modules_lite_featured_media_urls":{"thumbnail":["https:\/\/lavozdisruptiva.com\/wp-content\/uploads\/2024\/08\/Fusilamiento-150x150.jpeg",150,150,true],"cvmm-medium":["https:\/\/lavozdisruptiva.com\/wp-content\/uploads\/2024\/08\/Fusilamiento-300x300.jpeg",300,300,true],"cvmm-medium-plus":["https:\/\/lavozdisruptiva.com\/wp-content\/uploads\/2024\/08\/Fusilamiento-305x207.jpeg",305,207,true],"cvmm-portrait":["https:\/\/lavozdisruptiva.com\/wp-content\/uploads\/2024\/08\/Fusilamiento-400x519.jpeg",400,519,true],"cvmm-medium-square":["https:\/\/lavozdisruptiva.com\/wp-content\/uploads\/2024\/08\/Fusilamiento-600x519.jpeg",600,519,true],"cvmm-large":["https:\/\/lavozdisruptiva.com\/wp-content\/uploads\/2024\/08\/Fusilamiento.jpeg",720,519,false],"cvmm-small":["https:\/\/lavozdisruptiva.com\/wp-content\/uploads\/2024\/08\/Fusilamiento-130x95.jpeg",130,95,true],"full":["https:\/\/lavozdisruptiva.com\/wp-content\/uploads\/2024\/08\/Fusilamiento.jpeg",720,519,false]},"_links":{"self":[{"href":"https:\/\/lavozdisruptiva.com\/index.php\/wp-json\/wp\/v2\/posts\/4857","targetHints":{"allow":["GET"]}}],"collection":[{"href":"https:\/\/lavozdisruptiva.com\/index.php\/wp-json\/wp\/v2\/posts"}],"about":[{"href":"https:\/\/lavozdisruptiva.com\/index.php\/wp-json\/wp\/v2\/types\/post"}],"author":[{"embeddable":true,"href":"https:\/\/lavozdisruptiva.com\/index.php\/wp-json\/wp\/v2\/users\/3"}],"replies":[{"embeddable":true,"href":"https:\/\/lavozdisruptiva.com\/index.php\/wp-json\/wp\/v2\/comments?post=4857"}],"version-history":[{"count":2,"href":"https:\/\/lavozdisruptiva.com\/index.php\/wp-json\/wp\/v2\/posts\/4857\/revisions"}],"predecessor-version":[{"id":4861,"href":"https:\/\/lavozdisruptiva.com\/index.php\/wp-json\/wp\/v2\/posts\/4857\/revisions\/4861"}],"wp:featuredmedia":[{"embeddable":true,"href":"https:\/\/lavozdisruptiva.com\/index.php\/wp-json\/wp\/v2\/media\/4858"}],"wp:attachment":[{"href":"https:\/\/lavozdisruptiva.com\/index.php\/wp-json\/wp\/v2\/media?parent=4857"}],"wp:term":[{"taxonomy":"category","embeddable":true,"href":"https:\/\/lavozdisruptiva.com\/index.php\/wp-json\/wp\/v2\/categories?post=4857"},{"taxonomy":"post_tag","embeddable":true,"href":"https:\/\/lavozdisruptiva.com\/index.php\/wp-json\/wp\/v2\/tags?post=4857"}],"curies":[{"name":"wp","href":"https:\/\/api.w.org\/{rel}","templated":true}]}}