{"id":4820,"date":"2024-08-14T17:58:10","date_gmt":"2024-08-14T20:58:10","guid":{"rendered":"https:\/\/lavozdisruptiva.com\/?p=4820"},"modified":"2024-08-14T17:58:11","modified_gmt":"2024-08-14T20:58:11","slug":"indec-la-inflacion-de-julio-fue-del-4-y-retomo-el-camino-a-la-baja","status":"publish","type":"post","link":"https:\/\/lavozdisruptiva.com\/index.php\/2024\/08\/14\/indec-la-inflacion-de-julio-fue-del-4-y-retomo-el-camino-a-la-baja\/","title":{"rendered":"INDEC: la inflaci\u00f3n de julio fue del 4% y retom\u00f3 el camino a la baja"},"content":{"rendered":"\n<h2 class=\"wp-block-heading has-medium-font-size\">El Instituto Nacional de Estad\u00edstica y Censos dio a conocer el dato de inflaci\u00f3n del s\u00e9ptimo mes del a\u00f1o, el m\u00e1s bajo en lo que va del a\u00f1o.<\/h2>\n\n\n\n<p class=\"has-medium-font-size\">El Instituto Nacional de Estad\u00edstica y Censos\u00a0<strong>(INDEC)\u00a0<\/strong>dio a conocer este mi\u00e9rcoles el\u00a0dato de inflaci\u00f3n de Julio, \u00a0<strong>que fue del 4%<\/strong>. De esta manera, y despu\u00e9s de sufrir un rebote en junio, el \u00edndice de precios\u00a0<strong>retom\u00f3 su camino a la baja.<\/strong><\/p>\n\n\n\n<figure class=\"wp-block-image size-large is-resized\"><img loading=\"lazy\" decoding=\"async\" width=\"1024\" height=\"636\" src=\"https:\/\/lavozdisruptiva.com\/wp-content\/uploads\/2024\/08\/Inflacion-Julio-1024x636.jpeg\" alt=\"\" class=\"wp-image-4823\" style=\"width:840px;height:auto\" srcset=\"https:\/\/lavozdisruptiva.com\/wp-content\/uploads\/2024\/08\/Inflacion-Julio-1024x636.jpeg 1024w, https:\/\/lavozdisruptiva.com\/wp-content\/uploads\/2024\/08\/Inflacion-Julio-300x186.jpeg 300w, https:\/\/lavozdisruptiva.com\/wp-content\/uploads\/2024\/08\/Inflacion-Julio-768x477.jpeg 768w, https:\/\/lavozdisruptiva.com\/wp-content\/uploads\/2024\/08\/Inflacion-Julio.jpeg 1280w\" sizes=\"auto, (max-width: 1024px) 100vw, 1024px\" \/><\/figure>\n\n\n\n<p class=\"has-medium-font-size\">La variaci\u00f3n interanual, en tanto,\u00a0<strong>fue de 263,4% <\/strong>inter anual,\u00a0siendo el tercer mes consecutivo de desaceleraci\u00f3n en la comparaci\u00f3n contra igual mes del a\u00f1o anterior;\u00a0mientras que la\u00a0inflaci\u00f3n n\u00facleo, que excluye los componentes regulados y estacionales, fue de <strong>3,8%.<\/strong><\/p>\n\n\n\n<p class=\"has-medium-font-size\">La divisi\u00f3n con mayor alza mensual en julio de 2024 fue<strong>\u00a0Restaurantes y hoteles (6,5%)<\/strong>; y la de menor, Prendas de vestir y calzado <strong>(1,6%).<\/strong><\/p>\n\n\n\n<p class=\"has-medium-font-size\">Por su parte,&nbsp;<strong>Alimentos y bebidas no alcoh\u00f3licas aport\u00f3 la mayor incidencia sobre la variaci\u00f3n mensual<\/strong>&nbsp;en todas las regiones del pa\u00eds,&nbsp;excepto en la Noreste, donde lider\u00f3 Vivienda, agua, electricidad y otros combustibles.<\/p>\n\n\n\n<p style=\"font-size:23px\"><strong>El NEA esta vez mayor que la media del pa\u00eds<\/strong><\/p>\n\n\n\n<p class=\"has-medium-font-size\">De entre todas las regiones,\u00a0<strong>con 4,6 %, el NEA fue la que registr\u00f3 la inflaci\u00f3n m\u00e1s alta junto a Cuyo.<\/strong>\u00a0\u00a0Les siguieron la Patagonia, con 4,2 %; Gran Buenos Aires, 4 %; Pampeana, 3,9 %; y Noroeste, 3,6 %.<\/p>\n\n\n\n<p class=\"has-medium-font-size\">&#8220;<strong><em>La divisi\u00f3n con mayor incidencia en todas las regiones -excepto en la regi\u00f3n Noreste\u2013 fue Alimentos y bebidas no alcoh\u00f3licas (3,2 %), donde se destacaron los aumentos de Frutas y Verduras, tub\u00e9rculos y legumbres<\/em><\/strong>&#8220;, detall\u00f3 el organismo.<\/p>\n\n\n\n<p class=\"has-medium-font-size\">De acuerdo a los datos,&nbsp;<strong>en la regi\u00f3n del NEA la mayor incidencia la tuvo Vivienda, agua, electricidad y otros combustibles (6 %)<\/strong>&nbsp;&nbsp;debido a subas en los rubros de Electricidad, gas y otros combustibles, Alquiler de la vivienda y gastos conexos y Suministro de agua.<\/p>\n\n\n\n<h2 class=\"wp-block-heading\" id=\"las-expectativas-del-gobierno-y-las-consultoras\" style=\"font-size:23px\">Para Caputo: Fue la inflaci\u00f3n mas baja del a\u00f1o <\/h2>\n\n\n\n<p class=\"has-medium-font-size\">Seg\u00fan hab\u00eda adelantado el ministro de Econom\u00eda<strong>\u00a0<\/strong>Luis Caputo semanas atr\u00e1s, en el Gobierno esperaban que el dato del pasado mes sea\u00a0<strong>&#8220;el m\u00e1s bajo del a\u00f1o&#8221;<\/strong>: en caso de que este fuera menor al 4,6% de junio, como efectivamente sucedi\u00f3, se volver\u00eda a la inercia a la baja que se ven\u00eda dando durante todo el a\u00f1o hasta el \u00faltimo dato, el cual supuso una\u00a0<strong>suba de 0,4 puntos\u00a0<\/strong>respecto al 4,2% de mayo.<a href=\"https:\/\/www.cronista.com\/economia-politica\/censo-caba\/\"><\/a><\/p>\n\n\n\n<figure class=\"wp-block-image is-resized\"><img decoding=\"async\" src=\"https:\/\/www.cronista.com\/files\/image\/922\/922288\/66bcff5661c7b_700_410!.webp?s=3aff6e3264cf67c363b4c7a6583e0d52&amp;d=1723662168&amp;oe=jpg\" alt=\"\" style=\"width:840px;height:auto\"\/><\/figure>\n\n\n\n<p class=\"has-medium-font-size\">Para ratificar el mayor activo pol\u00edtico de Milei, en la previa&nbsp;<strong>se ve\u00eda como favorable un dato en torno al 4% o menos<\/strong>. Sin embargo, las consultoras ofrecieron mediciones muy distintas, mientras que preocupaba&nbsp;<strong>el dato de inflaci\u00f3n de CABA<\/strong>&nbsp;publicado la semana pasada, considerado un precursor del dato nacional: este marc\u00f3 un&nbsp;<strong>5,1%<\/strong>, un 0,3% por encima del dato de junio en el mismo distrito y un 0,7% por arriba del 4,4% de mayo.<\/p>\n\n\n\n<p class=\"has-medium-font-size\">En particular, julio fue un nuevo mes marcado por el&nbsp;<strong>atraso en los ajustes de tarifas<\/strong>&nbsp;que Caputo viene utilizando para regular la inflaci\u00f3n y acercarse al 0% con el que sue\u00f1a tras&nbsp;<strong>abrir la &#8220;segunda fase&#8221; econ\u00f3mica&nbsp;<\/strong>bajo la premisa de<strong>&nbsp;&#8220;emisi\u00f3n cero&#8221;<\/strong>.<\/p>\n\n\n\n<p class=\"has-medium-font-size\">As\u00ed, rein\u00f3 la incertidumbre respecto al dato general: aunque algunas consultoras esperaban un&nbsp;<strong>n\u00famero por debajo del 4,6%<\/strong>&nbsp;de junio, otras cre\u00edan que el IPC ser\u00eda levemente<strong>&nbsp;superior<\/strong>, incentivando un&nbsp;<strong>estancamiento del nivel de precios<\/strong>.<\/p>\n\n\n\n<p class=\"has-medium-font-size\">Pese a esto, Caputo asever\u00f3 que en julio se registr\u00f3 &#8220;<strong>la inflaci\u00f3n m\u00e1s baja en lo que va del a\u00f1o&#8221;<\/strong>: <\/p>\n\n\n\n<p class=\"has-medium-font-size\">Fuente: Medios digitales<\/p>\n","protected":false},"excerpt":{"rendered":"<p>El Instituto Nacional de Estad\u00edstica y Censos dio a conocer el dato de inflaci\u00f3n del s\u00e9ptimo mes del a\u00f1o, el m\u00e1s bajo en lo que va del a\u00f1o. El Instituto Nacional de Estad\u00edstica y Censos\u00a0(INDEC)\u00a0dio a conocer este mi\u00e9rcoles el\u00a0dato de inflaci\u00f3n de Julio, \u00a0que fue del 4%. De esta manera, y despu\u00e9s de sufrir [&hellip;]<\/p>\n","protected":false},"author":3,"featured_media":4822,"comment_status":"closed","ping_status":"open","sticky":false,"template":"","format":"standard","meta":{"footnotes":""},"categories":[4,81,39],"tags":[66,368,412,410,40],"class_list":["post-4820","post","type-post","status-publish","format-standard","has-post-thumbnail","hentry","category-economia","category-nacional","category-politica","tag-economia","tag-ipc","tag-javier-milei","tag-luis-caputo","tag-politica"],"blog_post_layout_featured_media_urls":{"thumbnail":["https:\/\/lavozdisruptiva.com\/wp-content\/uploads\/2024\/08\/Inflacion-150x150.jpeg",150,150,true],"full":["https:\/\/lavozdisruptiva.com\/wp-content\/uploads\/2024\/08\/Inflacion.jpeg",950,534,false]},"categories_names":{"4":{"name":"Econom\u00eda","link":"https:\/\/lavozdisruptiva.com\/index.php\/category\/economia\/"},"81":{"name":"Nacional","link":"https:\/\/lavozdisruptiva.com\/index.php\/category\/nacional\/"},"39":{"name":"Pol\u00edtica","link":"https:\/\/lavozdisruptiva.com\/index.php\/category\/politica\/"}},"tags_names":{"66":{"name":"Econom\u00eda","link":"https:\/\/lavozdisruptiva.com\/index.php\/tag\/economia\/"},"368":{"name":"IPC","link":"https:\/\/lavozdisruptiva.com\/index.php\/tag\/ipc\/"},"412":{"name":"Javier Milei","link":"https:\/\/lavozdisruptiva.com\/index.php\/tag\/javier-milei\/"},"410":{"name":"Luis Caputo","link":"https:\/\/lavozdisruptiva.com\/index.php\/tag\/luis-caputo\/"},"40":{"name":"Pol\u00edtica","link":"https:\/\/lavozdisruptiva.com\/index.php\/tag\/politica\/"}},"comments_number":"0","wpmagazine_modules_lite_featured_media_urls":{"thumbnail":["https:\/\/lavozdisruptiva.com\/wp-content\/uploads\/2024\/08\/Inflacion-150x150.jpeg",150,150,true],"cvmm-medium":["https:\/\/lavozdisruptiva.com\/wp-content\/uploads\/2024\/08\/Inflacion-300x300.jpeg",300,300,true],"cvmm-medium-plus":["https:\/\/lavozdisruptiva.com\/wp-content\/uploads\/2024\/08\/Inflacion-305x207.jpeg",305,207,true],"cvmm-portrait":["https:\/\/lavozdisruptiva.com\/wp-content\/uploads\/2024\/08\/Inflacion-400x534.jpeg",400,534,true],"cvmm-medium-square":["https:\/\/lavozdisruptiva.com\/wp-content\/uploads\/2024\/08\/Inflacion-600x534.jpeg",600,534,true],"cvmm-large":["https:\/\/lavozdisruptiva.com\/wp-content\/uploads\/2024\/08\/Inflacion.jpeg",950,534,false],"cvmm-small":["https:\/\/lavozdisruptiva.com\/wp-content\/uploads\/2024\/08\/Inflacion-130x95.jpeg",130,95,true],"full":["https:\/\/lavozdisruptiva.com\/wp-content\/uploads\/2024\/08\/Inflacion.jpeg",950,534,false]},"_links":{"self":[{"href":"https:\/\/lavozdisruptiva.com\/index.php\/wp-json\/wp\/v2\/posts\/4820","targetHints":{"allow":["GET"]}}],"collection":[{"href":"https:\/\/lavozdisruptiva.com\/index.php\/wp-json\/wp\/v2\/posts"}],"about":[{"href":"https:\/\/lavozdisruptiva.com\/index.php\/wp-json\/wp\/v2\/types\/post"}],"author":[{"embeddable":true,"href":"https:\/\/lavozdisruptiva.com\/index.php\/wp-json\/wp\/v2\/users\/3"}],"replies":[{"embeddable":true,"href":"https:\/\/lavozdisruptiva.com\/index.php\/wp-json\/wp\/v2\/comments?post=4820"}],"version-history":[{"count":2,"href":"https:\/\/lavozdisruptiva.com\/index.php\/wp-json\/wp\/v2\/posts\/4820\/revisions"}],"predecessor-version":[{"id":4825,"href":"https:\/\/lavozdisruptiva.com\/index.php\/wp-json\/wp\/v2\/posts\/4820\/revisions\/4825"}],"wp:featuredmedia":[{"embeddable":true,"href":"https:\/\/lavozdisruptiva.com\/index.php\/wp-json\/wp\/v2\/media\/4822"}],"wp:attachment":[{"href":"https:\/\/lavozdisruptiva.com\/index.php\/wp-json\/wp\/v2\/media?parent=4820"}],"wp:term":[{"taxonomy":"category","embeddable":true,"href":"https:\/\/lavozdisruptiva.com\/index.php\/wp-json\/wp\/v2\/categories?post=4820"},{"taxonomy":"post_tag","embeddable":true,"href":"https:\/\/lavozdisruptiva.com\/index.php\/wp-json\/wp\/v2\/tags?post=4820"}],"curies":[{"name":"wp","href":"https:\/\/api.w.org\/{rel}","templated":true}]}}