{"id":4542,"date":"2024-06-28T18:16:46","date_gmt":"2024-06-28T21:16:46","guid":{"rendered":"https:\/\/lavozdisruptiva.com\/?p=4542"},"modified":"2024-06-28T18:16:47","modified_gmt":"2024-06-28T21:16:47","slug":"ley-bases-punto-por-punto-esta-es-la-reforma-laboral-que-se-aprobo-en-diputados","status":"publish","type":"post","link":"https:\/\/lavozdisruptiva.com\/index.php\/2024\/06\/28\/ley-bases-punto-por-punto-esta-es-la-reforma-laboral-que-se-aprobo-en-diputados\/","title":{"rendered":"Ley Bases: punto por punto, esta es la reforma laboral que se aprob\u00f3 en Diputados"},"content":{"rendered":"\n<h2 class=\"wp-block-heading\" style=\"font-size:23px\">El proyecto del oficialismo fue aprobada este viernes por la madrugada. C\u00f3mo impactar\u00e1 el cap\u00edtulo de &#8220;Modernizaci\u00f3n laboral&#8221; en el d\u00eda a d\u00eda de los argentinos.<\/h2>\n\n\n\n<figure class=\"wp-block-image is-resized\"><img decoding=\"async\" src=\"https:\/\/media.ambito.com\/p\/e0f7bbcc90b98ec5a944235c69bfcfe6\/adjuntos\/239\/imagenes\/041\/322\/0041322112\/pymes-produccion-empleo.jpg\" alt=\"La reforma laboral regir\u00e1 una vez que sea promulgada la ley Bases.&nbsp;\" style=\"width:840px;height:auto\"\/><figcaption class=\"wp-element-caption\">La reforma laboral regir\u00e1 una vez que sea promulgada la ley Bases.<\/figcaption><\/figure>\n\n\n\n<p class=\"has-medium-font-size\">La\u00a0<strong>ley Bases<\/strong>\u00a0fue aprobada este viernes por la madrugada en la<strong>\u00a0C\u00e1mara de Diputados\u00a0<\/strong>y el Gobierno, con Javier Milei a la cabeza, celebr\u00f3 la victoria parlamentaria que permitir\u00e1 la implementaci\u00f3n de reformas estructurales para el pa\u00eds. En este marco, \u00bfc\u00f3mo qued\u00f3 el cap\u00edtulo laboral y qu\u00e9 impacto tendr\u00e1 en los argentinos?<\/p>\n\n\n\n<p class=\"has-medium-font-size\">Minutos despu\u00e9s de la aprobaci\u00f3n, la\u00a0<strong>Oficina del Presidente<\/strong>\u00a0celebr\u00f3 la sanci\u00f3n de la ley que entrar\u00e1 en vigencia una vez que sea promulgada por el presidente Javier Milei.<\/p>\n\n\n\n<p class=\"has-medium-font-size\">&#8220;<strong><em>Con 38 diputados, 7 senadores y el apoyo de un sector de la dirigencia pol\u00edtica, y a pesar del obstruccionismo del kirchnerismo y sus c\u00f3mplices de siempre, quienes demoraron el proyecto durante meses,\u00a0el Gobierno Nacional logr\u00f3 la aprobaci\u00f3n de la primera ley en el camino hacia el pa\u00eds libre y pr\u00f3spero\u00a0que los argentinos eligieron el pasado 19 de noviembre&#8221;<\/em><\/strong>, asegur\u00f3 la cuenta oficial del Gobierno.<\/p>\n\n\n\n<p class=\"has-medium-font-size\">Y agreg\u00f3: &#8220;<strong><em>El Poder Ejecutivo\u00a0agradece nuevamente la labor patri\u00f3tica de los Sres. legisladores\u00a0que comprendieron la responsabilidad hist\u00f3rica que ten\u00edan en sus manos y aportaron su voto afirmativo, a pesar de los constantes y desesperados intentos de quienes pretenden aferrarse a sus privilegios a costa del desarrollo del pa\u00eds<\/em><\/strong>&#8220;.<\/p>\n\n\n\n<p class=\"has-medium-font-size\">En este marco, tambi\u00e9n se logr\u00f3 la validaci\u00f3n del cap\u00edtulo laboral, denominada en el texto como &#8220;<strong>Modernizaci\u00f3n laboral&#8221;<\/strong>, con cambios en las reglas de contrataci\u00f3n y en la relaci\u00f3n entre los empleados y sus empleadores.<\/p>\n\n\n\n<h2 class=\"wp-block-heading\" style=\"font-size:23px\">Ley Bases: esta es la reforma laboral aprobada en Diputados<\/h2>\n\n\n\n<h3 class=\"wp-block-heading has-medium-font-size\">Blanqueo Laboral<\/h3>\n\n\n\n<p class=\"has-medium-font-size\">Entre los art\u00edculos 76 y 81, bajo el t\u00edtulo &#8220;<strong>Promoci\u00f3n del empleo registrado<\/strong>&#8220;, se plantea una serie de\u00a0<strong>beneficios\u00a0<\/strong>para los empleadores en caso de<strong>\u00a0regularizar a sus trabajadores.<\/strong><\/p>\n\n\n\n<p class=\"has-medium-font-size\">Con respecto a estos \u00faltimos, aclara que &#8220;<strong><em>cualquiera sea su antig\u00fcedad y su salario, s\u00f3lo podr\u00e1 tener acreditados hasta 5 a\u00f1os de aportes calculados sobre el monto del salario m\u00ednimo, vital y m\u00f3vil, a los fines de reconocimiento para su jubilaci\u00f3n<\/em><\/strong>&#8220;.<\/p>\n\n\n\n<h3 class=\"wp-block-heading has-medium-font-size\">Fondo de cese laboral<\/h3>\n\n\n\n<p class=\"has-medium-font-size\">En el art\u00edculo 93 de de la reforma, se habilita que, a trav\u00e9s de convenios colectivos de trabajo, se&nbsp;<strong>reemplacen las indemnizaciones por despido por la constituci\u00f3n de un fondo o sistema de cese laboral<\/strong>. Esto ser\u00e1 &#8220;seg\u00fan disponga el Poder Ejecutivo\u201d e indica que los empleadores podr\u00e1n optar por contratar un servicio privado o autoasegurarse.<\/p>\n\n\n\n<h3 class=\"wp-block-heading has-medium-font-size\">Ampliaci\u00f3n del periodo de prueba<\/h3>\n\n\n\n<p class=\"has-medium-font-size\">En los art\u00edculos 89 y 95 se propone&nbsp;<strong>extender a 6 meses el tiempo periodo de prueba<\/strong>&nbsp;que tienen los trabajadores en un nuevo puesto.<\/p>\n\n\n\n<p class=\"has-medium-font-size\">Adem\u00e1s, por convenio colectivo se puede ampliar hasta&nbsp;<strong>8 meses<\/strong>&nbsp;en empresas de entre 6 y 100 trabajadores y hasta 1 a\u00f1o en empresas de menor tama\u00f1o. Durante ese tiempo, el trabajador puede ser despedido sin causa y sin indemnizaci\u00f3n.<\/p>\n\n\n\n<h3 class=\"wp-block-heading has-medium-font-size\">Eliminaci\u00f3n de Sanciones por no registro de empleados<\/h3>\n\n\n\n<p class=\"has-medium-font-size\">La reforma laboral propone&nbsp;<strong>eliminar las indemnizaciones<\/strong>&nbsp;para los empleadores que no registran una relaci\u00f3n laboral o lo hacen con un salario menor o fecha posterior a la real.<\/p>\n\n\n\n<h3 class=\"wp-block-heading has-medium-font-size\">Flexibilizaci\u00f3n de las relaciones laborales<\/h3>\n\n\n\n<p class=\"has-medium-font-size\">Se incorporan tambi\u00e9n medidas que permiten que las relaciones laborales queden enmarcadas en otras formas distintas a la convencional relaci\u00f3n de dependencia. Por ejemplo, contratar empleados bajo la modalidad de colaboradores o de contratos de locaci\u00f3n.<\/p>\n\n\n\n<h3 class=\"wp-block-heading has-medium-font-size\">Tercerizaci\u00f3n laboral<\/h3>\n\n\n\n<p class=\"has-medium-font-size\">Se elimina la prohibici\u00f3n a los empleadores de contratar a trav\u00e9s de empresas de servicios temporarios o agencias de colocaci\u00f3n&nbsp;<strong>en el caso del trabajo agrario.&nbsp;<\/strong>En todos los casos, los empleados se considerar\u00e1n&nbsp;<strong>parte de las empresas intermediarias&nbsp;<\/strong>y no para las que presten servicios.<\/p>\n\n\n\n<h3 class=\"wp-block-heading has-medium-font-size\">Limitaci\u00f3n del derecho a la acci\u00f3n colectiva<\/h3>\n\n\n\n<p class=\"has-medium-font-size\">Se incorporan como&nbsp;<strong>motivo de despido<\/strong>&nbsp;de los trabajadores las diferentes acciones que pueda llevar a cabo en el marco de un conflicto colectivo en la empresa.<\/p>\n\n\n\n<p class=\"has-medium-font-size\">Esto ser\u00eda, por ejemplo,&nbsp;<strong>participar en bloqueos o tomas de establecimientos<\/strong>; obstrucci\u00f3n del ingreso o egreso al establecimiento y la afectaci\u00f3n de de la libertad de trabajo de quienes no adhieran a la medida de fuerza.<\/p>\n\n\n\n<h3 class=\"wp-block-heading has-medium-font-size\">Funcionamiento de sindicatos<\/h3>\n\n\n\n<p class=\"has-medium-font-size\">El art\u00edculo 84<strong>&nbsp;excluye a las asociaciones sindicales&nbsp;<\/strong>como posibles denunciantes de la falta de registraci\u00f3n de las relaciones laborales, dejando esto solo en manos del trabajador. De esta manera, podr\u00e1 denunciar la falta de registraci\u00f3n ante la autoridad de aplicaci\u00f3n, que deber\u00e1 establecer un medio electr\u00f3nico ante AFIP.<\/p>\n\n\n\n<h3 class=\"wp-block-heading has-medium-font-size\">Licencia por embarazo<\/h3>\n\n\n\n<p class=\"has-medium-font-size\">En la legislaci\u00f3n vigente, la licencia por embarazo es de<strong>&nbsp;90 d\u00edas<\/strong>, 45 d\u00edas antes del parto y 45 d\u00edas con posterioridad. Sin embargo, la persona gestante puede optar por reducir la licencia previa al parto a 30 d\u00edas -per\u00edodo a partir del cual rige la prohibici\u00f3n de trabajar- y acumular los d\u00edas restantes al per\u00edodo posterior.<\/p>\n\n\n\n<h2 class=\"wp-block-heading has-medium-font-size\">Los cambios que transit\u00f3 la reforma laboral tras la segunda versi\u00f3n de la ley Bases<\/h2>\n\n\n\n<p class=\"has-medium-font-size\">Si bien el Gobierno celebr\u00f3 la aprobaci\u00f3n de la ley Bases y, por ende, la implementaci\u00f3n del cap\u00edtulo laboral en la sociedad, el apartado que tiende a modificar las relaciones de trabajo&nbsp;<strong>sufri\u00f3 ciertas modificaciones con respecto a la primera versi\u00f3n&nbsp;<\/strong>del proyecto \u00f3mnibus.<\/p>\n\n\n\n<p class=\"has-medium-font-size\">En este caso, el Gobierno de Javier Milei present\u00f3 una reforma laboral menos ambiciosa y suprimi\u00f3 cuestiones vinculadas al blanqueo y moratoria para aquellas empresas que regularicen la situaci\u00f3n laboral de sus trabajadores.<\/p>\n\n\n\n<p class=\"has-medium-font-size\">Luego de reuniones, negociaciones y debates en comisiones, el&nbsp;<strong>T\u00edtulo V<\/strong>&nbsp;denominado &#8220;<strong>Modernizaci\u00f3n laboral<\/strong>&#8220;, inclu\u00eddo en la nueva<strong>&nbsp;ley Bases<\/strong>, se transform\u00f3 en una reforma de la legislaci\u00f3n de trabajo de 17 art\u00edculos. El apartado contiene distintas modificaciones sobre el proyecto<strong>&nbsp;Ley de Empleo N\u00ba 24.013.<\/strong><\/p>\n\n\n\n<p class=\"has-medium-font-size\">La presentaci\u00f3n de esta iniciativa en la previa del debate gener\u00f3 el descontento de la Uni\u00f3n C\u00edvica Radical (UCR), espacio que present\u00f3 su propia propuesta y que buscaba la modificaci\u00f3n de\u00a0<strong>las leyes 20.744 y 24.013<\/strong>, y la derogaci\u00f3n del\u00a0<strong>art\u00edculo 1 de la ley 25.323<\/strong><\/p>\n\n\n\n<p class=\"has-medium-font-size\">Fuente: \u00c1mbito<\/p>\n","protected":false},"excerpt":{"rendered":"<p>El proyecto del oficialismo fue aprobada este viernes por la madrugada. C\u00f3mo impactar\u00e1 el cap\u00edtulo de &#8220;Modernizaci\u00f3n laboral&#8221; en el d\u00eda a d\u00eda de los argentinos. La\u00a0ley Bases\u00a0fue aprobada este viernes por la madrugada en la\u00a0C\u00e1mara de Diputados\u00a0y el Gobierno, con Javier Milei a la cabeza, celebr\u00f3 la victoria parlamentaria que permitir\u00e1 la implementaci\u00f3n de [&hellip;]<\/p>\n","protected":false},"author":3,"featured_media":4543,"comment_status":"closed","ping_status":"open","sticky":false,"template":"","format":"standard","meta":{"footnotes":""},"categories":[4,81,39],"tags":[66,412,471,40,758],"class_list":["post-4542","post","type-post","status-publish","format-standard","has-post-thumbnail","hentry","category-economia","category-nacional","category-politica","tag-economia","tag-javier-milei","tag-ley-bases","tag-politica","tag-reforma-laboral"],"blog_post_layout_featured_media_urls":{"thumbnail":["https:\/\/lavozdisruptiva.com\/wp-content\/uploads\/2024\/06\/Trabajadores-150x150.jpeg",150,150,true],"full":["https:\/\/lavozdisruptiva.com\/wp-content\/uploads\/2024\/06\/Trabajadores.jpeg",980,640,false]},"categories_names":{"4":{"name":"Econom\u00eda","link":"https:\/\/lavozdisruptiva.com\/index.php\/category\/economia\/"},"81":{"name":"Nacional","link":"https:\/\/lavozdisruptiva.com\/index.php\/category\/nacional\/"},"39":{"name":"Pol\u00edtica","link":"https:\/\/lavozdisruptiva.com\/index.php\/category\/politica\/"}},"tags_names":{"66":{"name":"Econom\u00eda","link":"https:\/\/lavozdisruptiva.com\/index.php\/tag\/economia\/"},"412":{"name":"Javier Milei","link":"https:\/\/lavozdisruptiva.com\/index.php\/tag\/javier-milei\/"},"471":{"name":"Ley Bases","link":"https:\/\/lavozdisruptiva.com\/index.php\/tag\/ley-bases\/"},"40":{"name":"Pol\u00edtica","link":"https:\/\/lavozdisruptiva.com\/index.php\/tag\/politica\/"},"758":{"name":"Reforma laboral","link":"https:\/\/lavozdisruptiva.com\/index.php\/tag\/reforma-laboral\/"}},"comments_number":"0","wpmagazine_modules_lite_featured_media_urls":{"thumbnail":["https:\/\/lavozdisruptiva.com\/wp-content\/uploads\/2024\/06\/Trabajadores-150x150.jpeg",150,150,true],"cvmm-medium":["https:\/\/lavozdisruptiva.com\/wp-content\/uploads\/2024\/06\/Trabajadores-300x300.jpeg",300,300,true],"cvmm-medium-plus":["https:\/\/lavozdisruptiva.com\/wp-content\/uploads\/2024\/06\/Trabajadores-305x207.jpeg",305,207,true],"cvmm-portrait":["https:\/\/lavozdisruptiva.com\/wp-content\/uploads\/2024\/06\/Trabajadores-400x600.jpeg",400,600,true],"cvmm-medium-square":["https:\/\/lavozdisruptiva.com\/wp-content\/uploads\/2024\/06\/Trabajadores-600x600.jpeg",600,600,true],"cvmm-large":["https:\/\/lavozdisruptiva.com\/wp-content\/uploads\/2024\/06\/Trabajadores.jpeg",980,640,false],"cvmm-small":["https:\/\/lavozdisruptiva.com\/wp-content\/uploads\/2024\/06\/Trabajadores-130x95.jpeg",130,95,true],"full":["https:\/\/lavozdisruptiva.com\/wp-content\/uploads\/2024\/06\/Trabajadores.jpeg",980,640,false]},"_links":{"self":[{"href":"https:\/\/lavozdisruptiva.com\/index.php\/wp-json\/wp\/v2\/posts\/4542","targetHints":{"allow":["GET"]}}],"collection":[{"href":"https:\/\/lavozdisruptiva.com\/index.php\/wp-json\/wp\/v2\/posts"}],"about":[{"href":"https:\/\/lavozdisruptiva.com\/index.php\/wp-json\/wp\/v2\/types\/post"}],"author":[{"embeddable":true,"href":"https:\/\/lavozdisruptiva.com\/index.php\/wp-json\/wp\/v2\/users\/3"}],"replies":[{"embeddable":true,"href":"https:\/\/lavozdisruptiva.com\/index.php\/wp-json\/wp\/v2\/comments?post=4542"}],"version-history":[{"count":1,"href":"https:\/\/lavozdisruptiva.com\/index.php\/wp-json\/wp\/v2\/posts\/4542\/revisions"}],"predecessor-version":[{"id":4544,"href":"https:\/\/lavozdisruptiva.com\/index.php\/wp-json\/wp\/v2\/posts\/4542\/revisions\/4544"}],"wp:featuredmedia":[{"embeddable":true,"href":"https:\/\/lavozdisruptiva.com\/index.php\/wp-json\/wp\/v2\/media\/4543"}],"wp:attachment":[{"href":"https:\/\/lavozdisruptiva.com\/index.php\/wp-json\/wp\/v2\/media?parent=4542"}],"wp:term":[{"taxonomy":"category","embeddable":true,"href":"https:\/\/lavozdisruptiva.com\/index.php\/wp-json\/wp\/v2\/categories?post=4542"},{"taxonomy":"post_tag","embeddable":true,"href":"https:\/\/lavozdisruptiva.com\/index.php\/wp-json\/wp\/v2\/tags?post=4542"}],"curies":[{"name":"wp","href":"https:\/\/api.w.org\/{rel}","templated":true}]}}