{"id":4379,"date":"2024-06-05T17:49:00","date_gmt":"2024-06-05T20:49:00","guid":{"rendered":"https:\/\/lavozdisruptiva.com\/?p=4379"},"modified":"2024-06-05T17:49:01","modified_gmt":"2024-06-05T20:49:01","slug":"yerba-mate-lungro-el-pueblo-de-italia-de-2-500-habitantes-que-se-considera-capital-europea-del-mate","status":"publish","type":"post","link":"https:\/\/lavozdisruptiva.com\/index.php\/2024\/06\/05\/yerba-mate-lungro-el-pueblo-de-italia-de-2-500-habitantes-que-se-considera-capital-europea-del-mate\/","title":{"rendered":"Yerba mate: Lungro, el pueblo de Italia de 2.500 habitantes que se considera &#8220;Capital Europea del Mate&#8221;"},"content":{"rendered":"\n<h2 class=\"wp-block-heading has-medium-font-size\">Est\u00e1 en la regi\u00f3n de Calabria y cada a\u00f1o celebra una fiesta en honor al mate. Similitudes y diferencias en las tradiciones alrededor de esta infusi\u00f3n.<\/h2>\n\n\n\n<p class=\"has-medium-font-size\">Por: Catalina Deguer Para: Clar\u00edn<\/p>\n\n\n\n<p class=\"has-medium-font-size\">En un peque\u00f1o pueblo de Italia\u00a0adoptaron una famosa costumbre argentina:\u00a0<strong>tomar mate<\/strong>. Tanto es as\u00ed que\u00a0<strong>Lungro<\/strong>\u00a0-la localidad en cuesti\u00f3n- fue apodada la Capital Europea del Mate y hasta tiene un festival en honor a esta infusi\u00f3n.<\/p>\n\n\n\n<p><img loading=\"lazy\" decoding=\"async\" width=\"1256\" height=\"620\" src=\"https:\/\/www.clarin.com\/img\/2024\/05\/29\/YHTzZBSAL_1256x620__2.jpg#1716986808061\" alt=\"El pueblo de Italia de 2.500 habitantes que se considera Capital Europea del Mate\">Atardecer en Lungro, Italia. Foto Clemente Rennis.<a href=\"https:\/\/www.clarin.com\/autor\/catalina-deguer.html\"><\/a><\/p>\n\n\n\n<p class=\"has-medium-font-size\">La tradici\u00f3n est\u00e1 instalada hace\u00a0<strong>m\u00e1s de un siglo<\/strong>\u00a0en este destino de la regi\u00f3n de Calabria.<\/p>\n\n\n\n<p class=\"has-medium-font-size\">Y como nosotros adoptamos costumbres tanas de los&nbsp;<strong>inmigrantes<\/strong>&nbsp;que llegaron entre los siglos XIX y XX, ellos hicieron lo suyo con el mate.<\/p>\n\n\n\n<p class=\"has-medium-font-size\">Los italianos que vinieron a la Argentina, en busca de mejores oportunidades, enviaban yerba de regalo -como un<strong>&nbsp;souvenir<\/strong>&nbsp;curioso- a sus familiares y amigos que se quedaron en Europa, y quienes regresaron a Italia, propagaron los conocimientos sobre c\u00f3mo prepararlo.<\/p>\n\n\n\n<p style=\"font-size:23px\"><strong>En Lungro se consigue yerba<\/strong><\/p>\n\n\n\n<p class=\"has-medium-font-size\">En las tiendas de Lungro es muy f\u00e1cil conseguir yerba. Tambi\u00e9n el mate, al cual llaman\u00a0<strong><em>kungullo<\/em><\/strong>\u00a0y hasta hace unos a\u00f1os algunas familias lo fabricaban con calabazas. La bombilla se denomina\u00a0<strong><em>pumbixhi<\/em>\u00a0<\/strong>y al recipiente en el que se calienta agua le dicen\u00a0<strong><em>\u00e7ikullatera<\/em><\/strong>.<\/p>\n\n\n\n<p><img loading=\"lazy\" decoding=\"async\" width=\"720\" height=\"480\" src=\"https:\/\/www.clarin.com\/img\/2024\/05\/29\/pOcxP0E3B_720x0__1.jpg\" alt=\"Postal del Lungro, el pueblo italiano donde se toma mate. Foto Clemente Rennis.\"><\/p>\n\n\n\n<p class=\"has-medium-font-size\">Postal del Lungro, el pueblo italiano donde se toma mate. Foto Clemente Rennis.<\/p>\n\n\n\n<p class=\"has-medium-font-size\">\u201c<strong><em>Estos t\u00e9rminos no derivan del italiano sino del\u00a0arb\u00ebresh\u00eb, una lengua minoritaria que Lungro mantiene desde hace m\u00e1s de seis siglos debido a la llegada de los albaneses hacia el 1400<\/em><\/strong>\u201d, explica Clemente Rennis, quien administra la cuenta de instagram @VisitLungro-Ungra.<\/p>\n\n\n\n<p class=\"has-medium-font-size\">En esta localidad de apenas<strong>&nbsp;2.500 habitantes<\/strong>, tomar mate tambi\u00e9n es un ritual. Re\u00fane a las familias y al&nbsp;<em>gjitonie<\/em>&nbsp;(el vecindario en lengua arb\u00ebresh\u00eb) y, al igual que en Argentina, todos toman de la misma bombilla.<\/p>\n\n\n\n<p class=\"has-medium-font-size\">Sin embargo, el mate en Lungro tiene sus particularidades. \u201c<strong><em>El\u00a0kungullo\u00a0se prepara con\u00a0az\u00facar, un trozo de\u00a0carb\u00f3n\u00a0caliente, que luego se retira, y una piel de\u00a0naranja\u00a0para mejorar el sabor. Despu\u00e9s se agrega la yerba mate y el agua caliente<\/em><\/strong>\u201d, cuenta Rennis, al tiempo que asegura que toma mate todos los d\u00edas.<\/p>\n\n\n\n<h2 class=\"wp-block-heading\" style=\"font-size:23px\">El mate, un atractivo tur\u00edstico en Lungro<\/h2>\n\n\n\n<p class=\"has-medium-font-size\">Anna Stratig\u00f2 es la gran abanderada del mate en Lungro: es la presidenta de la&nbsp;<strong>Academia del Mate<\/strong>, organizaci\u00f3n que hace 10 a\u00f1os realiza cada primero de agosto la&nbsp;<em>Festa del Mate&nbsp;<\/em>en este pueblo. Un evento con shows de m\u00fasica, danza y comedia donde tambi\u00e9n la gente puede encontrar diferentes productos a la venta, todos relacionados con el mate.<\/p>\n\n\n\n<p class=\"has-medium-font-size\">\u201c<strong><em>El mate es parte de\u00a0nuestra identidad. Est\u00e1 instalado desde hace m\u00e1s de un siglo. Nacemos en hogares en los que bebemos mate alrededor del fuego, todos juntos. Pens\u00e9 que ten\u00edamos que hacerle saber al mundo que \u00e9ramos\u00a0una peque\u00f1a Argentin<\/em>a<\/strong>\u201d, cuenta Stratig\u00f2 en comunicaci\u00f3n con Clar\u00edn.<\/p>\n\n\n\n<p class=\"has-medium-font-size\">El festival, que este a\u00f1o tendr\u00e1 su<strong>&nbsp;d\u00e9cima edici\u00f3n<\/strong>, comienza siempre con la interpretaci\u00f3n de<em>&nbsp;La canzone del mate<\/em>, compuesta por Stratig\u00f2 e interpretada por ni\u00f1os en arb\u00ebresh\u00eb.<\/p>\n\n\n\n<p class=\"has-medium-font-size\">La mayor\u00eda de las actividades tienen lugar en la&nbsp;<strong>Plaza del Mate<\/strong>, frente al Palacio Stratig\u00f2, una casa museo que pertenece a la familia de Anna desde hace 15 generaciones y es muy popular en Lungro.<\/p>\n\n\n\n<p class=\"has-medium-font-size\">All\u00ed, funciona la Academia del Mate, la Casa Museo del Risorgimento, la Oficina della M\u00fasica, un\u00a0<em>Bed and Breakfast<\/em>\u00a0y la Casa del Mate, la \u00fanica de Europa.<\/p>\n\n\n\n<p class=\"has-medium-font-size\"><img loading=\"lazy\" decoding=\"async\" width=\"720\" height=\"480\" src=\"https:\/\/www.clarin.com\/img\/2024\/06\/04\/qg1SMFn21_720x0__1.jpg\" alt=\"Productos argentinos a la venta en las calles de Lungro. Foto FB Lungro Capitale del Mate.\"><\/p>\n\n\n\n<p class=\"has-medium-font-size\">Productos argentinos a la venta en las calles de Lungro. Foto FB Lungro Capitale del Mate.<\/p>\n\n\n\n<p class=\"has-medium-font-size\">En esta \u00faltima hay una<strong>&nbsp;exposici\u00f3n&nbsp;<\/strong>en la que se exhiben una gran cantidad de mates, bombillas, varios tipos de yerba mate, cuadros, la bandera argentina y diferentes fotos entre las que se destaca la del Papa Francisco tomando un mate que la misma Anna le ofreci\u00f3 durante una visita a Calabria.<\/p>\n\n\n\n<h2 class=\"wp-block-heading has-medium-font-size\">Qu\u00e9 hacer en Lungro m\u00e1s all\u00e1 del mate<\/h2>\n\n\n\n<p class=\"has-medium-font-size\">Lungro no s\u00f3lo es un lugar conocido por el mate sino tambi\u00e9n por mantener vivas las tradiciones de los&nbsp;<strong>inmigrantes albaneses&nbsp;<\/strong>que fundaron este lugar en la segunda mitad del siglo XV.<\/p>\n\n\n\n<p class=\"has-medium-font-size\">All\u00ed se habla el arb\u00ebresh\u00eb y se mantienen diferentes costumbres.<\/p>\n\n\n\n<p class=\"has-medium-font-size\"><img loading=\"lazy\" decoding=\"async\" width=\"720\" height=\"480\" src=\"https:\/\/www.clarin.com\/img\/2024\/05\/29\/ko4ErevTU_720x0__1.jpg\" alt=\"Interior de la Catedral de San Nicola Di Maria. Foto Clemente Rennis.\"><\/p>\n\n\n\n<p class=\"has-medium-font-size\">Interior de la Catedral de San Nicola Di Maria. Foto Clemente Rennis.<\/p>\n\n\n\n<p class=\"has-medium-font-size\">Quien llegue hasta aqu\u00ed no podr\u00e1 irse sin probar alguna de las&nbsp;<strong>especialidades gastron\u00f3micas&nbsp;<\/strong>calabrio-albanesas: dulces a base de miel y&nbsp;<em>shtridh\u00eblat<\/em>&nbsp;<em>me fasule<\/em>, una pasta servida con salsa de tomate y chauchas, un plato t\u00edpico de la zona.<\/p>\n\n\n\n<p class=\"has-medium-font-size\">Adem\u00e1s, Lungro es una&nbsp;<strong>capital religiosa<\/strong>&nbsp;y sede de la Eparqu\u00eda de rito greco-bizantino.<\/p>\n\n\n\n<p class=\"has-medium-font-size\">Son muy populares las celebraciones religiosas como Pascua (<em>Pashk\u00ebvet<\/em>) y el famoso Carnaval (<em>Karnivalli<\/em>), durante el cual las calles de la ciudad cobran vida con&nbsp;<strong>trajes tradicionales<\/strong>, bailes, cantos y desfiles.<\/p>\n\n\n\n<p class=\"has-medium-font-size\">La\u00a0<strong>Catedral de San Nicola di Mira<\/strong>, de rito greco-bizantino, es una parada obligada. Su interior es una belleza: mosaicos y frescos decoran las paredes y el techo.<img loading=\"lazy\" decoding=\"async\" width=\"720\" height=\"480\" src=\"https:\/\/www.clarin.com\/img\/2024\/05\/29\/ZO52wAS9J_720x0__1.jpg\" alt=\"Monta\u00f1as y senderos, paisajes naturales de Lungro. Foto Clemente Rennis.\"><\/p>\n\n\n\n<p class=\"has-medium-font-size\">Monta\u00f1as y senderos, paisajes naturales de Lungro. Foto Clemente Rennis.<\/p>\n\n\n\n<p class=\"has-medium-font-size\">Otro atractivo es el&nbsp;<strong>Museo Diocesano<\/strong>&nbsp;donde se pueden ver plater\u00eda religiosa, pinturas y vestimentas lit\u00fargicas de diferentes \u00e9pocas.<\/p>\n\n\n\n<p class=\"has-medium-font-size\">Por otro lado, este pueblo est\u00e1 ligado a la actividad minera, que contribuy\u00f3 a la econom\u00eda de todo el territorio hasta 1976, cuando las minas de sal se cerraron.<\/p>\n\n\n\n<p class=\"has-medium-font-size\">Los mineros de Lungro fueron protagonistas de la unificaci\u00f3n de Italia (y por eso Lungro es la ciudad del Resurgimiento) liderando las primeras luchas obreras y las primeras sociedades de ayuda mutua.<\/p>\n\n\n\n<p class=\"has-medium-font-size\">El&nbsp;<strong>Museo Hist\u00f3rico de las Minas de Sal<\/strong>&nbsp;\u201cG.B. Rennis\u201d abri\u00f3 en 2012. All\u00ed se conservan objetos, fotograf\u00edas, uniformes y documentos recuperados de las minas. Es un testimonio de una de las minas m\u00e1s antiguas e importantes de Europa, utilizada por los colonos griegos de S\u00edbaris y Turij, los romanos y los normandos, que crearon un floreciente comercio de sal transportada en mula.<\/p>\n\n\n\n<p class=\"has-medium-font-size\">Actualmente, hay un proyecto para recuperar la antigua zona minera.<\/p>\n\n\n\n<p class=\"has-medium-font-size\">Pero esto no es todo. Lungro es tambi\u00e9n una de las puertas de entrada al\u00a0<strong>Parque Nacional del Pollino<\/strong>, que tiene 192.565 hect\u00e1reas y se caracteriza por su gran cantidad de macizos monta\u00f1osos. Es un lugar perfecto para practicar senderismo y mountain bike.<\/p>\n\n\n\n<p class=\"has-medium-font-size\">Fuente: Clar\u00edn<\/p>\n","protected":false},"excerpt":{"rendered":"<p>Est\u00e1 en la regi\u00f3n de Calabria y cada a\u00f1o celebra una fiesta en honor al mate. Similitudes y diferencias en las tradiciones alrededor de esta infusi\u00f3n. Por: Catalina Deguer Para: Clar\u00edn En un peque\u00f1o pueblo de Italia\u00a0adoptaron una famosa costumbre argentina:\u00a0tomar mate. Tanto es as\u00ed que\u00a0Lungro\u00a0-la localidad en cuesti\u00f3n- fue apodada la Capital Europea del [&hellip;]<\/p>\n","protected":false},"author":3,"featured_media":4380,"comment_status":"closed","ping_status":"open","sticky":false,"template":"","format":"standard","meta":{"footnotes":""},"categories":[170,47,6,28],"tags":[732,731,730,67],"class_list":["post-4379","post","type-post","status-publish","format-standard","has-post-thumbnail","hentry","category-agricultura","category-internacional","category-noticias","category-viajes","tag-calabria","tag-capital-europea-del-mate","tag-lugro","tag-yerba-mate"],"blog_post_layout_featured_media_urls":{"thumbnail":["https:\/\/lavozdisruptiva.com\/wp-content\/uploads\/2024\/06\/Lugro-150x150.jpeg",150,150,true],"full":["https:\/\/lavozdisruptiva.com\/wp-content\/uploads\/2024\/06\/Lugro.jpeg",720,540,false]},"categories_names":{"170":{"name":"Agricultura","link":"https:\/\/lavozdisruptiva.com\/index.php\/category\/agricultura\/"},"47":{"name":"Internacional","link":"https:\/\/lavozdisruptiva.com\/index.php\/category\/internacional\/"},"6":{"name":"Noticias","link":"https:\/\/lavozdisruptiva.com\/index.php\/category\/noticias\/"},"28":{"name":"Viajes","link":"https:\/\/lavozdisruptiva.com\/index.php\/category\/viajes\/"}},"tags_names":{"732":{"name":"Calabria","link":"https:\/\/lavozdisruptiva.com\/index.php\/tag\/calabria\/"},"731":{"name":"Capital europea del mate","link":"https:\/\/lavozdisruptiva.com\/index.php\/tag\/capital-europea-del-mate\/"},"730":{"name":"Lugro","link":"https:\/\/lavozdisruptiva.com\/index.php\/tag\/lugro\/"},"67":{"name":"Yerba mate","link":"https:\/\/lavozdisruptiva.com\/index.php\/tag\/yerba-mate\/"}},"comments_number":"0","wpmagazine_modules_lite_featured_media_urls":{"thumbnail":["https:\/\/lavozdisruptiva.com\/wp-content\/uploads\/2024\/06\/Lugro-150x150.jpeg",150,150,true],"cvmm-medium":["https:\/\/lavozdisruptiva.com\/wp-content\/uploads\/2024\/06\/Lugro-300x300.jpeg",300,300,true],"cvmm-medium-plus":["https:\/\/lavozdisruptiva.com\/wp-content\/uploads\/2024\/06\/Lugro-305x207.jpeg",305,207,true],"cvmm-portrait":["https:\/\/lavozdisruptiva.com\/wp-content\/uploads\/2024\/06\/Lugro-400x540.jpeg",400,540,true],"cvmm-medium-square":["https:\/\/lavozdisruptiva.com\/wp-content\/uploads\/2024\/06\/Lugro-600x540.jpeg",600,540,true],"cvmm-large":["https:\/\/lavozdisruptiva.com\/wp-content\/uploads\/2024\/06\/Lugro.jpeg",720,540,false],"cvmm-small":["https:\/\/lavozdisruptiva.com\/wp-content\/uploads\/2024\/06\/Lugro-130x95.jpeg",130,95,true],"full":["https:\/\/lavozdisruptiva.com\/wp-content\/uploads\/2024\/06\/Lugro.jpeg",720,540,false]},"_links":{"self":[{"href":"https:\/\/lavozdisruptiva.com\/index.php\/wp-json\/wp\/v2\/posts\/4379","targetHints":{"allow":["GET"]}}],"collection":[{"href":"https:\/\/lavozdisruptiva.com\/index.php\/wp-json\/wp\/v2\/posts"}],"about":[{"href":"https:\/\/lavozdisruptiva.com\/index.php\/wp-json\/wp\/v2\/types\/post"}],"author":[{"embeddable":true,"href":"https:\/\/lavozdisruptiva.com\/index.php\/wp-json\/wp\/v2\/users\/3"}],"replies":[{"embeddable":true,"href":"https:\/\/lavozdisruptiva.com\/index.php\/wp-json\/wp\/v2\/comments?post=4379"}],"version-history":[{"count":1,"href":"https:\/\/lavozdisruptiva.com\/index.php\/wp-json\/wp\/v2\/posts\/4379\/revisions"}],"predecessor-version":[{"id":4381,"href":"https:\/\/lavozdisruptiva.com\/index.php\/wp-json\/wp\/v2\/posts\/4379\/revisions\/4381"}],"wp:featuredmedia":[{"embeddable":true,"href":"https:\/\/lavozdisruptiva.com\/index.php\/wp-json\/wp\/v2\/media\/4380"}],"wp:attachment":[{"href":"https:\/\/lavozdisruptiva.com\/index.php\/wp-json\/wp\/v2\/media?parent=4379"}],"wp:term":[{"taxonomy":"category","embeddable":true,"href":"https:\/\/lavozdisruptiva.com\/index.php\/wp-json\/wp\/v2\/categories?post=4379"},{"taxonomy":"post_tag","embeddable":true,"href":"https:\/\/lavozdisruptiva.com\/index.php\/wp-json\/wp\/v2\/tags?post=4379"}],"curies":[{"name":"wp","href":"https:\/\/api.w.org\/{rel}","templated":true}]}}