{"id":4312,"date":"2024-05-28T14:05:24","date_gmt":"2024-05-28T17:05:24","guid":{"rendered":"https:\/\/lavozdisruptiva.com\/?p=4312"},"modified":"2024-05-28T14:05:25","modified_gmt":"2024-05-28T17:05:25","slug":"que-se-espera-con-los-cambios-en-el-gabinete-mas-desregulacion-ajuste-y-dolar-a-890-entra-sturzenegger-y-milei-redobla-apuesta-por-unificacion-cambiaria","status":"publish","type":"post","link":"https:\/\/lavozdisruptiva.com\/index.php\/2024\/05\/28\/que-se-espera-con-los-cambios-en-el-gabinete-mas-desregulacion-ajuste-y-dolar-a-890-entra-sturzenegger-y-milei-redobla-apuesta-por-unificacion-cambiaria\/","title":{"rendered":"Que se espera con los cambios en el gabinete:       \u00bfM\u00e1s desregulaci\u00f3n, ajuste y d\u00f3lar a $890?            Entra Sturzenegger y Milei redobla apuesta por unificaci\u00f3n cambiaria"},"content":{"rendered":"\n<h2 class=\"wp-block-heading\" style=\"font-size:23px\">El ingreso de Federico Sturzenegger en alguna posici\u00f3n del Gobierno evidencia la intenci\u00f3n de unificar el d\u00f3lar y levantar el cepo. Mensaje para Luis Caputo.<\/h2>\n\n\n\n<p class=\"has-medium-font-size wp-block-paragraph\">El que avisa no traiciona. \u00bfO si? En el peor momento econ\u00f3mico del Gobierno y tras el adelanto del presidente Milei, finalmente Nicol\u00e1s Posse dej\u00f3 la jefatura de Gabinete. En su lugar, el ministro Guillermo Francos\u00a0buscar\u00e1 devolverle a la funci\u00f3n todo su caudal pol\u00edtico. <\/p>\n\n\n\n<p class=\"has-medium-font-size wp-block-paragraph\">\u00bfQue objetivos implican avizorarse con los cambios?<\/p>\n\n\n\n<figure class=\"wp-block-image is-resized\"><img decoding=\"async\" src=\"https:\/\/media.ambito.com\/p\/3ddf04d5e512a536e9696ba3cfb05e46\/adjuntos\/239\/imagenes\/041\/541\/0041541404\/federico-sturzenegger.jpg\" alt=\"La palabra de Sturzenegger evidencia que, en t\u00e9rminos del dogmatismo, es un duro.\" style=\"width:840px;height:auto\"\/><figcaption class=\"wp-element-caption\">La palabra de Sturzenegger evidencia que, en t\u00e9rminos del dogmatismo, es un duro.<\/figcaption><\/figure>\n\n\n\n<p class=\"wp-block-paragraph\" style=\"font-size:23px\"><strong>Objetivo 1: Mejorar la administraci\u00f3n <\/strong><\/p>\n\n\n\n<p class=\"has-medium-font-size wp-block-paragraph\"><strong>Esto implica &#8220;absorber&#8221; en gran medida los \u201ccontratiempos\u201d que comenzaron a desgastar la gesti\u00f3n presidencial en base a un magro ejercicio de la administraci\u00f3n<\/strong>. La misi\u00f3n parece bastante clara:\u00a0<strong>potenciar la posibilidad de aprobar la Ley Bases.<\/strong>\u00a0El propio Francos se reunir\u00e1 con los bloques dialoguistas para avanzar sobre los principales puntos conflictivos de la ley Bases y acordar sobre las modificaciones. Quiere emitir dictamen esta semana.<\/p>\n\n\n\n<p class=\"wp-block-paragraph\" style=\"font-size:23px\"><strong>Objetivo 2: Seguir desregulando y liberando precios<\/strong><\/p>\n\n\n\n<p class=\"has-medium-font-size wp-block-paragraph\">Hay otro objetivo que merece una menci\u00f3n. Milei quiere redoblar la apuesta.\u00a0<strong>Busca devolverle al Gobierno la iniciativa para seguir desregulando y liberando precios<\/strong>. Quiere avanzar en el ajuste del gasto p\u00fablico. Piensa que\u00a0<strong>Luis Caputo<\/strong>\u00a0comienza a perder fuerza, que \u201c<strong>carrete<em>a<\/em><\/strong>\u201d en cuestiones tan sensibles como tarifas y subsidios. El dato es que <strong>el propio\u00a0Federico Sturzenegger\u00a0tambi\u00e9n piensa lo mismo que Milei<\/strong>.\u00a0<\/p>\n\n\n\n<p class=\"wp-block-paragraph\" style=\"font-size:23px\"><strong>Devolver al DNU 70 toda su gravitaci\u00f3n<\/strong><\/p>\n\n\n\n<p class=\"has-medium-font-size wp-block-paragraph\"><strong>El economista sostiene que hay que devolverle al DNU 70\/2023 toda la gravitaci\u00f3n que fue perdiendo en base a los frenos que el propio Luis Caputo fue incorporando por temor al impacto social de las medidas.<\/strong><\/p>\n\n\n\n<p class=\"has-medium-font-size wp-block-paragraph\">En alg\u00fan punto, el cambio de Posse por Francos incluye la paradoja:&nbsp;<strong>en el pico de estr\u00e9s de la relaci\u00f3n con las provincias y con Misiones en crisis, se rebaja a secretar\u00eda el ex ministerio del Interior<\/strong>. Habr\u00e1 que ver qu\u00e9 lectura hacen los gobernadores, quienes suelen tener buen trato con Francos y que seguramente esperan mayor di\u00e1logo.<\/p>\n\n\n\n<h2 class=\"wp-block-heading\" style=\"font-size:23px\">\u00bfTiro por elevaci\u00f3n?: Sturzenegger y la cuenta regresiva de Luis Toto Caputo en el ministerio<\/h2>\n\n\n\n<p class=\"has-medium-font-size wp-block-paragraph\">Pero aunque las luces se enfocan en Francos, el tiro por elevaci\u00f3n llega a la orilla del ministro Luis Toto Caputo. El Gobierno enfrenta tambi\u00e9n una crisis interna. No logra avanzar con las leyes econ\u00f3micas que le son necesarias.&nbsp;<strong>El ingreso de Federico Sturzenegger -el alma gemela de Milei en materia de dogmatismo libertario- pone en tensi\u00f3n a los habitantes circunstanciales del Palacio de Hacienda<\/strong>, sobre todo a aquellos que suelen mantener sus reflejos pol\u00edticos en sinton\u00eda con el impacto del plan. \u00bfC\u00f3mo reaccionar\u00e1 Francos al ingreso de Sturzenegger, de quien suele decirse que tiene menos sensibilidad social que el propio Luis Caputo? Sabido es:&nbsp;<strong>para el ex presidente del BCRA en la gesti\u00f3n de Macri, tanto el DNU como el proyecto de Ley Bases son condici\u00f3n necesaria pero no suficiente: quiere m\u00e1s reformas.<\/strong><\/p>\n\n\n\n<p class=\"has-medium-font-size wp-block-paragraph\">Una consulta r\u00e1pida con dos fuentes que gravitan en la Casa Rosada devuelve lo obvio:\u00a0<strong>Sturzenegger es candidato puesto al ministerio de Econom\u00eda<\/strong>. El otro nombre que suena, tambi\u00e9n ensalzado por el propio Milei en las \u00faltimas semanas, es el del diputado\u00a0<strong>Jos\u00e9 Luis Espert<\/strong>, sparring en el show del Luna Park. Piense el lector si acaso no es curioso que, de a poco, comiencen a poblarse las sillas del Gobierno con perfiles de corte econ\u00f3mico, a lo que el propio presidente sum\u00f3 su llamativa sobreactuaci\u00f3n del \u201c<strong>apoyo<\/strong>\u201d a Luis Caputo, casi adjudic\u00e1ndole obra y gracia del plan.\u00a0<strong>\u00bfSeguir\u00e1 defendiendo Milei la gesti\u00f3n del ministro Luis Caputo o comenzar\u00e1 a soltarle la mano?<\/strong>\u00a0\u00bfEn qu\u00e9 medida la falta de d\u00f3lares y la presi\u00f3n sobre el tipo de cambio podr\u00eda serruchar ese compromiso? Si se lo piensa, el propio presidente Milei comienza a dar algunas se\u00f1ales.\u00a0<strong>En varias ocasiones se\u00f1al\u00f3 que la competitividad no llegar\u00e1 v\u00eda devaluaci\u00f3n del peso, sino a trav\u00e9s de la baja de impuestos (y de empleos), es decir, v\u00eda el ajuste de todo tipo<\/strong>.<\/p>\n\n\n\n<h2 class=\"wp-block-heading\" style=\"font-size:23px\">El d\u00f3lar de Sturzenegger: no hay atraso cambiario<\/h2>\n\n\n\n<p class=\"has-medium-font-size wp-block-paragraph\">Quienes orbitan en el planeta Milei, consideran que hay algunos elementos m\u00e1s a tener presente. Esos elementos podr\u00edan comenzar a cambiar las relaciones de poder. En el gabinete de Milei todo es un juego de suma cero, lo que le suman a uno se lo sacan a otro. Si Sturzenegger gana exposici\u00f3n, tambi\u00e9n lo hacen sus ideas.\u00a0<strong>\u00bfSe viene la unificaci\u00f3n de los tipos de cambio con una apertura del cepo?<\/strong>\u00a0\u00bfEn qu\u00e9 medida podr\u00eda el t\u00e1ndem Francos-Sturzenegger avanzar con las privatizaciones de empresas estatales? Hace algunos d\u00edas, el propio<strong>\u00a0Sturzenegger<\/strong>\u00a0 parafrase\u00f3 al presidente del Banco Central de Paraguay cuando confes\u00f3 que en una conversaci\u00f3n, \u00e9ste le hab\u00eda se\u00f1alado \u201c<strong><em>el d\u00f3lar es un problema cuando sube, cuando baja y cuando se queda quieto<\/em><\/strong>\u201d.\u00a0<strong>En esa ocasi\u00f3n sostuvo que era \u201cprevisible\u201d que haya apreciaci\u00f3n cambiaria si el riesgo pa\u00eds baja m\u00e1s de 1000 puntos. Para Sturzenegger, no hay atraso cambiario.<\/strong><\/p>\n\n\n\n<p class=\"has-medium-font-size wp-block-paragraph\">La palabra de\u00a0<strong>Sturzenegger evidencia que, en t\u00e9rminos del dogmatismo, es un duro.<\/strong>\u00a0Por ejemplo, hace algunos d\u00edas, sostuvo que &#8220;<strong><em>el ajuste fiscal es doloroso para el que se beneficia del gasto, para los que lo financiaban no<\/em><\/strong>\u201d, en virtual respaldo a la gesti\u00f3n de la ministra de Capital Humano, Sandra Pettovello y la denuncia por irregularidades en el reparto de planes sociales de parte de los l\u00edderes de movimientos sociales. Sostuvo que &#8220;<strong><em>el ajuste fiscal no es doloroso para la sociedad que financiaba el gasto p\u00fablico<\/em><\/strong>&#8220;, sino que lo es para aquellos que se &#8220;<strong><em>beneficiaban<\/em><\/strong>&#8221; del mismo.<\/p>\n\n\n\n<p class=\"has-medium-font-size wp-block-paragraph\">Fuente: En base a informaci\u00f3n de \u00c1mbito y Medios digitales<\/p>\n","protected":false},"excerpt":{"rendered":"<p>El ingreso de Federico Sturzenegger en alguna posici\u00f3n del Gobierno evidencia la intenci\u00f3n de unificar el d\u00f3lar y levantar el cepo. Mensaje para Luis Caputo. El que avisa no traiciona. \u00bfO si? En el peor momento econ\u00f3mico del Gobierno y tras el adelanto del presidente Milei, finalmente Nicol\u00e1s Posse dej\u00f3 la jefatura de Gabinete. En [&hellip;]<\/p>\n","protected":false},"author":3,"featured_media":4314,"comment_status":"closed","ping_status":"open","sticky":false,"template":"","format":"standard","meta":{"footnotes":""},"categories":[4,81,39],"tags":[609,514,509,412,410],"class_list":["post-4312","post","type-post","status-publish","format-standard","has-post-thumbnail","hentry","category-economia","category-nacional","category-politica","tag-decreto-70-23","tag-federico-sturzenegger","tag-guillermo-francos","tag-javier-milei","tag-luis-caputo"],"blog_post_layout_featured_media_urls":{"thumbnail":["https:\/\/lavozdisruptiva.com\/wp-content\/uploads\/2024\/05\/Francos-150x150.jpeg",150,150,true],"full":["https:\/\/lavozdisruptiva.com\/wp-content\/uploads\/2024\/05\/Francos.jpeg",1200,675,false]},"categories_names":{"4":{"name":"Econom\u00eda","link":"https:\/\/lavozdisruptiva.com\/index.php\/category\/economia\/"},"81":{"name":"Nacional","link":"https:\/\/lavozdisruptiva.com\/index.php\/category\/nacional\/"},"39":{"name":"Pol\u00edtica","link":"https:\/\/lavozdisruptiva.com\/index.php\/category\/politica\/"}},"tags_names":{"609":{"name":"Decreto 70\/23","link":"https:\/\/lavozdisruptiva.com\/index.php\/tag\/decreto-70-23\/"},"514":{"name":"Federico Sturzenegger","link":"https:\/\/lavozdisruptiva.com\/index.php\/tag\/federico-sturzenegger\/"},"509":{"name":"Guillermo Francos","link":"https:\/\/lavozdisruptiva.com\/index.php\/tag\/guillermo-francos\/"},"412":{"name":"Javier Milei","link":"https:\/\/lavozdisruptiva.com\/index.php\/tag\/javier-milei\/"},"410":{"name":"Luis Caputo","link":"https:\/\/lavozdisruptiva.com\/index.php\/tag\/luis-caputo\/"}},"comments_number":"0","wpmagazine_modules_lite_featured_media_urls":{"thumbnail":["https:\/\/lavozdisruptiva.com\/wp-content\/uploads\/2024\/05\/Francos-150x150.jpeg",150,150,true],"cvmm-medium":["https:\/\/lavozdisruptiva.com\/wp-content\/uploads\/2024\/05\/Francos-300x300.jpeg",300,300,true],"cvmm-medium-plus":["https:\/\/lavozdisruptiva.com\/wp-content\/uploads\/2024\/05\/Francos-305x207.jpeg",305,207,true],"cvmm-portrait":["https:\/\/lavozdisruptiva.com\/wp-content\/uploads\/2024\/05\/Francos-400x600.jpeg",400,600,true],"cvmm-medium-square":["https:\/\/lavozdisruptiva.com\/wp-content\/uploads\/2024\/05\/Francos-600x600.jpeg",600,600,true],"cvmm-large":["https:\/\/lavozdisruptiva.com\/wp-content\/uploads\/2024\/05\/Francos-1024x675.jpeg",1024,675,true],"cvmm-small":["https:\/\/lavozdisruptiva.com\/wp-content\/uploads\/2024\/05\/Francos-130x95.jpeg",130,95,true],"full":["https:\/\/lavozdisruptiva.com\/wp-content\/uploads\/2024\/05\/Francos.jpeg",1200,675,false]},"_links":{"self":[{"href":"https:\/\/lavozdisruptiva.com\/index.php\/wp-json\/wp\/v2\/posts\/4312","targetHints":{"allow":["GET"]}}],"collection":[{"href":"https:\/\/lavozdisruptiva.com\/index.php\/wp-json\/wp\/v2\/posts"}],"about":[{"href":"https:\/\/lavozdisruptiva.com\/index.php\/wp-json\/wp\/v2\/types\/post"}],"author":[{"embeddable":true,"href":"https:\/\/lavozdisruptiva.com\/index.php\/wp-json\/wp\/v2\/users\/3"}],"replies":[{"embeddable":true,"href":"https:\/\/lavozdisruptiva.com\/index.php\/wp-json\/wp\/v2\/comments?post=4312"}],"version-history":[{"count":4,"href":"https:\/\/lavozdisruptiva.com\/index.php\/wp-json\/wp\/v2\/posts\/4312\/revisions"}],"predecessor-version":[{"id":4317,"href":"https:\/\/lavozdisruptiva.com\/index.php\/wp-json\/wp\/v2\/posts\/4312\/revisions\/4317"}],"wp:featuredmedia":[{"embeddable":true,"href":"https:\/\/lavozdisruptiva.com\/index.php\/wp-json\/wp\/v2\/media\/4314"}],"wp:attachment":[{"href":"https:\/\/lavozdisruptiva.com\/index.php\/wp-json\/wp\/v2\/media?parent=4312"}],"wp:term":[{"taxonomy":"category","embeddable":true,"href":"https:\/\/lavozdisruptiva.com\/index.php\/wp-json\/wp\/v2\/categories?post=4312"},{"taxonomy":"post_tag","embeddable":true,"href":"https:\/\/lavozdisruptiva.com\/index.php\/wp-json\/wp\/v2\/tags?post=4312"}],"curies":[{"name":"wp","href":"https:\/\/api.w.org\/{rel}","templated":true}]}}