{"id":4204,"date":"2024-05-20T10:40:04","date_gmt":"2024-05-20T13:40:04","guid":{"rendered":"https:\/\/lavozdisruptiva.com\/?p=4204"},"modified":"2024-05-20T10:40:05","modified_gmt":"2024-05-20T13:40:05","slug":"muere-el-presidente-de-iran-ebrahim-raisi-en-un-accidente-de-helicoptero","status":"publish","type":"post","link":"https:\/\/lavozdisruptiva.com\/index.php\/2024\/05\/20\/muere-el-presidente-de-iran-ebrahim-raisi-en-un-accidente-de-helicoptero\/","title":{"rendered":"Muere el presidente de Ir\u00e1n, Ebrahim Raisi, en un accidente de helic\u00f3ptero"},"content":{"rendered":"\n<p class=\"has-medium-font-size\"><strong>El presidente de Ir\u00e1n, Ebrahim Raisi, muri\u00f3 el domingo en un accidente de helic\u00f3ptero, seg\u00fan informaron medios estatales de ese pa\u00eds.<\/strong><\/p>\n\n\n\n<p class=\"has-medium-font-size\">El ministro de Asuntos Exteriores, Hossein Amir-Abdollahian, tambi\u00e9n falleci\u00f3 en el accidente del domingo, junto con m\u00e1s personas.<\/p>\n\n\n\n<p class=\"has-medium-font-size\">Los equipos de b\u00fasqueda encontraron este lunes el lugar del accidente del helic\u00f3ptero que transportaba a Raisi y la televisi\u00f3n estatal dijo que no hab\u00eda &#8220;<strong>se\u00f1ales de vida<\/strong>&#8220;.<\/p>\n\n\n\n<figure class=\"wp-block-image is-resized\"><img decoding=\"async\" src=\"https:\/\/ichef.bbci.co.uk\/ace\/ws\/640\/cpsprodpb\/c15f\/live\/93a2e260-15ee-11ef-a5f9-c9e97f2e93cf.jpg\" alt=\"Ebrahim Raisi.\" style=\"width:840px;height:auto\"\/><figcaption class=\"wp-element-caption\">Ebrahim Raisi.<\/figcaption><\/figure>\n\n\n\n<p class=\"has-medium-font-size\">La nave sufri\u00f3 un &#8220;<strong>aterrizaje forzoso<\/strong>&#8221; el domingo, seg\u00fan informaron los medios estatales, tras sufrir dificultades en medio de una densa niebla que se registr\u00f3 en el norte del pa\u00eds.<\/p>\n\n\n\n<p class=\"has-medium-font-size\">El presidente Raisi viajaba con el ministro de Asuntos Exteriores iran\u00ed en un convoy de tres helic\u00f3pteros que sobrevolaban la zona.<\/p>\n\n\n\n<p class=\"has-medium-font-size\">El ministro del Interior, Ahmed Vahidi, hab\u00eda dicho que los equipos de rescate ten\u00edan dificultades para llegar al lugar debido a las duras condiciones meteorol\u00f3gicas con espesa niebla.<\/p>\n\n\n\n<p class=\"has-medium-font-size\">Un periodista de la agencia de noticias Fars dijo que la visibilidad en la zona monta\u00f1osa y boscosa era de solo unos cinco metros el domingo.<\/p>\n\n\n\n<p class=\"has-medium-font-size\">El l\u00edder supremo de Ir\u00e1n, el&nbsp;<strong>ayatol\u00e1 Al\u00ed Jamenei<\/strong>, m\u00e1xima autoridad del pa\u00eds, hab\u00eda pedido a los iran\u00edes que recen por Raisi.<\/p>\n\n\n\n<p class=\"has-medium-font-size\">&#8220;<strong>Si el pueblo de Ir\u00e1n mantiene la calma, el pa\u00eds seguir\u00e1 trabajando con normalidad<\/strong>&#8220;, dijo al reclamar tranquilidad.<\/p>\n\n\n\n<p class=\"has-medium-font-size\">Jamenei anunci\u00f3 que habr\u00e1 cinco d\u00edas de duelo y, en su cuenta de X (la red antiguamente conocida como Twitter), confirm\u00f3 que <strong>Mohammad Mokhber ser\u00e1 el presidente interino de Ir\u00e1n<\/strong>, hasta que se elija un nuevo mandatario en los pr\u00f3ximos 50 d\u00edas.<\/p>\n\n\n\n<h2 class=\"wp-block-heading\" id=\"Qu\u00e9-se-sabe\" style=\"font-size:23px\">Qu\u00e9 se sabe<\/h2>\n\n\n\n<ul class=\"has-medium-font-size wp-block-list\">\n<li>La televisi\u00f3n estatal de Ir\u00e1n dijo que los equipos de rescate localizaron el helic\u00f3ptero en el que viajaban el presidente de Ir\u00e1n,\u00a0<strong>Ebrahim Raisi<\/strong>, y el ministro de Exteriores, Hossein Amir-Abdollahian, tras sufrir un accidente, y que no hab\u00eda &#8220;<strong>se\u00f1ales de vida<\/strong>&#8220;.<\/li>\n<\/ul>\n\n\n\n<ul class=\"has-medium-font-size wp-block-list\">\n<li>Los medios estatales informaron que la aeronave -una de las tres del convoy presidencial- tuvo un\u00a0<strong>&#8220;aterrizaje forzoso&#8221;<\/strong>\u00a0tras sufrir dificultades por la\u00a0<strong>espesa niebla<\/strong>\u00a0en el norte del pa\u00eds.<\/li>\n<\/ul>\n\n\n\n<ul class=\"has-medium-font-size wp-block-list\">\n<li>El ministro del Interior, Ahmad Vahidi, dijo que los equipos de rescate hab\u00edan tenido dificultades para llegar al lugar debido a las\u00a0<strong>dif\u00edciles condiciones meteorol\u00f3gicas.<\/strong><\/li>\n<\/ul>\n\n\n\n<ul class=\"has-medium-font-size wp-block-list\">\n<li>Raisi viajaba a la ciudad de Tabriz, en el noroeste del pa\u00eds, tras regresar de un acto\u00a0<strong>en la frontera de Ir\u00e1n con Azerbaiy\u00e1n<\/strong>, seg\u00fan medios locales.<\/li>\n<\/ul>\n\n\n\n<figure class=\"wp-block-image is-resized\"><img decoding=\"async\" src=\"https:\/\/ichef.bbci.co.uk\/ace\/ws\/640\/cpsprodpb\/1991\/live\/cd3fe620-1626-11ef-a5f9-c9e97f2e93cf.png\" alt=\"Helic\u00f3ptero\" style=\"width:840px;height:auto\"\/><figcaption class=\"wp-element-caption\">Momento del despegue del helic\u00f3ptero en el que viajaba Ebrahim Raisi.<\/figcaption><\/figure>\n\n\n\n<figure class=\"wp-block-image is-resized\"><img decoding=\"async\" src=\"https:\/\/ichef.bbci.co.uk\/ace\/ws\/640\/cpsprodpb\/6511\/live\/d6aca7c0-160d-11ef-a5f9-c9e97f2e93cf.png\" alt=\"Equipos de rescate.\" style=\"width:840px;height:auto\"\/><figcaption class=\"wp-element-caption\">La niebla y la lluvia dificultaron las tareas de rescate.<\/figcaption><\/figure>\n\n\n\n<p class=\"has-medium-font-size\">La zona se encuentra a unos 50 km al norte de Tabriz, en el noroeste de Ir\u00e1n.<\/p>\n\n\n\n<p class=\"has-medium-font-size\">Seg\u00fan los medios locales, el presidente Raisi se dirig\u00eda hacia Tabriz tras regresar de la frontera con Azerbaiy\u00e1n, donde inaugur\u00f3 las represas de Qiz Qalasi y Khodaafarin.<\/p>\n\n\n\n<figure class=\"wp-block-image is-resized\"><img decoding=\"async\" src=\"https:\/\/ichef.bbci.co.uk\/ace\/ws\/640\/cpsprodpb\/4ad4\/live\/188d6430-1632-11ef-9b12-1ba8f95c4917.png\" alt=\"Mapa de Ir\u00e1n y las represas Khodaafarin y Qiz Qalasi\" style=\"width:840px;height:auto\"\/><\/figure>\n\n\n\n<p class=\"has-medium-font-size\">Ahmad Alirezabeigi, diputado iran\u00ed por la ciudad de Tabriz, dijo a los medios en Teher\u00e1n que los otros dos helic\u00f3pteros del convoy aterrizaron sin problemas.<\/p>\n\n\n\n<p class=\"has-medium-font-size\">La televisi\u00f3n estatal difundi\u00f3 im\u00e1genes que mostraban a fieles rezando por el presidente en la ciudad santa de Mashhad.<\/p>\n\n\n\n<figure class=\"wp-block-image is-resized\"><img decoding=\"async\" src=\"https:\/\/ichef.bbci.co.uk\/ace\/ws\/640\/cpsprodpb\/5dfb\/live\/8e29ada0-15fd-11ef-976f-87c9f89e656e.jpg\" alt=\"Ebrahim Raisi, a la izquierda\" style=\"width:840px;height:auto\"\/><figcaption class=\"wp-element-caption\">Pie de foto,Ebrahim Raisi (izquierda), junto al presidente de Azerbaiy\u00e1n, Ilham Aliyev, en la inauguraci\u00f3n de la presa Qiz Qalasi. Poco despu\u00e9s del acto se accident\u00f3 el helic\u00f3ptero del president iran\u00ed.<\/figcaption><\/figure>\n\n\n\n<h2 class=\"wp-block-heading\" id=\"Qui\u00e9n-era-Ebrahim-Raisi\" style=\"font-size:23px\">Qui\u00e9n era Ebrahim Raisi<\/h2>\n\n\n\n<p class=\"has-medium-font-size\">El presidente de Ir\u00e1n, de 63 a\u00f1os, era considerado como un cl\u00e9rigo de l\u00ednea dura con posturas pol\u00edticas ultraconservadoras.<\/p>\n\n\n\n<p class=\"has-medium-font-size\">Raisi se convirti\u00f3 en fiscal en Teher\u00e1n con solo 25 a\u00f1os y sigui\u00f3 escalando en la carrera judicial antes de ser nombrado fiscal general de Ir\u00e1n en 2014.<\/p>\n\n\n\n<p class=\"has-medium-font-size\">Sorprendi\u00f3 al postularse a la presidencia del pa\u00eds por primera vez en 2017, cuando sali\u00f3 segundo. En 2019, el ayatol\u00e1 Jamenei lo coloc\u00f3 en la poderosa posici\u00f3n de jefe del sistema judicial.<\/p>\n\n\n\n<p class=\"has-medium-font-size\">En junio de 2021 fue elegido presidente, que es la segunda autoridad del pa\u00eds tras el l\u00edder supremo. El presidente de Ir\u00e1n mantiene un alto perfil p\u00fablico pero su poder est\u00e1 limitado por la Constituci\u00f3n, que subordina el poder Ejecutivo al l\u00edder supremo.<\/p>\n\n\n\n<p class=\"has-medium-font-size\">Ir\u00e1n es una teocracia isl\u00e1mica en la que el l\u00edder supremo ejerce control pol\u00edtico e ideol\u00f3gico en un sistema dominado por cl\u00e9rigos como Raisi, que era visto por muchos como el sucesor de Jamenei, con el que est\u00e1 alineado ideol\u00f3gicamente.<\/p>\n\n\n\n<p class=\"has-medium-font-size\">Muchos iran\u00edes de hecho no tomaban en serio al presidente, hasta tal punto que en las protestas de 2022 no hab\u00eda esl\u00f3ganes contra \u00e9l, sino solo contra Jamenei.<\/p>\n\n\n\n<p class=\"has-medium-font-size\">En el helic\u00f3ptero tambi\u00e9n viajaba el jefe de la diplomacia iran\u00ed,&nbsp;<strong>Hossein Amir-Abdollahian<\/strong>, protagonista de las continuas conversaciones con aliados y rivales desde el inicio en octubre de la guerra de Israel en Gaza.<\/p>\n\n\n\n<p class=\"has-medium-font-size\">Desde que Raisi asumi\u00f3 la presidencia, Abdollahian fue el enviado a negociar para evitar el aislamiento de Ir\u00e1n, sujeto a sanciones internacionales.<\/p>\n\n\n\n<p style=\"font-size:23px\"><strong>\u00bfQu\u00e9 supone esto para Ir\u00e1n?<\/strong><\/p>\n\n\n\n<p style=\"font-size:23px\"><em><strong>An\u00e1lisis de Jiyar Gol, del Servicio Persa de la BBC<\/strong><\/em><\/p>\n\n\n\n<p class=\"has-medium-font-size\">Muchas personas en todo el mundo siguieron con atenci\u00f3n el accidente de helic\u00f3ptero en Ir\u00e1n pregunt\u00e1ndose si habr\u00eda cambios significativos en el pa\u00eds en caso de que Raisi falleciera.<\/p>\n\n\n\n<p class=\"has-medium-font-size\">La respuesta corta es que no cambiar\u00e1 mucho.<\/p>\n\n\n\n<p class=\"has-medium-font-size\">El ayatol\u00e1&nbsp;<strong>Al\u00ed Jamenei<\/strong>, l\u00edder supremo de Ir\u00e1n, expres\u00f3 su esperanza en que Raisi retornara a casa sano y salvo, algo que no sucedi\u00f3, pidi\u00f3 al pueblo iran\u00ed que rezara por el presidente y que no se preocupara porque pase lo que pase el pa\u00eds seguir\u00e1 funcionando.<\/p>\n\n\n\n<p class=\"has-medium-font-size\">A los ojos de los iran\u00edes, es el l\u00edder supremo y la&nbsp;<strong>Guardia Isl\u00e1mica Revolucionaria<\/strong>&nbsp;los que toman las grandes decisiones pol\u00edticas.<\/p>\n\n\n\n<p class=\"has-medium-font-size\">Raisi era uno de los presidentes m\u00e1s conservadores que tuvo nunca Ir\u00e1n y era muy cercano a Jamenei, as\u00ed como uno de los serios candidatos a sucederlo.<\/p>\n\n\n\n<p class=\"has-medium-font-size\">Sin embargo, la inestabilidad podr\u00eda afectar a la econom\u00eda. Tras conocerse la noticia este domingo, la moneda iran\u00ed se desplom\u00f3 ante el d\u00f3lar.<\/p>\n\n\n\n<h2 class=\"wp-block-heading\" id=\"Reacciones\" style=\"font-size:23px\">Reacciones<\/h2>\n\n\n\n<p class=\"has-medium-font-size\">Tras enterarse de la noticia, el presidente ruso,\u00a0<strong>Vladimir Putin<\/strong>, ofreci\u00f3 sus condolencias, y describi\u00f3 a Raisi como un \u201c<strong>verdadero amigo de Rusia\u201d y un \u201cpol\u00edtico destacado\u201d<\/strong>.<\/p>\n\n\n\n<p class=\"has-medium-font-size\">Mientras que el presidente de China,\u00a0<strong>Xi Jinping<\/strong>, se refiri\u00f3 a \u00e9l como un \u201c<strong>buen amigo<\/strong>\u201d del pueblo chino, y a\u00f1adi\u00f3 que su \u201c<strong>tr\u00e1gica muerte<\/strong>\u201d era una \u201c<strong>gran p\u00e9rdida para el pueblo iran<\/strong>\u00ed\u201d, seg\u00fan reporta la agencia Reuters.<\/p>\n\n\n\n<p class=\"has-medium-font-size\">Otros aliados de Ir\u00e1n tambi\u00e9n expresaron sus condolencias, como el presidente de Turqu\u00eda,&nbsp;<strong>Recep Tayyip Erdogan<\/strong>, el recientemente electo primer ministro de Pakist\u00e1n,&nbsp;<strong>Shehbaz Sharif<\/strong>,y el presidente de Venezuela,&nbsp;<strong>Nicol\u00e1s Maduro<\/strong>.<\/p>\n\n\n\n<p class=\"has-medium-font-size\">En su cuenta de X, <strong>Maduro<\/strong> dijo estar consternado por la noticia: \u201c<strong><em>Nos embarga un gran dolor por tener que despedir a una persona ejemplar, un extraordinario l\u00edder del mundo como lo es y ser\u00e1 por siempre nuestro hermano Ebrahim, un excelente ser humano, defensor de la soberan\u00eda de su pueblo y amigo incondicional de nuestro pa\u00eds<\/em><\/strong>\u201d.<\/p>\n\n\n\n<figure class=\"wp-block-image\"><img decoding=\"async\" src=\"https:\/\/ichef.bbci.co.uk\/ace\/ws\/640\/cpsprodpb\/2952\/live\/bbd5e7e0-1699-11ef-9b16-15114b27fe47.jpg\" alt=\"Nicol\u00e1s Maduro \"\/><figcaption class=\"wp-element-caption\">Pie de foto,Maduro describi\u00f3 a Raisi como una &#8220;persona ejemplar&#8221;.<\/figcaption><\/figure>\n\n\n\n<p class=\"has-medium-font-size\">Por el momento no ha habido muchas reacciones de Occidente (ni de Estados Unidos ni de otros l\u00edderes occidentales), pero s\u00ed se ha manifestado la Uni\u00f3n Europea.<\/p>\n\n\n\n<p class=\"has-medium-font-size\">Charles Michel, presidente del Consejo Europeo, dice que la UE expresa sus \u201c<strong><em>sinceras condolencias<\/em><\/strong>\u201d por sus muertes.<\/p>\n\n\n\n<p class=\"has-medium-font-size\">Fuente: BBC News Mundo<\/p>\n","protected":false},"excerpt":{"rendered":"<p>El presidente de Ir\u00e1n, Ebrahim Raisi, muri\u00f3 el domingo en un accidente de helic\u00f3ptero, seg\u00fan informaron medios estatales de ese pa\u00eds. El ministro de Asuntos Exteriores, Hossein Amir-Abdollahian, tambi\u00e9n falleci\u00f3 en el accidente del domingo, junto con m\u00e1s personas. Los equipos de b\u00fasqueda encontraron este lunes el lugar del accidente del helic\u00f3ptero que transportaba a [&hellip;]<\/p>\n","protected":false},"author":3,"featured_media":4206,"comment_status":"closed","ping_status":"open","sticky":false,"template":"","format":"standard","meta":{"footnotes":""},"categories":[47,6,39],"tags":[701,703,656,702,143],"class_list":["post-4204","post","type-post","status-publish","format-standard","has-post-thumbnail","hentry","category-internacional","category-noticias","category-politica","tag-ebrahim-raisi","tag-erdogan","tag-iran","tag-maduro","tag-putin"],"blog_post_layout_featured_media_urls":{"thumbnail":["https:\/\/lavozdisruptiva.com\/wp-content\/uploads\/2024\/05\/Raisi-150x150.jpeg",150,150,true],"full":["https:\/\/lavozdisruptiva.com\/wp-content\/uploads\/2024\/05\/Raisi.jpeg",1280,854,false]},"categories_names":{"47":{"name":"Internacional","link":"https:\/\/lavozdisruptiva.com\/index.php\/category\/internacional\/"},"6":{"name":"Noticias","link":"https:\/\/lavozdisruptiva.com\/index.php\/category\/noticias\/"},"39":{"name":"Pol\u00edtica","link":"https:\/\/lavozdisruptiva.com\/index.php\/category\/politica\/"}},"tags_names":{"701":{"name":"Ebrahim Raisi","link":"https:\/\/lavozdisruptiva.com\/index.php\/tag\/ebrahim-raisi\/"},"703":{"name":"Erdogan","link":"https:\/\/lavozdisruptiva.com\/index.php\/tag\/erdogan\/"},"656":{"name":"Ir\u00e1n","link":"https:\/\/lavozdisruptiva.com\/index.php\/tag\/iran\/"},"702":{"name":"Maduro","link":"https:\/\/lavozdisruptiva.com\/index.php\/tag\/maduro\/"},"143":{"name":"Putin","link":"https:\/\/lavozdisruptiva.com\/index.php\/tag\/putin\/"}},"comments_number":"0","wpmagazine_modules_lite_featured_media_urls":{"thumbnail":["https:\/\/lavozdisruptiva.com\/wp-content\/uploads\/2024\/05\/Raisi-150x150.jpeg",150,150,true],"cvmm-medium":["https:\/\/lavozdisruptiva.com\/wp-content\/uploads\/2024\/05\/Raisi-300x300.jpeg",300,300,true],"cvmm-medium-plus":["https:\/\/lavozdisruptiva.com\/wp-content\/uploads\/2024\/05\/Raisi-305x207.jpeg",305,207,true],"cvmm-portrait":["https:\/\/lavozdisruptiva.com\/wp-content\/uploads\/2024\/05\/Raisi-400x600.jpeg",400,600,true],"cvmm-medium-square":["https:\/\/lavozdisruptiva.com\/wp-content\/uploads\/2024\/05\/Raisi-600x600.jpeg",600,600,true],"cvmm-large":["https:\/\/lavozdisruptiva.com\/wp-content\/uploads\/2024\/05\/Raisi-1024x854.jpeg",1024,854,true],"cvmm-small":["https:\/\/lavozdisruptiva.com\/wp-content\/uploads\/2024\/05\/Raisi-130x95.jpeg",130,95,true],"full":["https:\/\/lavozdisruptiva.com\/wp-content\/uploads\/2024\/05\/Raisi.jpeg",1280,854,false]},"_links":{"self":[{"href":"https:\/\/lavozdisruptiva.com\/index.php\/wp-json\/wp\/v2\/posts\/4204","targetHints":{"allow":["GET"]}}],"collection":[{"href":"https:\/\/lavozdisruptiva.com\/index.php\/wp-json\/wp\/v2\/posts"}],"about":[{"href":"https:\/\/lavozdisruptiva.com\/index.php\/wp-json\/wp\/v2\/types\/post"}],"author":[{"embeddable":true,"href":"https:\/\/lavozdisruptiva.com\/index.php\/wp-json\/wp\/v2\/users\/3"}],"replies":[{"embeddable":true,"href":"https:\/\/lavozdisruptiva.com\/index.php\/wp-json\/wp\/v2\/comments?post=4204"}],"version-history":[{"count":2,"href":"https:\/\/lavozdisruptiva.com\/index.php\/wp-json\/wp\/v2\/posts\/4204\/revisions"}],"predecessor-version":[{"id":4207,"href":"https:\/\/lavozdisruptiva.com\/index.php\/wp-json\/wp\/v2\/posts\/4204\/revisions\/4207"}],"wp:featuredmedia":[{"embeddable":true,"href":"https:\/\/lavozdisruptiva.com\/index.php\/wp-json\/wp\/v2\/media\/4206"}],"wp:attachment":[{"href":"https:\/\/lavozdisruptiva.com\/index.php\/wp-json\/wp\/v2\/media?parent=4204"}],"wp:term":[{"taxonomy":"category","embeddable":true,"href":"https:\/\/lavozdisruptiva.com\/index.php\/wp-json\/wp\/v2\/categories?post=4204"},{"taxonomy":"post_tag","embeddable":true,"href":"https:\/\/lavozdisruptiva.com\/index.php\/wp-json\/wp\/v2\/tags?post=4204"}],"curies":[{"name":"wp","href":"https:\/\/api.w.org\/{rel}","templated":true}]}}