{"id":4163,"date":"2024-05-16T10:57:46","date_gmt":"2024-05-16T13:57:46","guid":{"rendered":"https:\/\/lavozdisruptiva.com\/?p=4163"},"modified":"2024-05-16T10:57:46","modified_gmt":"2024-05-16T13:57:46","slug":"javier-milei-explico-a-empresarios-como-salir-del-cepo-fortalecer-el-peso-y-cerrar-el-bcra","status":"publish","type":"post","link":"https:\/\/lavozdisruptiva.com\/index.php\/2024\/05\/16\/javier-milei-explico-a-empresarios-como-salir-del-cepo-fortalecer-el-peso-y-cerrar-el-bcra\/","title":{"rendered":"Javier Milei explic\u00f3 a empresarios c\u00f3mo salir del cepo, fortalecer el peso y cerrar el BCRA"},"content":{"rendered":"\n<h2 class=\"wp-block-heading has-medium-font-size\">El presidente Javier Milei expuso en el Consejo Interamericano de Comercio y Producci\u00f3n (CICyP), donde descart\u00f3 de plano que el d\u00f3lar est\u00e9 atrasado.<\/h2>\n\n\n\n<p class=\"has-medium-font-size\"><strong>&#8220;<em>Se cerrar\u00e1n todos los grifos de la emisi\u00f3n monetaria<\/em>&#8220;,\u00a0<\/strong>fue el mensaje central que dej\u00f3 el discurso que el presidente Javier Milei ofreci\u00f3 este mi\u00e9rcoles en el Consejo Interamericano de Comercio y Producci\u00f3n (CICyP)<a href=\"https:\/\/www.ambito.com\/economia\/javier-milei-el-atraso-cambiario-es-una-hipotesis-equivocada-n5998846\" target=\"_blank\" rel=\"noreferrer noopener\">.<\/a><\/p>\n\n\n\n<p class=\"has-medium-font-size\"><strong>El mandatario descart\u00f3 de plano la existencia de atraso del d\u00f3lar<\/strong>. Se\u00f1al\u00f3 que el problema no est\u00e1 en el tipo de cambio, sino \u201c<strong><em>en 100 a\u00f1os de populismo<\/em><\/strong>\u201d y consider\u00f3 que querer corregirlo\u00a0<strong>devaluando aumentar\u00eda el n\u00famero de pobres e indigentes, sin resolver el problema.<\/strong><\/p>\n\n\n\n<figure class=\"wp-block-image is-resized\"><img decoding=\"async\" src=\"https:\/\/media.ambito.com\/p\/ef44c3ac004d088e02c01b76a4f2dedd\/adjuntos\/239\/imagenes\/041\/512\/0041512378\/javier-milei-cycipjpg.jpg\" alt=\"Javier milei ante empresarios en el CICyP.&nbsp;\" style=\"width:838px;height:auto\"\/><figcaption class=\"wp-element-caption\">Javier Milei ante empresarios en el CICyP.\u00a0<\/figcaption><\/figure>\n\n\n\n<p class=\"has-medium-font-size\">A su juicio, la soluci\u00f3n pasa por la instrumentaci\u00f3n de&nbsp;<strong>reformas estructurales<\/strong>&nbsp;que son las que impulsa mediante el Decreto de Necesidad y Urgencia 70 y la ley bases. Es decir, se crece con productividad, en este punto, la responsabilidad es compartida tambi\u00e9n por el sector empresario.<\/p>\n\n\n\n<p class=\"has-medium-font-size\">Respecto del Cepo, una restricci\u00f3n que pesa a los empresarios, Milei dio ciertas precisiones: \u201c<strong><em>est\u00e1 en nuestros planes abrirlo lo antes posible, pero tardamos porque lo hacemos a mercado, no lo hacemos de prepo, por la fuerza. Esa es una caracter\u00edstica de este gobierno, que respeta a rajatabla la PROPIEDAD PRIVADA<\/em>\u201d<\/strong><\/p>\n\n\n\n<h2 class=\"wp-block-heading has-medium-font-size\"><strong>Cerrar el grifo<\/strong> de la emisi\u00f3n monetaria<\/h2>\n\n\n\n<p class=\"has-medium-font-size\">En lo medular, el discurso del presidente plantea su\u00a0<strong>decisi\u00f3n de terminar con la emisi\u00f3n monetaria<\/strong>. Para que no quede duda alguna de esta decisi\u00f3n lo grafico de la siguiente manera: &#8220;<strong><em>A Toto lo voy a llamar &#8216;chanchito de yeso&#8217;: para sacarle un mango hay que romperlo todo, lo cual lo avalo. Es un irrompible. Si alguien lo quiere romper, antes me tiene que romper a m\u00ed, porque no voy a entregar el resultado fiscal<\/em>&#8220;<\/strong>, dijo Milei ante los empresarios del CICyP.<\/p>\n\n\n\n<p class=\"has-medium-font-size\">Lo importante desde el punto de vista del programa econ\u00f3mico es que el presidente se\u00f1al\u00f3 que est\u00e1 buscando terminar&nbsp;<strong>con todas las fuentes de emisi\u00f3n<\/strong>. Desde el punto de vista fiscal lo logr\u00f3 con un ajuste sin precedentes en el mundo, seg\u00fan se\u00f1al\u00f3.<\/p>\n\n\n\n<p class=\"has-medium-font-size\">Reiter\u00f3 que la intenci\u00f3n es reducir&nbsp;<strong>a 25% del PIB el gasto p\u00fablico para devolver impuestos al sector privado&nbsp;<\/strong>y, en este sentido, anticip\u00f3 que un posible esquema podr\u00eda ser&nbsp;<strong>primero: eliminar el impuesto pa\u00eds, luego las retenciones y despu\u00e9s los grav\u00e1menes sobre los cr\u00e9ditos y d\u00e9bitos bancarios<\/strong>. Y se\u00f1al\u00f3 como la principal muestra del compromiso de su gobierno con esta pol\u00edtica&nbsp;<strong>de reducci\u00f3n de impuestos la negativa a que fuera coparticipables con las provincias.&nbsp;<\/strong>Y, la raz\u00f3n es que si se coparticipan, ser\u00eda mucho m\u00e1s dif\u00edcil eliminarlos.<\/p>\n\n\n\n<h2 class=\"wp-block-heading has-medium-font-size\"><strong>Cepo<\/strong> y los &#8220;Puts&#8221;<\/h2>\n\n\n\n<p class=\"has-medium-font-size\">Al mismo tiempo, y tras defender la pol\u00edtica de tasas de inter\u00e9s negativas, sostuvo &#8220;<strong><em>que\u00a0se est\u00e1 terminado el problema de los pases y est\u00e1n arreglando el problema de los puts del Banco Central (opciones de compra de t\u00edtulos por parte de la autoridad monetaria). Y en el plano cambiario, precis\u00f3 que se est\u00e1 tratando de \u201ccalzar\u201d el flujo de fondos de divisas con la demanda (pagos de importaciones y utilidades de las empresas retenidas)<\/em>&#8220;.<\/strong><\/p>\n\n\n\n<p class=\"has-medium-font-size\">En la medida que se van resolviendo estos problemas, el Presidente consider\u00f3 que se est\u00e1\u00a0<strong>\u201c<em>muy cerca<\/em>\u201d de abrir el cepo<\/strong>.<\/p>\n\n\n\n<p class=\"has-medium-font-size\">El objetivo \u00faltimo, precis\u00f3 Milei, es que, cerrado el d\u00e9ficit fiscal, limpiados los activos remunerados y los puts del Banco Central que generan emisi\u00f3n end\u00f3gena y resuelto el problema de los pagos pendientes al exterior,&nbsp;<strong>la decisi\u00f3n del Gobierno ser\u00e1 no emitir, ni siquiera por los ingresos de divisas.<\/strong><\/p>\n\n\n\n<p class=\"has-medium-font-size\">De esta forma,\u00a0<strong>la no emisi\u00f3n ser\u00e1 \u201c<em>el ancla nominal<\/em>\u201d de la econom\u00eda.<\/strong>\u00a0Y en la medida en que se espera que la actividad se expanda, la decisi\u00f3n de no emitir pesos llevar\u00e1 -anticip\u00f3- al\u00a0<strong>fortalecimiento de la moneda<\/strong>. Al respecto, reiter\u00f3 que se propondr\u00e1 que\u00a0<strong>vayan presos<\/strong>\u00a0los funcionarios que emitan dinero.<\/p>\n\n\n\n<p class=\"has-medium-font-size\">Al mismo tiempo, la visi\u00f3n del presidente es que en la medida que se reduzca la cantidad de pesos en la econom\u00eda,\u00a0<strong>comenzar\u00e1n a circular otras divisas<\/strong>, en lo que se ha dado en llamar la competencia de monedas (d\u00f3lares, euros, etc\u00e9tera). Este camino conduce, seg\u00fan la hoja de ruta de Milei al\u00a0<strong>cierre del Banco Central<\/strong>, evitando de esta forma que los pol\u00edticos puedan seguir \u201c<strong><em>robando<\/em><\/strong>\u201d a la gente.<\/p>\n\n\n\n<p class=\"has-medium-font-size\">Como economista que es Milei critic\u00f3 nuevamente a sus colegas por hacer \u201c<strong><em>an\u00e1lisis berretas<\/em><\/strong>\u201d y los calific\u00f3 de ser \u201c<strong><em>unos chantas<\/em><\/strong>\u201d.<\/p>\n\n\n\n<h2 class=\"wp-block-heading has-medium-font-size\"><strong>Backstage<\/strong><\/h2>\n\n\n\n<p class=\"has-medium-font-size\">En su primera visita al CICyP ya en su car\u00e1cter de Presidente, el Hotel Alvear quedo chico por el inter\u00e9s empresario de asistir. Se pudo ver a casi todos los due\u00f1os o altos directivos de empresas.<\/p>\n\n\n\n<p class=\"has-medium-font-size\">El presidente llego acompa\u00f1ado por su hermana, Karina y varios de sus ministros, de Seguridad,&nbsp;<strong>Patricia Bulrrich, de Defensa, Luis Petri, de Econom\u00eda, Luis Caputo; el titular del BCRA, Santiago Bausili, el secretario de Finanzas, Pablo Quirno,&nbsp;<\/strong>ambos funcionarios fueron destacados en el discurso presidencial.<\/p>\n\n\n\n<p class=\"has-medium-font-size\">Cuando concluy\u00f3 su exposici\u00f3n, el mandatario salud\u00f3 a varios de los presentes, y al igual que hizo en ocasi\u00f3n del evento organizado por la Fundaci\u00f3n Libertad, se retir\u00f3 sin almorzar.<\/p>\n\n\n\n<p class=\"has-medium-font-size\">\u201c<strong><em>Le creo\u201d, \u201cle creemos\u201d<\/em><\/strong>, era uno de los comentarios m\u00e1s escuchados. Hoy la mayor\u00eda de los hombres de negocios est\u00e1n convencidos de que Milei llevar\u00e1 adelante lo que se propone. Que buscar\u00e1 desterrar la inflaci\u00f3n, bajar impuestos y dar el marco necesario para el desarrollo de la actividad privada.<\/p>\n\n\n\n<p class=\"has-medium-font-size\"><strong>\u201c<em>Est\u00e1 decidido a llevar adelante su plan econ\u00f3mico al igual que Caputo<\/em>\u201d,<\/strong>\u00a0resumen y destacan que se los nota a ambos comprometidos con esta tarea. \u201c<strong><em>Quiz\u00e1s por ser Milei un outsider de la pol\u00edtica y su ministro de Econom\u00eda tambi\u00e9n, es lo que los lleva a no competir y a no dudar cuando se deben tomar medidas duras<\/em><\/strong>\u201d, resum\u00eda un importante empresario del sector industrial.<\/p>\n\n\n\n<p class=\"has-medium-font-size\"><strong>\u00bfEsto significa que vendr\u00e1n inversiones?<\/strong>&nbsp;No hasta tanto no se aprueben las leyes que den certeza y estabilidad. En este sentido, los empresarios apuestan a que se apruebe el RIGI como asimismo contar con la ley Bases.<\/p>\n\n\n\n<p class=\"has-medium-font-size\">Estos reparos, de todas maneras, no significan que no valoran a este Gobierno.\u00a0<strong>\u201c<em>Hay que apoyarlo es el \u00fanico camino posible para salir del estancamiento<\/em>\u201d,<\/strong>\u00a0sintetizan.<\/p>\n\n\n\n<p class=\"has-medium-font-size\">Entre los numerosos invitados se pudo ver a\u00a0<strong>Adelmo Gabi,\u00a0<\/strong>presidente de la Bolsa de Comercio<strong>, Alejandro Bulgheroni y Bettina Bulgheroni, Luis Miguel Etchevehere; Gabriel Martino; el embajador de Uruguay, Carlos Enciso Christiansen; Marcelo Figueiras ( Richmond)<\/strong><strong>;\u00a0<\/strong><strong>Guillermo Dietrich, Daniel Novegil, (Vice Chairman de Ternium);\u00a0<\/strong><strong>Mario Montoto, (Fundaci\u00f3n TAEDA);\u00a0<\/strong><strong>Amador S\u00e1nchez Rico, embajador de la Uni\u00f3n Europea en Argentina;\u00a0<\/strong><strong>Adri\u00e1n Werthein; Juan N\u00e1poli, (Banco de Valores);\u00a0<\/strong><strong>Cristiano Rattazzi;\u00a0<\/strong><strong>Alfredo Gusman (Celusal)\u00a0<\/strong><strong>Julio C\u00e9sar Crivelli, (Camargo), Natalio Grinman, (C\u00e1mara Argentina de Comercio y Servicios);\u00a0<\/strong><strong>Nicol\u00e1s Pino, (Sociedad Rural Argentina);\u00a0<\/strong><strong>Gustavo Weiss, (Camarco), Daniel Funes de Rioja, UIA, David Uriburu<\/strong>, entre otros.<\/p>\n\n\n\n<p class=\"has-medium-font-size\">Fuente: \u00c1mbito\/medios digitales<\/p>\n","protected":false},"excerpt":{"rendered":"<p>El presidente Javier Milei expuso en el Consejo Interamericano de Comercio y Producci\u00f3n (CICyP), donde descart\u00f3 de plano que el d\u00f3lar est\u00e9 atrasado. &#8220;Se cerrar\u00e1n todos los grifos de la emisi\u00f3n monetaria&#8220;,\u00a0fue el mensaje central que dej\u00f3 el discurso que el presidente Javier Milei ofreci\u00f3 este mi\u00e9rcoles en el Consejo Interamericano de Comercio y Producci\u00f3n [&hellip;]<\/p>\n","protected":false},"author":3,"featured_media":4165,"comment_status":"closed","ping_status":"open","sticky":false,"template":"","format":"standard","meta":{"footnotes":""},"categories":[4,81,39],"tags":[692,412],"class_list":["post-4163","post","type-post","status-publish","format-standard","has-post-thumbnail","hentry","category-economia","category-nacional","category-politica","tag-cicyp","tag-javier-milei"],"blog_post_layout_featured_media_urls":{"thumbnail":["https:\/\/lavozdisruptiva.com\/wp-content\/uploads\/2024\/05\/Milei-2-150x150.webp",150,150,true],"full":["https:\/\/lavozdisruptiva.com\/wp-content\/uploads\/2024\/05\/Milei-2.webp",1280,720,false]},"categories_names":{"4":{"name":"Econom\u00eda","link":"https:\/\/lavozdisruptiva.com\/index.php\/category\/economia\/"},"81":{"name":"Nacional","link":"https:\/\/lavozdisruptiva.com\/index.php\/category\/nacional\/"},"39":{"name":"Pol\u00edtica","link":"https:\/\/lavozdisruptiva.com\/index.php\/category\/politica\/"}},"tags_names":{"692":{"name":"CICyP","link":"https:\/\/lavozdisruptiva.com\/index.php\/tag\/cicyp\/"},"412":{"name":"Javier Milei","link":"https:\/\/lavozdisruptiva.com\/index.php\/tag\/javier-milei\/"}},"comments_number":"0","wpmagazine_modules_lite_featured_media_urls":{"thumbnail":["https:\/\/lavozdisruptiva.com\/wp-content\/uploads\/2024\/05\/Milei-2-150x150.webp",150,150,true],"cvmm-medium":["https:\/\/lavozdisruptiva.com\/wp-content\/uploads\/2024\/05\/Milei-2-300x300.webp",300,300,true],"cvmm-medium-plus":["https:\/\/lavozdisruptiva.com\/wp-content\/uploads\/2024\/05\/Milei-2-305x207.webp",305,207,true],"cvmm-portrait":["https:\/\/lavozdisruptiva.com\/wp-content\/uploads\/2024\/05\/Milei-2-400x600.webp",400,600,true],"cvmm-medium-square":["https:\/\/lavozdisruptiva.com\/wp-content\/uploads\/2024\/05\/Milei-2-600x600.webp",600,600,true],"cvmm-large":["https:\/\/lavozdisruptiva.com\/wp-content\/uploads\/2024\/05\/Milei-2-1024x720.webp",1024,720,true],"cvmm-small":["https:\/\/lavozdisruptiva.com\/wp-content\/uploads\/2024\/05\/Milei-2-130x95.webp",130,95,true],"full":["https:\/\/lavozdisruptiva.com\/wp-content\/uploads\/2024\/05\/Milei-2.webp",1280,720,false]},"_links":{"self":[{"href":"https:\/\/lavozdisruptiva.com\/index.php\/wp-json\/wp\/v2\/posts\/4163","targetHints":{"allow":["GET"]}}],"collection":[{"href":"https:\/\/lavozdisruptiva.com\/index.php\/wp-json\/wp\/v2\/posts"}],"about":[{"href":"https:\/\/lavozdisruptiva.com\/index.php\/wp-json\/wp\/v2\/types\/post"}],"author":[{"embeddable":true,"href":"https:\/\/lavozdisruptiva.com\/index.php\/wp-json\/wp\/v2\/users\/3"}],"replies":[{"embeddable":true,"href":"https:\/\/lavozdisruptiva.com\/index.php\/wp-json\/wp\/v2\/comments?post=4163"}],"version-history":[{"count":3,"href":"https:\/\/lavozdisruptiva.com\/index.php\/wp-json\/wp\/v2\/posts\/4163\/revisions"}],"predecessor-version":[{"id":4167,"href":"https:\/\/lavozdisruptiva.com\/index.php\/wp-json\/wp\/v2\/posts\/4163\/revisions\/4167"}],"wp:featuredmedia":[{"embeddable":true,"href":"https:\/\/lavozdisruptiva.com\/index.php\/wp-json\/wp\/v2\/media\/4165"}],"wp:attachment":[{"href":"https:\/\/lavozdisruptiva.com\/index.php\/wp-json\/wp\/v2\/media?parent=4163"}],"wp:term":[{"taxonomy":"category","embeddable":true,"href":"https:\/\/lavozdisruptiva.com\/index.php\/wp-json\/wp\/v2\/categories?post=4163"},{"taxonomy":"post_tag","embeddable":true,"href":"https:\/\/lavozdisruptiva.com\/index.php\/wp-json\/wp\/v2\/tags?post=4163"}],"curies":[{"name":"wp","href":"https:\/\/api.w.org\/{rel}","templated":true}]}}