{"id":3882,"date":"2024-04-09T19:00:19","date_gmt":"2024-04-09T22:00:19","guid":{"rendered":"https:\/\/lavozdisruptiva.com\/?p=3882"},"modified":"2025-09-26T09:10:30","modified_gmt":"2025-09-26T12:10:30","slug":"crisis-del-te-la-cosecha-finalizara-un-mes-y-medio-antes","status":"publish","type":"post","link":"https:\/\/lavozdisruptiva.com\/index.php\/2024\/04\/09\/crisis-del-te-la-cosecha-finalizara-un-mes-y-medio-antes\/","title":{"rendered":"Crisis del t\u00e9: La cosecha finalizar\u00e1 un mes y medio antes."},"content":{"rendered":"\n<h2 class=\"wp-block-heading has-medium-font-size\">Productores dejaron un 40% de la producci\u00f3n en planta porque los secaderos compraron menos hoja verde. La industria denuncia una ca\u00edda de ventas al exterior. \u00bfSe pierde la producci\u00f3n de t\u00e9?<a href=\"https:\/\/www.primeraedicion.com.ar\/wp-content\/uploads\/2023\/09\/tealero.jpg\"><\/a><\/h2>\n\n\n\n<p class=\"has-medium-font-size\">La industria tealera atraviesa un momento cr\u00edtico  desde su llegada a Misiones, hace poco m\u00e1s de cien a\u00f1os. Ca\u00edda de mercados y una producci\u00f3n acrecentada por las lluvias llevaron a terminar el per\u00edodo de zafra un mes y medio antes de lo habitual. Situaciones nada nuevas, ya las tratamos en notas anteriores ver: <a href=\"https:\/\/lavozdisruptiva.com\/index.php\/2024\/01\/16\/crisis-del-te-nuestros-compradores-buscaron-otros-mercados-mas-baratos\/\">https:\/\/lavozdisruptiva.com\/index.php\/2024\/01\/16\/crisis-del-te-nuestros-compradores-buscaron-otros-mercados-mas-baratos\/<\/a><\/p>\n\n\n\n<p class=\"has-medium-font-size\">Y : <a href=\"https:\/\/lavozdisruptiva.com\/index.php\/2024\/01\/18\/crisis-del-te-reunion-de-productores-con-el-ministro-sartori-con-sabor-a-nada\/\">https:\/\/lavozdisruptiva.com\/index.php\/2024\/01\/18\/crisis-del-te-reunion-de-productores-con-el-ministro-sartori-con-sabor-a-nada\/<\/a><\/p>\n\n\n\n<figure class=\"wp-block-image size-full is-resized\"><img loading=\"lazy\" decoding=\"async\" width=\"1024\" height=\"768\" src=\"https:\/\/lavozdisruptiva.com\/wp-content\/uploads\/2024\/04\/Cosecha-de-te.jpeg\" alt=\"\" class=\"wp-image-3884\" style=\"width:840px;height:auto\" srcset=\"https:\/\/lavozdisruptiva.com\/wp-content\/uploads\/2024\/04\/Cosecha-de-te.jpeg 1024w, https:\/\/lavozdisruptiva.com\/wp-content\/uploads\/2024\/04\/Cosecha-de-te-300x225.jpeg 300w, https:\/\/lavozdisruptiva.com\/wp-content\/uploads\/2024\/04\/Cosecha-de-te-768x576.jpeg 768w, https:\/\/lavozdisruptiva.com\/wp-content\/uploads\/2024\/04\/Cosecha-de-te-136x102.jpeg 136w\" sizes=\"auto, (max-width: 1024px) 100vw, 1024px\" \/><\/figure>\n\n\n\n<p class=\"has-medium-font-size\">El sector cuenta con dos realidades muy diferentes que reciben el impacto de esta crisis cada una a su manera. Mientras los peque\u00f1os productores no consiguen vender su cosecha, la industria tuvo una&nbsp;<strong>significativa ca\u00edda de ventas<\/strong>&nbsp;que, seg\u00fan explicaron, sucedi\u00f3 por diferentes factores.<\/p>\n\n\n\n<p class=\"has-medium-font-size\">Seg\u00fan explicaron desde el sector, alrededor de 60 secaderos funcionaban al principio de la zafra y especulan que la pr\u00f3xima semana terminen de operar los \u00faltimos diez que todav\u00eda compraban hoja verde para procesar.<\/p>\n\n\n\n<p class=\"has-medium-font-size\">\u201c<strong><em>La verdad es que es muy grave la situaci\u00f3n y no se ven caminos para mejorar<\/em><\/strong>\u201d, se\u00f1al\u00f3 el productor y dirigente de la zona centro de la provincia,<strong>&nbsp;Cristian Klingbeil<\/strong>.<\/p>\n\n\n\n<p class=\"has-medium-font-size\">\u201c<strong><em>Ac\u00e1 en la zona est\u00e1n quedando tres secaderos que est\u00e1n recibiendo de peque\u00f1os productores, despu\u00e9s est\u00e1n los grandes que si &#8220;laburan&#8221;, lo hacen con t\u00e9 propio desde hace rato, como ser Urrutia, Don Basilio, est\u00e1n <\/em><\/strong>&#8220;<strong><em>laburando&#8221; pr\u00e1cticamente solo con producci\u00f3n propia\u201d<\/em><\/strong>, agreg\u00f3.<\/p>\n\n\n\n<p class=\"has-medium-font-size\">Klingbeil se\u00f1al\u00f3 adem\u00e1s que, estos pocos que todav\u00eda funcionan, reciben la hoja verde&nbsp;<strong>\u201c<em>a cuenta gotas\u201d<\/em><\/strong>, para recibir un poco de cada productor. \u201c<strong><em>Hay productores que pueden tener cinco o seis cargas y les est\u00e1n recibiendo dos, para cosechar un porcentaje nom\u00e1s de su t\u00e9<\/em><\/strong>\u201d.<\/p>\n\n\n\n<p class=\"has-medium-font-size\">Asimismo, advirti\u00f3 que, &#8220;<strong><em>desde el municipio de San Vicente, hacia el norte de la provincia, como as\u00ed tambi\u00e9n a lo largo de la ruta nacional 12,&nbsp;ya no hay casi industrias recibiendo t\u00e9 de los peque\u00f1os productores<\/em><\/strong>&#8220;. \u201c<strong><em>Si hay alguno que trabaja, es uno que lo hace con su propio t\u00e9, despu\u00e9s la cooperativa de Ruiz de Montoya tambi\u00e9n creo que est\u00e1 parada ya hace un buen tiempo<\/em><\/strong>\u201d.<\/p>\n\n\n\n<p class=\"has-medium-font-size\">El productor explic\u00f3 que tambi\u00e9n hay secaderos que reciben el producto pero<strong>&nbsp;sin precio, ni fecha de pago<\/strong>. \u201c<strong><em>O sea, ellos reciben el t\u00e9, elaboran y cuando ellos logran vender, te pagan al precio que puedan pagar. Ah\u00ed hay algunos que cosechan, arriesgan y otros que dejan su producci\u00f3n en planta nom\u00e1s, porque lo que m\u00e1s se ve son las plantaciones que quedaron a mitad de camino<\/em><\/strong>\u201d, indic\u00f3.<\/p>\n\n\n\n<p class=\"has-medium-font-size\">No obstante, a pesar de todas estas posibilidades, el panorama no es el mejor. Debido a las continuas lluvias, las plantaciones crecieron en mejores condiciones y mayor volumen que en las zafras anteriores, pero esa \u201cbonanza\u201d, no se tradujo a los n\u00fameros finales.<\/p>\n\n\n\n<p style=\"font-size:24px\"><strong>Con una merma importante en la compra, por parte de la industria, un 40% de la producci\u00f3n qued\u00f3 en planta, sin cosecharse.<\/strong><\/p>\n\n\n\n<p class=\"has-medium-font-size\">\u201c<strong><em>Lamentablemente la&nbsp;demora en las exportaciones&nbsp;y la&nbsp;falta de secaderos, problemas puntuales c\u00f3mo la falta de chip y en su momento&nbsp;muchos cortes de luz&nbsp;por las tormentas y todas esas cuestiones hicieron que las plantaciones queden a mitad de camino con una inversi\u00f3n muy grande con todo el trabajo de encallerado, la poda, la aplicaci\u00f3n de herbicidas para controlar la maleza y fertilizantes<\/em><\/strong>\u201d, se\u00f1al\u00f3 Klingbeil quien estima har\u00e1 que muchos productores no cuenten con recursos para encarar la siguiente cosecha.<\/p>\n\n\n\n<p class=\"has-medium-font-size\">\u201c<strong><em>De antemano sabemos que alguna ayuda va a ser dif\u00edcil que se consiga, como las veces anteriores que consegu\u00edamos el fertilizante subsidiado, ahora la posibilidad es nula<\/em><\/strong>\u201d, apunt\u00f3.<\/p>\n\n\n\n<h3 class=\"wp-block-heading\" style=\"font-size:24px\">Una industria a la espera<\/h3>\n\n\n\n<p class=\"has-medium-font-size\">Desde el sector industrial atribuyen esta crisis a diversas cuestiones, algunas referidas a un mercado internacional que espera con incertidumbre lo que suceder\u00e1 con la Ley de Promoci\u00f3n de Bioinsumos, adem\u00e1s de una&nbsp;<strong>ca\u00edda global del consumo, sobreproducci\u00f3n de materia prima y un incremento en todos los costos operativos<\/strong>, en los que incluyen la dificultad para adquirir chips de madera.<\/p>\n\n\n\n<p class=\"has-medium-font-size\">\u201c<strong><em>S\u00ed es verdad que, este a\u00f1o, hubo una merma en la compra de t\u00e9 de afuera que se puede deber a dos cosas, una a que haya bajado el mercado y el consumo, eso puede ser una de las posibilidades, y la otra puede ser que los habituales compradores saben que, a partir del a\u00f1o que viene no se puede usar m\u00e1s glifosato y eso les genere dudas<\/em><\/strong>\u201d, explic\u00f3 el empresario<strong>&nbsp;Enrique Urrutia<\/strong>, referente del sector industrial a este matutino.<\/p>\n\n\n\n<p class=\"has-medium-font-size\">\u201c<strong><em>Nosotros el t\u00e9 que vendemos en noviembre o diciembre del 2023, terminamos de cargar en enero y febrero del 2024. Quiere decir que, lo que yo produje, lo que vend\u00ed en noviembre y diciembre de este a\u00f1o que pas\u00f3, lo voy a terminar de entregar los primeros meses del 2025<\/em><\/strong>\u201d, se\u00f1al\u00f3 y agreg\u00f3 que eso abre la posibilidad de que los clientes opten por, en lugar de comprar por doce meses, lo hagan por seis, por no poder garantizarle una continuidad del mismo producto.<\/p>\n\n\n\n<p class=\"has-medium-font-size\">Por tal motivo, solicitaron nuevamente al Gobierno provincial que se expida al respecto y les brinde una soluci\u00f3n a esta problem\u00e1tica.<\/p>\n\n\n\n<p class=\"has-medium-font-size\">\u201c<strong><em>Cada d\u00eda que pasa le estamos haciendo pensar m\u00e1s a las empresas como para ver si van a seguir comprando o no, si compran menos, eso repercute directamente en nuestras ventas<\/em><\/strong>\u201d, se\u00f1al\u00f3 el empresario tealero.<\/p>\n\n\n\n<h3 class=\"wp-block-heading\" style=\"font-size:24px\">Adelanto de cobros del subsidio para fertilizantes<\/h3>\n\n\n\n<p class=\"has-medium-font-size\">Al inicio de la temporada, los productores recibieron fertilizantes subsidiados que deb\u00edan ser devueltos a partir de la segunda quincena de abril. No obstante, algunos secaderos adelantaron los cobros de los mismos, para asegurar el pago. \u201c<strong><em>Lamentablemente muchos secaderos se adelantaron en la cobranza a los productores de esa parte y tambi\u00e9n, por consecuencia de que los secaderos est\u00e1n parados o no pudieron recibirles todo el t\u00e9, hay gente que est\u00e1 con deudas<\/em><\/strong>\u201d, se\u00f1al\u00f3 Klingbeil.<\/p>\n\n\n\n<p class=\"has-medium-font-size\">El referente agrario explic\u00f3 que est\u00e1n evaluando varios casos particulares para solucionar aquellos que todav\u00eda no lograron pagar lo que deben.<\/p>\n\n\n\n<p class=\"has-medium-font-size\">\u201c<strong><em>Adem\u00e1s de los que adelantaron el cobro, para asegurar el pago, hay otros que refinanciaron para la pr\u00f3xima zafra la parte que deben pagar los productores, los que hablaron con sus productores y pusieron acuerdos para pasar la deuda al pr\u00f3ximo a\u00f1o, es decir, el secadero afronta esa deuda con el Ministerio del Agro<\/em><\/strong>\u201d, indic\u00f3.<\/p>\n\n\n\n<p class=\"has-medium-font-size\">Klingbeil advirti\u00f3 adem\u00e1s, que hab\u00eda productores o grupos de certificadores independientes que no ten\u00edan atada su producci\u00f3n a entregar a un secadero de t\u00e9, entonces ning\u00fan secadero les quer\u00eda entregar el cheque de garant\u00eda, que ped\u00eda la cartera agraria.<\/p>\n\n\n\n<p class=\"has-medium-font-size\">Es por este motivo que accedieron o consiguieron alg\u00fan cheque de alguien que les prest\u00f3. \u201c<strong><em>Con esos casos se est\u00e1 viendo, en conjunto con el Ministerio del Agro, c\u00f3mo se resuelven en estos d\u00edas esos problemas puntuales, que no son muchos por suerte<\/em><\/strong>\u201d, asegur\u00f3.<\/p>\n\n\n\n<p class=\"has-medium-font-size\">Fuentes: Informaci\u00f3n de Primera Edici\u00f3n y Medios digitales<\/p>\n","protected":false},"excerpt":{"rendered":"<p>Productores dejaron un 40% de la producci\u00f3n en planta porque los secaderos compraron menos hoja verde. La industria denuncia una ca\u00edda de ventas al exterior. \u00bfSe pierde la producci\u00f3n de t\u00e9? La industria tealera atraviesa un momento cr\u00edtico desde su llegada a Misiones, hace poco m\u00e1s de cien a\u00f1os. Ca\u00edda de mercados y una producci\u00f3n [&hellip;]<\/p>\n","protected":false},"author":3,"featured_media":3883,"comment_status":"closed","ping_status":"open","sticky":false,"template":"","format":"standard","meta":{"footnotes":""},"categories":[170,4,81,39,62],"tags":[446,66,40,158],"class_list":["post-3882","post","type-post","status-publish","format-standard","has-post-thumbnail","hentry","category-agricultura","category-economia","category-nacional","category-politica","category-regional","tag-cosecha-de-te","tag-economia","tag-politica","tag-precio-del-te"],"blog_post_layout_featured_media_urls":{"thumbnail":["https:\/\/lavozdisruptiva.com\/wp-content\/uploads\/2024\/04\/cosecha-te-2-150x150.jpeg",150,150,true],"full":["https:\/\/lavozdisruptiva.com\/wp-content\/uploads\/2024\/04\/cosecha-te-2-scaled.jpeg",2560,1707,false]},"categories_names":{"170":{"name":"Agricultura","link":"https:\/\/lavozdisruptiva.com\/index.php\/category\/agricultura\/"},"4":{"name":"Econom\u00eda","link":"https:\/\/lavozdisruptiva.com\/index.php\/category\/economia\/"},"81":{"name":"Nacional","link":"https:\/\/lavozdisruptiva.com\/index.php\/category\/nacional\/"},"39":{"name":"Pol\u00edtica","link":"https:\/\/lavozdisruptiva.com\/index.php\/category\/politica\/"},"62":{"name":"Regional","link":"https:\/\/lavozdisruptiva.com\/index.php\/category\/regional\/"}},"tags_names":{"446":{"name":"Cosecha de t\u00e9","link":"https:\/\/lavozdisruptiva.com\/index.php\/tag\/cosecha-de-te\/"},"66":{"name":"Econom\u00eda","link":"https:\/\/lavozdisruptiva.com\/index.php\/tag\/economia\/"},"40":{"name":"Pol\u00edtica","link":"https:\/\/lavozdisruptiva.com\/index.php\/tag\/politica\/"},"158":{"name":"Precio del T\u00e9","link":"https:\/\/lavozdisruptiva.com\/index.php\/tag\/precio-del-te\/"}},"comments_number":"0","wpmagazine_modules_lite_featured_media_urls":{"thumbnail":["https:\/\/lavozdisruptiva.com\/wp-content\/uploads\/2024\/04\/cosecha-te-2-150x150.jpeg",150,150,true],"cvmm-medium":["https:\/\/lavozdisruptiva.com\/wp-content\/uploads\/2024\/04\/cosecha-te-2-300x300.jpeg",300,300,true],"cvmm-medium-plus":["https:\/\/lavozdisruptiva.com\/wp-content\/uploads\/2024\/04\/cosecha-te-2-305x207.jpeg",305,207,true],"cvmm-portrait":["https:\/\/lavozdisruptiva.com\/wp-content\/uploads\/2024\/04\/cosecha-te-2-400x600.jpeg",400,600,true],"cvmm-medium-square":["https:\/\/lavozdisruptiva.com\/wp-content\/uploads\/2024\/04\/cosecha-te-2-600x600.jpeg",600,600,true],"cvmm-large":["https:\/\/lavozdisruptiva.com\/wp-content\/uploads\/2024\/04\/cosecha-te-2-1024x1024.jpeg",1024,1024,true],"cvmm-small":["https:\/\/lavozdisruptiva.com\/wp-content\/uploads\/2024\/04\/cosecha-te-2-130x95.jpeg",130,95,true],"full":["https:\/\/lavozdisruptiva.com\/wp-content\/uploads\/2024\/04\/cosecha-te-2-scaled.jpeg",2560,1707,false]},"_links":{"self":[{"href":"https:\/\/lavozdisruptiva.com\/index.php\/wp-json\/wp\/v2\/posts\/3882","targetHints":{"allow":["GET"]}}],"collection":[{"href":"https:\/\/lavozdisruptiva.com\/index.php\/wp-json\/wp\/v2\/posts"}],"about":[{"href":"https:\/\/lavozdisruptiva.com\/index.php\/wp-json\/wp\/v2\/types\/post"}],"author":[{"embeddable":true,"href":"https:\/\/lavozdisruptiva.com\/index.php\/wp-json\/wp\/v2\/users\/3"}],"replies":[{"embeddable":true,"href":"https:\/\/lavozdisruptiva.com\/index.php\/wp-json\/wp\/v2\/comments?post=3882"}],"version-history":[{"count":5,"href":"https:\/\/lavozdisruptiva.com\/index.php\/wp-json\/wp\/v2\/posts\/3882\/revisions"}],"predecessor-version":[{"id":3892,"href":"https:\/\/lavozdisruptiva.com\/index.php\/wp-json\/wp\/v2\/posts\/3882\/revisions\/3892"}],"wp:featuredmedia":[{"embeddable":true,"href":"https:\/\/lavozdisruptiva.com\/index.php\/wp-json\/wp\/v2\/media\/3883"}],"wp:attachment":[{"href":"https:\/\/lavozdisruptiva.com\/index.php\/wp-json\/wp\/v2\/media?parent=3882"}],"wp:term":[{"taxonomy":"category","embeddable":true,"href":"https:\/\/lavozdisruptiva.com\/index.php\/wp-json\/wp\/v2\/categories?post=3882"},{"taxonomy":"post_tag","embeddable":true,"href":"https:\/\/lavozdisruptiva.com\/index.php\/wp-json\/wp\/v2\/tags?post=3882"}],"curies":[{"name":"wp","href":"https:\/\/api.w.org\/{rel}","templated":true}]}}