{"id":3776,"date":"2024-03-25T09:05:39","date_gmt":"2024-03-25T12:05:39","guid":{"rendered":"https:\/\/lavozdisruptiva.com\/?p=3776"},"modified":"2024-03-25T09:05:40","modified_gmt":"2024-03-25T12:05:40","slug":"el-gobierno-detecto-multiples-irregularidades-tras-una-auditoria-a-la-gestion-de-alberto-fernandez-aparecio-entre-ellas-la-yerba-mate","status":"publish","type":"post","link":"https:\/\/lavozdisruptiva.com\/index.php\/2024\/03\/25\/el-gobierno-detecto-multiples-irregularidades-tras-una-auditoria-a-la-gestion-de-alberto-fernandez-aparecio-entre-ellas-la-yerba-mate\/","title":{"rendered":"El Gobierno detect\u00f3 m\u00faltiples irregularidades tras una auditor\u00eda a la gesti\u00f3n de Alberto Fern\u00e1ndez. Apareci\u00f3 entre ellas la yerba mate."},"content":{"rendered":"\n<h2 class=\"wp-block-heading has-medium-font-size\">LA NACION accedi\u00f3 al \u201cesc\u00e1ner del Estado\u201d que orden\u00f3 Milei: compras multimillonarias de infusiones, galpones intrusados, problemas con el 144 y falta de chequeo de que se terminen las casas.<\/h2>\n\n\n\n<p class=\"has-medium-font-size\"><strong>Las auditor\u00edas descubrieron el monto del negocio de la venta de yerba mate al estado. Durante el 2023 compro por aproximadamente unos 21.000.000.000 de pesos.<\/strong><\/p>\n\n\n\n<p class=\"has-medium-font-size\">Por Camila Dolabjian  Para Diario La Naci\u00f3n<\/p>\n\n\n\n<p class=\"has-medium-font-size\"><strong>Javier Mile<\/strong>i busc\u00f3 no repetir una omisi\u00f3n en el arranque de la gesti\u00f3n de la que se arrepinti\u00f3<strong>\u00a0Mauricio Macri<\/strong>: puso, m\u00e1s que su antecesor,\u00a0<mark>blanco sobre negro respecto al estado del Estado<\/mark>. El vocero Manuel Adorni, en sus regulares conferencias de prensa, comunica los descubrimientos del d\u00eda respecto de gastos innecesarios, irregularidades en el desenvolvimiento p\u00fablico o denuncias penales hechas contra exfuncionarios. Esa informaci\u00f3n se desprende de los an\u00e1lisis que realiza cada \u00e1rea a medida que pasan las semanas e indagan m\u00e1s profundo.<\/p>\n\n\n\n<figure class=\"wp-block-image size-full is-resized\"><img loading=\"lazy\" decoding=\"async\" width=\"710\" height=\"399\" src=\"https:\/\/lavozdisruptiva.com\/wp-content\/uploads\/2024\/03\/fernandez.jpeg\" alt=\"\" class=\"wp-image-3779\" style=\"width:840px;height:auto\" srcset=\"https:\/\/lavozdisruptiva.com\/wp-content\/uploads\/2024\/03\/fernandez.jpeg 710w, https:\/\/lavozdisruptiva.com\/wp-content\/uploads\/2024\/03\/fernandez-300x169.jpeg 300w\" sizes=\"auto, (max-width: 710px) 100vw, 710px\" \/><\/figure>\n\n\n\n<p class=\"has-medium-font-size\">El Presidente, apenas asumi\u00f3, le orden\u00f3 a la Sindicatura General de la Naci\u00f3n (Sigen) que haga una evaluaci\u00f3n mediante el decreto 126\/2023.\u00a0<strong>LA NACION<\/strong>\u00a0accedi\u00f3 a las\u00a0<strong>101 auditor\u00edas resultantes, que re\u00fanen m\u00e1s de 1500 p\u00e1ginas de informaci\u00f3n sobre la gesti\u00f3n anterior, entre 2022 y 2023.<\/strong><\/p>\n\n\n\n<p class=\"has-medium-font-size\">Los informes realizados hasta el momento se concentraron sobre la administraci\u00f3n centralizada, es decir, ministerios, secretarias y ciertos organismos dependientes, como la Anses. En ellos se hace un repaso de puntos relevantes, como&nbsp;<mark>cantidad de empleados, deudas pendientes, salarios promedio y contrataciones m\u00e1s caras<\/mark>, y finalizan con un repaso sobre las irregularidades m\u00e1s relevantes. Mediante otras decisiones oficiales se ordenaron estudios similares sobre las empresas p\u00fablicas y otros entes independientes. Estar\u00e1n listos en las pr\u00f3ximas semanas, de acuerdo a fuentes conocedoras de la tarea.<\/p>\n\n\n\n<p class=\"has-medium-font-size\">Las debilidades detectadas en cada dependencia incluyen incompatibilidades de funcionarios, retiros en efectivo, problemas en arqueos de tesorer\u00edas, gastos \u201c<strong><em>que no se correspond\u00edan con la misi\u00f3n<\/em><\/strong>\u201d de las \u00e1reas, ausencia de procesos de control y pagos de subsidios por duplicado, entre otras.\u00a0<strong>LA NACION<\/strong>\u00a0reuni\u00f3 10 datos llamativos de los cientos que encontr\u00f3 en estos documentos.<\/p>\n\n\n\n<h3 class=\"wp-block-heading has-medium-font-size\">1. Compras de yerba multimillonarias<\/h3>\n\n\n\n<p class=\"has-medium-font-size\">Las auditor\u00edas pusieron en evidencia las compras y contrataciones m\u00e1s onerosas del \u00faltimo tiempo. As\u00ed es como, en el<strong>\u00a0top 10 del Ministerio de Desarrollo Social, figura la yerba mate<\/strong>\u00a0<strong>como principal alimento adquirido en el 2023 (cuatro de las 10 mayores compras del a\u00f1o pasado se dedicaron a la infusi\u00f3n)<\/strong>. Es en lo que m\u00e1s gast\u00f3 esa dependencia, por un total de <strong>$21.054.878.400<\/strong>. Hubo, adem\u00e1s, tres compras de leche en polvo (un producto m\u00e1s significativo en cuanto a su aporte nutricional) por 9500 millones de pesos, una de frutos secos por 3129 millones de pesos y cerca de US$8 millones destinados a comprar minibuses.<\/p>\n\n\n\n<p class=\"has-medium-font-size\">Fuentes cercanas a la gesti\u00f3n de la exministra de Desarrollos Social\u00a0<strong>Victoria Tolosa Paz<\/strong>, dijeron a\u00a0<strong>LA NACION<\/strong>: \u201c<strong>La yerba es un producto b\u00e1sico para los comedores, porque en desayunos y meriendas se sirve mate cocido con leche, como tambi\u00e9n te con leche<\/strong>\u201d<\/p>\n\n\n\n<figure class=\"wp-block-image is-resized\"><img decoding=\"async\" src=\"https:\/\/resizer.glanacion.com\/resizer\/v2\/compras-mas-importantes-del-ministerio-de-FOMSKGJCUFFEVDEYGB7HVNFZY4.png?auth=904b5c137069ff614699b2ddbffb8c6660d35a2aac76217f78b748d0ecf004f0&amp;width=420&amp;height=208&amp;quality=70&amp;smart=true\" alt=\"Compras m\u00e1s importantes del Ministerio de Desarrollo Social\" style=\"width:840px;height:auto\"\/><figcaption class=\"wp-element-caption\">Compras m\u00e1s importantes del Ministerio de Desarrollo Social<\/figcaption><\/figure>\n\n\n\n<h3 class=\"wp-block-heading has-medium-font-size\">2. Gabriela Cerruti con m\u00e1s empleados<\/h3>\n\n\n\n<p class=\"has-medium-font-size\">Entre los puntos analizados estuvo la evoluci\u00f3n del personal. El a\u00f1o pasado reg\u00eda una prohibici\u00f3n para contratar empleados nuevos. Eso no detuvo a Gabriela Cerruti,&nbsp;<strong>que hizo avanzar la planta un 18% en la Secretar\u00eda de Comunicaci\u00f3n,<\/strong>&nbsp;un alza que se explica por un aumento del 34% de los empleados en la categor\u00eda planta permanente y un 50% de suba sobre el personal contratado en general. Es una excepci\u00f3n entre otras \u00e1reas estatales que cumplieron en no hacer crecer la cantidad de incorporaciones, aunque continuaron promulgando los pases para dar estabilidad laboral.&nbsp;<strong>LA NACION&nbsp;<\/strong>consult\u00f3 a Cerruti, que prefiri\u00f3 no hacer comentarios.<\/p>\n\n\n\n<figure class=\"wp-block-image is-resized\"><img decoding=\"async\" src=\"https:\/\/resizer.glanacion.com\/resizer\/v2\/aumento-empleados-de-la-secretaria-de-CMNNRKQLLREVLOFWSWSAIMMNTM.png?auth=5560d012c8f2eb67eb4d7572bcc53a24d74c151892bff691380b3ae5c3d4816b&amp;width=420&amp;height=170&amp;quality=70&amp;smart=true\" alt=\"Aumento empleados de la Secretar\u00eda de Comunicaci\u00f3n y Prensa\" style=\"width:840px;height:auto\"\/><figcaption class=\"wp-element-caption\">Aumento empleados de la Secretar\u00eda de Comunicaci\u00f3n y Prensa<\/figcaption><\/figure>\n\n\n\n<h3 class=\"wp-block-heading has-medium-font-size\">3. Problemas en el 144<\/h3>\n\n\n\n<p class=\"has-medium-font-size\">Los an\u00e1lisis tambi\u00e9n evaluaron la eficiencia o cumplimiento de los objetivos de los programas del Estado. En el ex-Ministerio de las Mujeres, Diversidad y G\u00e9nero, la principal cr\u00edtica que hicieron estuvo vinculada a la<strong>\u00a0l\u00ednea 144,\u00a0<\/strong>de violencia de g\u00e9nero, que estaba encargada de atender y dar seguimiento a las denuncias. Solo habr\u00eda cumplido la primera mitad de esa tarea, seg\u00fan la auditor\u00eda, que advirti\u00f3 por una \u201c<strong><em>ineficiencia en las acciones implementadas para el seguimiento\u00a0y supervisi\u00f3n de los llamados recibidos en la Direcci\u00f3n Nacional de Asistencia<\/em><\/strong>\u201d.<\/p>\n\n\n\n<h3 class=\"wp-block-heading has-medium-font-size\">4. Sin visitas a las obras<\/h3>\n\n\n\n<p class=\"has-medium-font-size\">Sobre el ex-Ministerio de Desarrollo Territorial y H\u00e1bitat, encargado, entre otras cosas, de la construcci\u00f3n de viviendas, la auditor\u00eda dijo que\u00a0<strong>no consta que se hayan realizado visitas del personal del entonces ministerio a cada obra\u00a0<\/strong>con posterioridad a la recepci\u00f3n de los informes de prefactibilidad. Agreg\u00f3 que esta situaci\u00f3n \u201c<strong><em>podr\u00eda determinar que se realicen transferencias de montos que no coincidan con los trabajos a ejecutar, como as\u00ed tambi\u00e9n, establecer la existencia de defectos o vicios ocultos no detectados anteriormente en los trabajos ya realizados<\/em><\/strong>\u201d.<\/p>\n\n\n\n<figure class=\"wp-block-image is-resized\"><img decoding=\"async\" src=\"https:\/\/resizer.glanacion.com\/resizer\/v2\/deficiencias-del-4HL7ITOGDNAL5HTPEUUM2EKF3U.png?auth=2b46337eb4820fd61d8bd74bb83ebc3ef438e15dca1b95d4b26f94dcaeecc271&amp;width=420&amp;height=210&amp;quality=70&amp;smart=true\" alt=\"Deficiencias del 144\" style=\"width:840px;height:auto\"\/><figcaption class=\"wp-element-caption\">Deficiencias del 144<\/figcaption><\/figure>\n\n\n\n<h3 class=\"wp-block-heading has-medium-font-size\">5. Arte millonario<\/h3>\n\n\n\n<p class=\"has-medium-font-size\">Una de las curiosidades que la auditor\u00eda revel\u00f3 sobre el patrimonio estatal es la valorizaci\u00f3n del&nbsp;<strong>arte<\/strong>&nbsp;que yace en posesi\u00f3n de Canciller\u00eda, en el Palacio San Mart\u00edn, embajadas y otras dependencias. El total asciende a<strong>&nbsp;US$19.240.875,66<\/strong>, de las cuales las obras que est\u00e1n en la Argentina suman unos US$15 millones, mientras que fuera del pa\u00eds el Estado posee obras de arte por unos US$4 millones.<\/p>\n\n\n\n<figure class=\"wp-block-image is-resized\"><img decoding=\"async\" src=\"https:\/\/resizer.glanacion.com\/resizer\/v2\/contabilizacion-del-arte-de-3SGSZUPJLZB7NEJXTZ7WQCI2IM.png?auth=2dce7d2d918ccf7113846cddcbd91404b9ba3b291e94c537bf4d2ebb7d2b2cdc&amp;width=420&amp;height=158&amp;quality=70&amp;smart=true\" alt=\"Contabilizaci\u00f3n del arte de Canciller\u00eda\" style=\"width:840px;height:auto\"\/><figcaption class=\"wp-element-caption\">Contabilizaci\u00f3n del arte de Canciller\u00eda<\/figcaption><\/figure>\n\n\n\n<h3 class=\"wp-block-heading has-medium-font-size\">6. Galpones intrusados<\/h3>\n\n\n\n<p class=\"has-medium-font-size\">En la auditor\u00eda a la Jefatura de Gabinete de Ministro, el Gobierno detect\u00f3 la\u00a0<strong>falta de medidas seguridad en los galpones ubicados en la calle Benjam\u00edn Juan Lavaisse 1194<\/strong>\u00a0para prevenir el ingreso de intrusos y, \u201c<strong><em>por consiguiente, evitar la sustracci\u00f3n de los bienes alojados en los mencionados galpones<\/em><\/strong>\u201d. Tambi\u00e9n advirtieron falta de elementos de seguridad, por ejemplo, extinguidores de incendio. Este espacio, cerca del complejo naval industrial argentino, fue desafectado en 2021 para el Servicio Geol\u00f3gico Minero en favor de Jefatura, para que se use como dep\u00f3sito de bienes p\u00fablicos, \u00e1rea administrativa y espacio vehicular.<\/p>\n\n\n\n<p class=\"has-medium-font-size\">Otro dato relevante sobre la Jefatura de Gabinete: se verific\u00f3 una&nbsp;<strong>deuda en infraccione<\/strong>s de tr\u00e1nsito que, en 2023, ascendi\u00f3 a<strong>&nbsp;$62.287.367,7<\/strong>. Se trata de unos $778.592 en promedio por auto si se toma en cuenta que el \u00e1rea tiene en su poder 80 veh\u00edculos.<\/p>\n\n\n\n<figure class=\"wp-block-image is-resized\"><img decoding=\"async\" src=\"https:\/\/resizer.glanacion.com\/resizer\/v2\/deficiencias-sobre-los-galpones-de-la-jefatura-de-FTMBQYCHOVHWTHJWKRNN52Q5LA.png?auth=98e5ab7b02edc809c6f7cae4ec61bca9f7691703fe18c05c4ab971505b57e45f&amp;width=420&amp;height=205&amp;quality=70&amp;smart=true\" alt=\"Deficiencias sobre los galpones de la Jefatura de Gabinete\" style=\"width:840px;height:auto\"\/><figcaption class=\"wp-element-caption\">Deficiencias sobre los galpones de la Jefatura de Gabinete<\/figcaption><\/figure>\n\n\n\n<h3 class=\"wp-block-heading has-medium-font-size\">7. Juicios en Salud<\/h3>\n\n\n\n<p class=\"has-medium-font-size\">En el Ministerio de Salud se detectaron\u00a0<strong>falencias en la administraci\u00f3n del stock de medicamentos,<\/strong>\u00a0insumos decomisados y a decomisar. \u201c<strong><em>Falta de una adecuada supervisi\u00f3n del proceso de almacenamiento, lo cual no permite contar con una correcta informaci\u00f3n para la toma de decisiones<\/em><\/strong>\u201d, destacaron. Por otra parte, la cartera tiene\u00a0<strong>1267 juicios pendientes<\/strong>, en su mayor\u00eda amparos o da\u00f1os y perjuicios por incumplimientos de prestaciones, y dos aeronaves rotas.<\/p>\n\n\n\n<h3 class=\"wp-block-heading has-medium-font-size\">8. Fideicomiso con el laboratorio Richmond<\/h3>\n\n\n\n<p class=\"has-medium-font-size\">Una de las grandes interrogantes sobre los gastos de la gesti\u00f3n anterior son los relativos a la pandemia, a la compra de vacunas y otros insumos para la pandemia. El Fondo de Garant\u00eda de Sustentabilidad de la Anses fue aportante a un fideicomiso con los&nbsp;<strong>laboratorios Richmond&nbsp;<\/strong>para la instalaci\u00f3n y puesta en marcha de una planta para la producci\u00f3n de vacunas, entre otras, las establecidas contra el coronavirus, por un total de&nbsp;<strong>$5.953.756.500<\/strong>.<\/p>\n\n\n\n<p class=\"has-medium-font-size\"><strong>Marcelo Figueiras<\/strong>, presidente de la empresa, coment\u00f3 al respecto: \u201c<strong><em>En el fideicomiso p\u00fablico y abierto que se hizo intervinieron muchas provincias, bancos privados y estatales y much\u00edsimas empresas e individuos que consideran que esto es un tema estrat\u00e9gico. Y no fallamos porque estamos ya lanzando distintos tipos de proyectos productivos y mucho mejor preparados para un futuro problema si lo hubiera\u201d<\/em><\/strong>.<\/p>\n\n\n\n<h3 class=\"wp-block-heading has-medium-font-size\">9. Fondo de Garant\u00eda de Sustentabilidad<\/h3>\n\n\n\n<p class=\"has-medium-font-size\">A la gesti\u00f3n del Fondo de Garant\u00eda de Sustentabilidad se le hizo otra cr\u00edtica: destacaron que por lo menos un 5% de las inversiones del fondo deber\u00edan dedicarse a proyectos productivos o de infraestructura, pero se dedicaba el\u00a0<strong>4,5%<\/strong>. \u201c<strong><em>Situaci\u00f3n que se observa desde junio de 2019<\/em><\/strong>\u2033, dijeron.<\/p>\n\n\n\n<h3 class=\"wp-block-heading has-medium-font-size\">10. \u201cLogros\u201d, el video de $111 millones<\/h3>\n\n\n\n<p class=\"has-medium-font-size\">A mediados del a\u00f1o pasado, ya apartado de toda posibilidad de buscar una candidatura y marginado por sus socios del Frente de Todos, Alberto Fern\u00e1ndez public\u00f3 un video de un minuto 55 segundos en el que buscaba destacar los \u201clogros\u201d de su gesti\u00f3n. La campa\u00f1a para ese video dedicado al expresidente cost\u00f3\u00a0<strong>$111.320.000, algo as\u00ed como un casi un mill\u00f3n de pesos por segundo ($968.000), seg\u00fan el registro de la Secretar\u00eda de Comunicaci\u00f3n y Prensa.<\/strong><\/p>\n\n\n\n<p class=\"has-medium-font-size\">Fuente: La Naci\u00f3n<\/p>\n","protected":false},"excerpt":{"rendered":"<p>LA NACION accedi\u00f3 al \u201cesc\u00e1ner del Estado\u201d que orden\u00f3 Milei: compras multimillonarias de infusiones, galpones intrusados, problemas con el 144 y falta de chequeo de que se terminen las casas. Las auditor\u00edas descubrieron el monto del negocio de la venta de yerba mate al estado. Durante el 2023 compro por aproximadamente unos 21.000.000.000 de pesos. [&hellip;]<\/p>\n","protected":false},"author":3,"featured_media":3778,"comment_status":"closed","ping_status":"open","sticky":false,"template":"","format":"standard","meta":{"footnotes":""},"categories":[4,81,39],"tags":[539,412,607,67],"class_list":["post-3776","post","type-post","status-publish","format-standard","has-post-thumbnail","hentry","category-economia","category-nacional","category-politica","tag-alberto-fernandez-2","tag-javier-milei","tag-victoria-tolosa-paz","tag-yerba-mate"],"blog_post_layout_featured_media_urls":{"thumbnail":["https:\/\/lavozdisruptiva.com\/wp-content\/uploads\/2024\/03\/Milei-Fernandez-150x150.jpeg",150,150,true],"full":["https:\/\/lavozdisruptiva.com\/wp-content\/uploads\/2024\/03\/Milei-Fernandez.jpeg",1000,1000,false]},"categories_names":{"4":{"name":"Econom\u00eda","link":"https:\/\/lavozdisruptiva.com\/index.php\/category\/economia\/"},"81":{"name":"Nacional","link":"https:\/\/lavozdisruptiva.com\/index.php\/category\/nacional\/"},"39":{"name":"Pol\u00edtica","link":"https:\/\/lavozdisruptiva.com\/index.php\/category\/politica\/"}},"tags_names":{"539":{"name":"Alberto Fern\u00e1ndez","link":"https:\/\/lavozdisruptiva.com\/index.php\/tag\/alberto-fernandez-2\/"},"412":{"name":"Javier Milei","link":"https:\/\/lavozdisruptiva.com\/index.php\/tag\/javier-milei\/"},"607":{"name":"Victoria Tolosa Paz","link":"https:\/\/lavozdisruptiva.com\/index.php\/tag\/victoria-tolosa-paz\/"},"67":{"name":"Yerba mate","link":"https:\/\/lavozdisruptiva.com\/index.php\/tag\/yerba-mate\/"}},"comments_number":"0","wpmagazine_modules_lite_featured_media_urls":{"thumbnail":["https:\/\/lavozdisruptiva.com\/wp-content\/uploads\/2024\/03\/Milei-Fernandez-150x150.jpeg",150,150,true],"cvmm-medium":["https:\/\/lavozdisruptiva.com\/wp-content\/uploads\/2024\/03\/Milei-Fernandez-300x300.jpeg",300,300,true],"cvmm-medium-plus":["https:\/\/lavozdisruptiva.com\/wp-content\/uploads\/2024\/03\/Milei-Fernandez-305x207.jpeg",305,207,true],"cvmm-portrait":["https:\/\/lavozdisruptiva.com\/wp-content\/uploads\/2024\/03\/Milei-Fernandez-400x600.jpeg",400,600,true],"cvmm-medium-square":["https:\/\/lavozdisruptiva.com\/wp-content\/uploads\/2024\/03\/Milei-Fernandez-600x600.jpeg",600,600,true],"cvmm-large":["https:\/\/lavozdisruptiva.com\/wp-content\/uploads\/2024\/03\/Milei-Fernandez.jpeg",1000,1000,false],"cvmm-small":["https:\/\/lavozdisruptiva.com\/wp-content\/uploads\/2024\/03\/Milei-Fernandez-130x95.jpeg",130,95,true],"full":["https:\/\/lavozdisruptiva.com\/wp-content\/uploads\/2024\/03\/Milei-Fernandez.jpeg",1000,1000,false]},"_links":{"self":[{"href":"https:\/\/lavozdisruptiva.com\/index.php\/wp-json\/wp\/v2\/posts\/3776","targetHints":{"allow":["GET"]}}],"collection":[{"href":"https:\/\/lavozdisruptiva.com\/index.php\/wp-json\/wp\/v2\/posts"}],"about":[{"href":"https:\/\/lavozdisruptiva.com\/index.php\/wp-json\/wp\/v2\/types\/post"}],"author":[{"embeddable":true,"href":"https:\/\/lavozdisruptiva.com\/index.php\/wp-json\/wp\/v2\/users\/3"}],"replies":[{"embeddable":true,"href":"https:\/\/lavozdisruptiva.com\/index.php\/wp-json\/wp\/v2\/comments?post=3776"}],"version-history":[{"count":3,"href":"https:\/\/lavozdisruptiva.com\/index.php\/wp-json\/wp\/v2\/posts\/3776\/revisions"}],"predecessor-version":[{"id":3781,"href":"https:\/\/lavozdisruptiva.com\/index.php\/wp-json\/wp\/v2\/posts\/3776\/revisions\/3781"}],"wp:featuredmedia":[{"embeddable":true,"href":"https:\/\/lavozdisruptiva.com\/index.php\/wp-json\/wp\/v2\/media\/3778"}],"wp:attachment":[{"href":"https:\/\/lavozdisruptiva.com\/index.php\/wp-json\/wp\/v2\/media?parent=3776"}],"wp:term":[{"taxonomy":"category","embeddable":true,"href":"https:\/\/lavozdisruptiva.com\/index.php\/wp-json\/wp\/v2\/categories?post=3776"},{"taxonomy":"post_tag","embeddable":true,"href":"https:\/\/lavozdisruptiva.com\/index.php\/wp-json\/wp\/v2\/tags?post=3776"}],"curies":[{"name":"wp","href":"https:\/\/api.w.org\/{rel}","templated":true}]}}