{"id":3665,"date":"2024-03-09T18:03:06","date_gmt":"2024-03-09T21:03:06","guid":{"rendered":"https:\/\/lavozdisruptiva.com\/?p=3665"},"modified":"2024-03-09T18:03:07","modified_gmt":"2024-03-09T21:03:07","slug":"javier-milei-subio-su-sueldo-y-el-de-su-gabinete-un-50","status":"publish","type":"post","link":"https:\/\/lavozdisruptiva.com\/index.php\/2024\/03\/09\/javier-milei-subio-su-sueldo-y-el-de-su-gabinete-un-50\/","title":{"rendered":"Javier Milei subi\u00f3 su sueldo y el de su Gabinete un 50 %"},"content":{"rendered":"\n<h2 class=\"wp-block-heading\" style=\"font-size:24px\">En medio de un feroz programa de ajuste econ\u00f3mico, el Gobierno  determin\u00f3 un incremento salarial de casi el 50% para los m\u00e1s altos cargos. Una afrenta para el resto de la poblaci\u00f3n que no ve a &#8220;la casta&#8221; pagando el ajuste.<\/h2>\n\n\n\n<p class=\"has-medium-font-size\">Luego del conflicto interno generado por\u00a0<strong>el aumento del 30% en las dietas de diputados y senadores<\/strong>, dispuesto por los titulares de ambas c\u00e1maras,\u00a0<strong>Mart\u00edn Menem<\/strong>\u00a0y\u00a0<strong>Victoria Villarruel,<\/strong>\u00a0el Gobierno protagoniza una nueva pol\u00e9mica que va a contramano de la pol\u00edtica de ajuste: Javier Milei estableci\u00f3 un incremento de su sueldo y el de los ministros que conforman el gabinete. <\/p>\n\n\n\n<p class=\"has-medium-font-size\">La\u00a0<strong>diputada de Uni\u00f3n por la Patria (UP), Victoria Tolosa Paz<\/strong>, revel\u00f3 un documento que indica que el mandatario libertario realiz\u00f3 un incremento del 48% en los sueldos de\u00a0<strong>presidente, vicepresidente, ministros, secretarios y subsecretarios del Estado<\/strong>.<\/p>\n\n\n\n<figure class=\"wp-block-image size-full\"><img loading=\"lazy\" decoding=\"async\" width=\"992\" height=\"744\" src=\"https:\/\/lavozdisruptiva.com\/wp-content\/uploads\/2024\/03\/md.webp\" alt=\"\" class=\"wp-image-3667\" srcset=\"https:\/\/lavozdisruptiva.com\/wp-content\/uploads\/2024\/03\/md.webp 992w, https:\/\/lavozdisruptiva.com\/wp-content\/uploads\/2024\/03\/md-300x225.webp 300w, https:\/\/lavozdisruptiva.com\/wp-content\/uploads\/2024\/03\/md-768x576.webp 768w, https:\/\/lavozdisruptiva.com\/wp-content\/uploads\/2024\/03\/md-136x102.webp 136w\" sizes=\"auto, (max-width: 992px) 100vw, 992px\" \/><figcaption class=\"wp-element-caption\">Diputada Tolosa Paz y Javier Milei<\/figcaption><\/figure>\n\n\n\n<p class=\"has-medium-font-size\">&#8220;<strong><em>El Presidente\u00a0firm\u00f3 un decreto el 29 de Febrero donde se aplic\u00f3 aumento a todos los cargos jer\u00e1rquicos del poder ejecutivo\u00a0nacional pero luego hace una escenificaci\u00f3n p\u00fablica de que el aumento injusto es el de los diputados y senadores<\/em><\/strong>&#8220;, explic\u00f3 la legisladora en la plataforma X (ex Twitter).<\/p>\n\n\n\n<figure class=\"wp-block-image size-full is-resized\"><img loading=\"lazy\" decoding=\"async\" width=\"730\" height=\"153\" src=\"https:\/\/lavozdisruptiva.com\/wp-content\/uploads\/2024\/03\/image.jpeg\" alt=\"Esta imagen tiene un atributo alt vac\u00edo; el nombre del archivo es sueldos-milei-gabinetejpg.jpg\" class=\"wp-image-3666\" style=\"width:840px;height:auto\" title=\"\" srcset=\"https:\/\/lavozdisruptiva.com\/wp-content\/uploads\/2024\/03\/image.jpeg 730w, https:\/\/lavozdisruptiva.com\/wp-content\/uploads\/2024\/03\/image-300x63.jpeg 300w\" sizes=\"auto, (max-width: 730px) 100vw, 730px\" \/><\/figure>\n\n\n\n<p class=\"has-medium-font-size\">Y agreg\u00f3: &#8220;<strong><em>Por esa raz\u00f3n estamos presentando un\u00a0Proyecto de Ley con diputados de UxP que permita derogar el aumento otorgado\u00a0por las autoridades del Congreso Nacional para los legisladores nacionales, pero tambi\u00e9n pedimos que se derogue el aumento que decret\u00f3 Milei el pasado 29 de Febrero y que impact\u00f3 directamente sobre la liquidaci\u00f3n de su propio salario y el de los altos cargos de su gobierno en un 48%<\/em><\/strong>&#8220;.<\/p>\n\n\n\n<p style=\"font-size:24px\"><strong>La pol\u00e9mica por los aumentos a diputados y senadores<\/strong><\/p>\n\n\n\n<p class=\"has-medium-font-size\">Sobre este problema, que gener\u00f3 fuerte indignaci\u00f3n en gran parte de la sociedad, Milei tuvo que aclarar c\u00f3mo se dio la situaci\u00f3n del aumento y explic\u00f3:<\/p>\n\n\n\n<p class=\"has-medium-font-size\">&#8220;<strong><em>Tanto Mart\u00edn (Menem) como Victoria (Villarruel) ten\u00edan que firmar los aumentos de la gente del Congreso y en funci\u00f3n de eso se firm\u00f3 eso.\u00a0Obviamente que dada la situaci\u00f3n del pa\u00eds, yo le dije a Mart\u00edn que saque esa cl\u00e1usula y que avance algo que quede desligado y que los pol\u00edticos voten a ver qu\u00e9 quieren hacer con las dietas\u00a0y que\u00a0queden expuestos\u00a0frente a la sociedad<\/em><\/strong>&#8220;, sostuvo en un reportaje period\u00edstico.<\/p>\n\n\n\n<p class=\"has-medium-font-size\">De esta manera, antes de conocerse su propio aumento,\u00a0<strong>Milei enfatiz\u00f3 que &#8220;<em>no est\u00e1 de acuerdo con que se suban el sueldo<\/em>&#8221;\u00a0<\/strong>y si bien reconoci\u00f3 que &#8220;<strong><em>pueden tener necesidades<\/em><\/strong>&#8220;, remarc\u00f3 que &#8220;<strong><em>hay un 60% de argentinos pobres y 10% de argentinos indigentes<\/em><\/strong>&#8220;.<\/p>\n\n\n\n<p style=\"font-size:24px\"><strong>El presidente tiene la oportunidad para rectificarse y afectar a toda &#8220;la casta&#8221;<\/strong><\/p>\n\n\n\n<p class=\"has-medium-font-size\">Pero, una vez conocida la noticia donde el Gobierno de La Libertad Avanza (LLA)<strong>\u00a0contradice a los principios de ajuste econ\u00f3mico y austeridad\u00a0<\/strong>en los sueldos que incluyen a los m\u00e1s altos cargos del Poder Ejecutivo, <strong>se hace necesaria una vuelta atr\u00e1s para todos los aumentos otorgados que no tienen nada que ver con los aumentos lamentables que se dieron al grueso de los asalariados y a los jubilados<\/strong>.<\/p>\n\n\n\n<p class=\"has-medium-font-size\">El presidente tiene ahora la oportunidad para rectificarse r\u00e1pidamente, antes que la p\u00e9rdida de credibilidad lo afecte por esta medida al resto de su gobierno, y la poblaci\u00f3n no piense que los pol\u00edticos &#8220;<strong>son todos iguales<\/strong>&#8220;.<\/p>\n\n\n\n<p class=\"has-medium-font-size\">Fuentes: Con informaci\u00f3n de \u00c1mbito y medios digitales<\/p>\n","protected":false},"excerpt":{"rendered":"<p>En medio de un feroz programa de ajuste econ\u00f3mico, el Gobierno determin\u00f3 un incremento salarial de casi el 50% para los m\u00e1s altos cargos. Una afrenta para el resto de la poblaci\u00f3n que no ve a &#8220;la casta&#8221; pagando el ajuste. Luego del conflicto interno generado por\u00a0el aumento del 30% en las dietas de diputados [&hellip;]<\/p>\n","protected":false},"author":3,"featured_media":3669,"comment_status":"closed","ping_status":"open","sticky":false,"template":"","format":"standard","meta":{"footnotes":""},"categories":[81,39],"tags":[576,412],"class_list":["post-3665","post","type-post","status-publish","format-standard","has-post-thumbnail","hentry","category-nacional","category-politica","tag-aumentos-de-sueldo","tag-javier-milei"],"blog_post_layout_featured_media_urls":{"thumbnail":["https:\/\/lavozdisruptiva.com\/wp-content\/uploads\/2024\/03\/Nota-web-60-150x150.webp",150,150,true],"full":["https:\/\/lavozdisruptiva.com\/wp-content\/uploads\/2024\/03\/Nota-web-60.webp",1280,720,false]},"categories_names":{"81":{"name":"Nacional","link":"https:\/\/lavozdisruptiva.com\/index.php\/category\/nacional\/"},"39":{"name":"Pol\u00edtica","link":"https:\/\/lavozdisruptiva.com\/index.php\/category\/politica\/"}},"tags_names":{"576":{"name":"Aumentos de sueldo","link":"https:\/\/lavozdisruptiva.com\/index.php\/tag\/aumentos-de-sueldo\/"},"412":{"name":"Javier Milei","link":"https:\/\/lavozdisruptiva.com\/index.php\/tag\/javier-milei\/"}},"comments_number":"0","wpmagazine_modules_lite_featured_media_urls":{"thumbnail":["https:\/\/lavozdisruptiva.com\/wp-content\/uploads\/2024\/03\/Nota-web-60-150x150.webp",150,150,true],"cvmm-medium":["https:\/\/lavozdisruptiva.com\/wp-content\/uploads\/2024\/03\/Nota-web-60-300x300.webp",300,300,true],"cvmm-medium-plus":["https:\/\/lavozdisruptiva.com\/wp-content\/uploads\/2024\/03\/Nota-web-60-305x207.webp",305,207,true],"cvmm-portrait":["https:\/\/lavozdisruptiva.com\/wp-content\/uploads\/2024\/03\/Nota-web-60-400x600.webp",400,600,true],"cvmm-medium-square":["https:\/\/lavozdisruptiva.com\/wp-content\/uploads\/2024\/03\/Nota-web-60-600x600.webp",600,600,true],"cvmm-large":["https:\/\/lavozdisruptiva.com\/wp-content\/uploads\/2024\/03\/Nota-web-60-1024x720.webp",1024,720,true],"cvmm-small":["https:\/\/lavozdisruptiva.com\/wp-content\/uploads\/2024\/03\/Nota-web-60-130x95.webp",130,95,true],"full":["https:\/\/lavozdisruptiva.com\/wp-content\/uploads\/2024\/03\/Nota-web-60.webp",1280,720,false]},"_links":{"self":[{"href":"https:\/\/lavozdisruptiva.com\/index.php\/wp-json\/wp\/v2\/posts\/3665","targetHints":{"allow":["GET"]}}],"collection":[{"href":"https:\/\/lavozdisruptiva.com\/index.php\/wp-json\/wp\/v2\/posts"}],"about":[{"href":"https:\/\/lavozdisruptiva.com\/index.php\/wp-json\/wp\/v2\/types\/post"}],"author":[{"embeddable":true,"href":"https:\/\/lavozdisruptiva.com\/index.php\/wp-json\/wp\/v2\/users\/3"}],"replies":[{"embeddable":true,"href":"https:\/\/lavozdisruptiva.com\/index.php\/wp-json\/wp\/v2\/comments?post=3665"}],"version-history":[{"count":2,"href":"https:\/\/lavozdisruptiva.com\/index.php\/wp-json\/wp\/v2\/posts\/3665\/revisions"}],"predecessor-version":[{"id":3670,"href":"https:\/\/lavozdisruptiva.com\/index.php\/wp-json\/wp\/v2\/posts\/3665\/revisions\/3670"}],"wp:featuredmedia":[{"embeddable":true,"href":"https:\/\/lavozdisruptiva.com\/index.php\/wp-json\/wp\/v2\/media\/3669"}],"wp:attachment":[{"href":"https:\/\/lavozdisruptiva.com\/index.php\/wp-json\/wp\/v2\/media?parent=3665"}],"wp:term":[{"taxonomy":"category","embeddable":true,"href":"https:\/\/lavozdisruptiva.com\/index.php\/wp-json\/wp\/v2\/categories?post=3665"},{"taxonomy":"post_tag","embeddable":true,"href":"https:\/\/lavozdisruptiva.com\/index.php\/wp-json\/wp\/v2\/tags?post=3665"}],"curies":[{"name":"wp","href":"https:\/\/api.w.org\/{rel}","templated":true}]}}