{"id":3659,"date":"2024-03-08T09:49:01","date_gmt":"2024-03-08T12:49:01","guid":{"rendered":"https:\/\/lavozdisruptiva.com\/?p=3659"},"modified":"2024-03-08T09:49:02","modified_gmt":"2024-03-08T12:49:02","slug":"milei-critico-el-aumento-a-los-diputados-y-apunto-muchisima-gente-la-pasa-peor-con-mucho-menos","status":"publish","type":"post","link":"https:\/\/lavozdisruptiva.com\/index.php\/2024\/03\/08\/milei-critico-el-aumento-a-los-diputados-y-apunto-muchisima-gente-la-pasa-peor-con-mucho-menos\/","title":{"rendered":"Milei critic\u00f3 el aumento a los diputados y apunt\u00f3:\u00a0&#8220;Much\u00edsima gente la pasa peor con mucho menos&#8221;"},"content":{"rendered":"\n<h2 class=\"wp-block-heading\" style=\"font-size:24px\">El Presidente le pidi\u00f3 a Mart\u00edn Menem que d\u00e9 marcha atr\u00e1s con la cl\u00e1usula que establec\u00eda una suba de las dietas de los legisladores en un 30%.<\/h2>\n\n\n\n<p class=\"has-medium-font-size\">El presidente<strong>\u00a0Javier Milei\u00a0<\/strong>se refiri\u00f3 a uno de las decisiones de su Gobierno que\u00a0<strong>gener\u00f3 m\u00e1s controversia en las \u00faltimas horas<\/strong>: \u00a0<strong><a href=\"https:\/\/www.ambito.com\/politica\/martin-menen-justifico-el-aumento-del-30-diputados-y-senadores-n5961292\" target=\"_blank\" rel=\"noreferrer noopener\">30% de las dietas de los diputados y senadores<\/a><\/strong>. El mandatario remarc\u00f3 su disconformidad con esta situaci\u00f3n y reconoci\u00f3 que<strong>\u00a0hay &#8220;<em>much\u00edsima gente la pasa peor con much\u00edsima menos plata<\/em>&#8220;<\/strong>. En ese sentido, apunt\u00f3 contra los legisladores y cuestion\u00f3:<strong>\u00a0&#8220;<em>Que no me vengan con que a ellos no les alcanza<\/em>&#8220;.<\/strong><\/p>\n\n\n\n<figure class=\"wp-block-image is-resized\"><img decoding=\"async\" src=\"https:\/\/media.ambito.com\/p\/bab509b5d271416c29de979eb0a89c47\/adjuntos\/239\/imagenes\/041\/227\/0041227744\/655x368\/smart\/milei-amparo-judicialjpg.jpg\" alt=\"Javier Milei critic\u00f3 el aumento a los diputados y apunt\u00f3: Much\u00edsima gente la pasa peor con mucho menos\" style=\"width:840px;height:auto\"\/><figcaption class=\"wp-element-caption\">Javier Milei critic\u00f3 el aumento a los diputados y apunt\u00f3: &#8220;Much\u00edsima gente la pasa peor con mucho menos&#8221; &#8220;Que no me vengan con que no les alcanza&#8221;.<\/figcaption><\/figure>\n\n\n\n<p class=\"has-medium-font-size\">Sobre este problema que gener\u00f3 fuerte indignaci\u00f3n en gran parte de la sociedad, Milei aclar\u00f3 c\u00f3mo se dio la situaci\u00f3n del aumento y explic\u00f3: &#8220;<strong><em>Tanto Mart\u00edn (Menem) como Victoria (Villarruel) ten\u00edan que firmar los aumentos de la gente del Congreso y en funci\u00f3n de eso se firm\u00f3 eso.\u00a0Obviamente que dada la situaci\u00f3n del pa\u00eds, yo le dije a Mart\u00edn que saque esa cl\u00e1usula y que avance algo que quede desligado y que los pol\u00edticos voten a ver qu\u00e9 quieren hacer con las dietas\u00a0y que\u00a0queden expuestos\u00a0frente a la sociedad<\/em><\/strong>&#8220;, sostuvo en di\u00e1logo con LN+.<\/p>\n\n\n\n<p class=\"has-medium-font-size\">De esta manera enfatiz\u00f3 que &#8220;<strong><em>no est\u00e1 de acuerdo con que se suban el sueldo<\/em><\/strong>&#8221; y si bien reconoci\u00f3 que &#8220;<strong><em>pueden tener necesidades<\/em><\/strong>&#8220;, remarc\u00f3 que &#8220;<strong><em>hay un 60% de argentinos pobres y 10% de argentinos indigentes<\/em><\/strong>&#8220;.<\/p>\n\n\n\n<p class=\"has-medium-font-size\">El incremento salarial para diputados y senadores gener\u00f3&nbsp;<strong>indignaci\u00f3n en gran parte de la sociedad&nbsp;<\/strong>e incluso lleg\u00f3 a parte de la pol\u00edtica y del oficialismo frente a la grave situaci\u00f3n econ\u00f3mica del pa\u00eds que impacta sobre los ingresos de todos los argentinos, entre ellos los jubilados.<\/p>\n\n\n\n<h2 class=\"wp-block-heading\" style=\"font-size:24px\">Marcha atr\u00e1s<\/h2>\n\n\n\n<p class=\"has-medium-font-size\">El presidente de la C\u00e1mara de Diputados,&nbsp;<strong>Mart\u00edn Menem,<\/strong>&nbsp;anunci\u00f3 que por pedido del presidente Javier Milei&nbsp;<strong>presentar\u00e1n un proyecto de ley para retrotraer el aumento salarial del 30%<\/strong>&nbsp;que fue otorgado a miembros de la C\u00e1mara baja y del Senado. Sin embargo, se\u00f1alaron que la decisi\u00f3n no tendr\u00eda el aval de la vicepresidenta, Victoria Villarruel.<\/p>\n\n\n\n<p class=\"has-medium-font-size\"><strong><em>&#8220;Por orden del Presidente Javier Milei, vamos a presentar un proyecto para RETROTRAER el aumento que fue otorgado a diputados y senadores de la Naci\u00f3n de manera autom\u00e1tica, debido a la resoluci\u00f3n 0013\/11 firmada por el ex-presidente del Senado Amado Boudou y el ex-presidente de la C\u00e1mara de Diputados Juli\u00e1n Dom\u00ednguez en el a\u00f1o 2011<\/em><\/strong>&#8220;, se\u00f1al\u00f3 Menem.<\/p>\n\n\n\n<p class=\"has-medium-font-size\">Fuente: Con informaci\u00f3n de \u00c1mbito<\/p>\n","protected":false},"excerpt":{"rendered":"<p>El Presidente le pidi\u00f3 a Mart\u00edn Menem que d\u00e9 marcha atr\u00e1s con la cl\u00e1usula que establec\u00eda una suba de las dietas de los legisladores en un 30%. El presidente\u00a0Javier Milei\u00a0se refiri\u00f3 a uno de las decisiones de su Gobierno que\u00a0gener\u00f3 m\u00e1s controversia en las \u00faltimas horas: \u00a030% de las dietas de los diputados y senadores. [&hellip;]<\/p>\n","protected":false},"author":3,"featured_media":3660,"comment_status":"closed","ping_status":"open","sticky":false,"template":"","format":"standard","meta":{"footnotes":""},"categories":[81,39],"tags":[412,575,40,242],"class_list":["post-3659","post","type-post","status-publish","format-standard","has-post-thumbnail","hentry","category-nacional","category-politica","tag-javier-milei","tag-martin-menem","tag-politica","tag-victoria-villaruel"],"blog_post_layout_featured_media_urls":{"thumbnail":["https:\/\/lavozdisruptiva.com\/wp-content\/uploads\/2024\/03\/milei-3-150x150.jpeg",150,150,true],"full":["https:\/\/lavozdisruptiva.com\/wp-content\/uploads\/2024\/03\/milei-3.jpeg",1075,807,false]},"categories_names":{"81":{"name":"Nacional","link":"https:\/\/lavozdisruptiva.com\/index.php\/category\/nacional\/"},"39":{"name":"Pol\u00edtica","link":"https:\/\/lavozdisruptiva.com\/index.php\/category\/politica\/"}},"tags_names":{"412":{"name":"Javier Milei","link":"https:\/\/lavozdisruptiva.com\/index.php\/tag\/javier-milei\/"},"575":{"name":"Mart\u00edn Menem","link":"https:\/\/lavozdisruptiva.com\/index.php\/tag\/martin-menem\/"},"40":{"name":"Pol\u00edtica","link":"https:\/\/lavozdisruptiva.com\/index.php\/tag\/politica\/"},"242":{"name":"Victoria Villaruel","link":"https:\/\/lavozdisruptiva.com\/index.php\/tag\/victoria-villaruel\/"}},"comments_number":"0","wpmagazine_modules_lite_featured_media_urls":{"thumbnail":["https:\/\/lavozdisruptiva.com\/wp-content\/uploads\/2024\/03\/milei-3-150x150.jpeg",150,150,true],"cvmm-medium":["https:\/\/lavozdisruptiva.com\/wp-content\/uploads\/2024\/03\/milei-3-300x300.jpeg",300,300,true],"cvmm-medium-plus":["https:\/\/lavozdisruptiva.com\/wp-content\/uploads\/2024\/03\/milei-3-305x207.jpeg",305,207,true],"cvmm-portrait":["https:\/\/lavozdisruptiva.com\/wp-content\/uploads\/2024\/03\/milei-3-400x600.jpeg",400,600,true],"cvmm-medium-square":["https:\/\/lavozdisruptiva.com\/wp-content\/uploads\/2024\/03\/milei-3-600x600.jpeg",600,600,true],"cvmm-large":["https:\/\/lavozdisruptiva.com\/wp-content\/uploads\/2024\/03\/milei-3-1024x807.jpeg",1024,807,true],"cvmm-small":["https:\/\/lavozdisruptiva.com\/wp-content\/uploads\/2024\/03\/milei-3-130x95.jpeg",130,95,true],"full":["https:\/\/lavozdisruptiva.com\/wp-content\/uploads\/2024\/03\/milei-3.jpeg",1075,807,false]},"_links":{"self":[{"href":"https:\/\/lavozdisruptiva.com\/index.php\/wp-json\/wp\/v2\/posts\/3659","targetHints":{"allow":["GET"]}}],"collection":[{"href":"https:\/\/lavozdisruptiva.com\/index.php\/wp-json\/wp\/v2\/posts"}],"about":[{"href":"https:\/\/lavozdisruptiva.com\/index.php\/wp-json\/wp\/v2\/types\/post"}],"author":[{"embeddable":true,"href":"https:\/\/lavozdisruptiva.com\/index.php\/wp-json\/wp\/v2\/users\/3"}],"replies":[{"embeddable":true,"href":"https:\/\/lavozdisruptiva.com\/index.php\/wp-json\/wp\/v2\/comments?post=3659"}],"version-history":[{"count":1,"href":"https:\/\/lavozdisruptiva.com\/index.php\/wp-json\/wp\/v2\/posts\/3659\/revisions"}],"predecessor-version":[{"id":3661,"href":"https:\/\/lavozdisruptiva.com\/index.php\/wp-json\/wp\/v2\/posts\/3659\/revisions\/3661"}],"wp:featuredmedia":[{"embeddable":true,"href":"https:\/\/lavozdisruptiva.com\/index.php\/wp-json\/wp\/v2\/media\/3660"}],"wp:attachment":[{"href":"https:\/\/lavozdisruptiva.com\/index.php\/wp-json\/wp\/v2\/media?parent=3659"}],"wp:term":[{"taxonomy":"category","embeddable":true,"href":"https:\/\/lavozdisruptiva.com\/index.php\/wp-json\/wp\/v2\/categories?post=3659"},{"taxonomy":"post_tag","embeddable":true,"href":"https:\/\/lavozdisruptiva.com\/index.php\/wp-json\/wp\/v2\/tags?post=3659"}],"curies":[{"name":"wp","href":"https:\/\/api.w.org\/{rel}","templated":true}]}}