{"id":3361,"date":"2024-02-02T19:52:35","date_gmt":"2024-02-02T22:52:35","guid":{"rendered":"https:\/\/lavozdisruptiva.com\/?p=3361"},"modified":"2024-02-07T12:46:07","modified_gmt":"2024-02-07T15:46:07","slug":"diputados-aprobo-en-general-la-ley-omnibus","status":"publish","type":"post","link":"https:\/\/lavozdisruptiva.com\/index.php\/2024\/02\/02\/diputados-aprobo-en-general-la-ley-omnibus\/","title":{"rendered":"Diputados aprob\u00f3 en general la ley \u00f3mnibus"},"content":{"rendered":"\n<p style=\"font-size:24px\"><strong>Despu\u00e9s de m\u00e1s\u00a029 horas de debate\u00a0distribuidos en tres d\u00edas, lo que ya constituye la sesi\u00f3n mas larga de la historia Argentina, la C\u00e1mara de Diputados aprob\u00f3 el dictamen de mayor\u00eda de la\u00a0ley \u00f3mnibus\u00a0con 144 votos a favor y 109 en contra. Se discutir\u00e1 art\u00edculo por art\u00edculo la semana que viene.<\/strong><\/p>\n\n\n\n<figure class=\"wp-block-image size-full\"><img loading=\"lazy\" decoding=\"async\" width=\"720\" height=\"479\" src=\"https:\/\/lavozdisruptiva.com\/wp-content\/uploads\/2024\/02\/ley-omnibus-2.jpeg\" alt=\"\" class=\"wp-image-3364\" srcset=\"https:\/\/lavozdisruptiva.com\/wp-content\/uploads\/2024\/02\/ley-omnibus-2.jpeg 720w, https:\/\/lavozdisruptiva.com\/wp-content\/uploads\/2024\/02\/ley-omnibus-2-300x200.jpeg 300w\" sizes=\"auto, (max-width: 720px) 100vw, 720px\" \/><\/figure>\n\n\n\n<p class=\"has-medium-font-size\">Esto no significa que la totalidad del proyecto consigui\u00f3 la media sanci\u00f3n, ya que iniciar\u00e1 la segunda fase de la discusi\u00f3n parlamentaria: el del<strong>\u00a0tratamiento art\u00edculo por art\u00edculo<\/strong>, que podr\u00eda desmembrar el ya recortado paquete de reformas oficialista a partir del martes 6 de febrero a las 14 horas.<\/p>\n\n\n\n<p class=\"has-medium-font-size\">Los integrantes de los tres bloques de oposici\u00f3n acuerdista que garantizaron la aprobaci\u00f3n tienen libertad de acci\u00f3n para discutir cada art\u00edculo: las voluntades de la<strong>\u00a0Uni\u00f3n C\u00edvica Radical (UCR)<\/strong>,\u00a0<strong>Hacemos Coalici\u00f3n Federal (HCF)<\/strong>\u00a0e\u00a0<strong>Innovaci\u00f3n Federal<\/strong>\u00a0se regir\u00e1n a partir de ahora por convicciones o demandas provinciales, ya no por vocaci\u00f3n de gobernabilidad. Su postura le permiti\u00f3 al Presidente aprobar su ambicioso proyecto de ley, pero argumentar\u00e1n que sus esfuerzos en la negociaci\u00f3n mejoraron el texto que se deber\u00e1 discutir en el\u00a0<strong>Senado<\/strong>.<\/p>\n\n\n\n<p class=\"has-medium-font-size\">Distintos son los casos de los que acompa\u00f1ar\u00e1n en su totalidad, como l\u00f3gicamente lo har\u00e1 el bloque de&nbsp;<strong>La Libertad Avanza<\/strong>&nbsp;y el del&nbsp;<strong>PRO.&nbsp;<\/strong>Este \u00faltimo caso, a pesar de subrayar hace semanas su respaldo total, podr\u00eda tener matices: algunos discursos de este bloque insinuaron alguna resistencia respaldadas en<strong>&nbsp;intereses de industrias regionales<\/strong>.<\/p>\n\n\n\n<p class=\"has-medium-font-size\">En la situaci\u00f3n opuesta est\u00e1n el&nbsp;<strong>Frente de Izquierda&nbsp;<\/strong>y&nbsp;<strong>Uni\u00f3n por la Patria&nbsp;<\/strong>cuya posici\u00f3n inicial ser\u00eda rechazar todo el proyecto. El presidente del bloque,&nbsp;<strong>Germ\u00e1n Mart\u00ednez<\/strong>, ya convoc\u00f3 a la&nbsp;<strong>C\u00e1mara de Diputados&nbsp;<\/strong>a rechazar el&nbsp;<strong>DNU<\/strong>, la pr\u00f3xima batalla de la oposici\u00f3n. El peronismo modific\u00f3 su posici\u00f3n a lo largo de la \u00faltima jornada: dando por sentada la aprobaci\u00f3n de la&nbsp;<strong>ley \u00f3mnibus<\/strong>, remarcaron las modificaciones al texto original a partir de las intervenciones de la sociedad civil y las negociaciones de los gobernadores provinciales. La postura de estos mandatarios ser\u00e1n fundamentales para la segunda etapa.<\/p>\n\n\n\n<h2 class=\"wp-block-heading has-medium-font-size\">Ley \u00f3mnibus: c\u00f3mo fue el voto a voto<\/h2>\n\n\n\n<p class=\"has-medium-font-size\">Los 144 votos a favor que obtuvo la&nbsp;<strong>ley \u00f3mnibus&nbsp;<\/strong>se distribuyeron de la siguiente forma:<\/p>\n\n\n\n<ul class=\"wp-block-list\">\n<li class=\"has-medium-font-size\"><strong>La Libertad Avanza:&nbsp;<\/strong>37 diputados.<\/li>\n\n\n\n<li class=\"has-medium-font-size\"><strong>PRO<\/strong>: 37 diputados.<\/li>\n\n\n\n<li class=\"has-medium-font-size\"><strong>Uni\u00f3n C\u00edvica Radical<\/strong>: 32 diputados.<\/li>\n\n\n\n<li class=\"has-medium-font-size\"><strong>Hacemos Coalici\u00f3n Federal<\/strong>: 18 diputados.<\/li>\n\n\n\n<li class=\"has-medium-font-size\"><strong>Innovaci\u00f3n Federal<\/strong>: 9 diputados.<\/li>\n\n\n\n<li class=\"has-medium-font-size\"><strong>Independencia<\/strong>: 3 diputados.<\/li>\n\n\n\n<li class=\"has-medium-font-size\"><strong>Producci\u00f3n y Trabajo<\/strong>: 2 diputados.<\/li>\n\n\n\n<li class=\"has-medium-font-size\"><strong>Buenos Aires Libre<\/strong>: 2 diputadas.<\/li>\n\n\n\n<li class=\"has-medium-font-size\"><strong>Avanza Libertad<\/strong>: 1 diputado.<\/li>\n\n\n\n<li class=\"has-medium-font-size\"><strong>Creo<\/strong>: 1 diputada.<\/li>\n\n\n\n<li class=\"has-medium-font-size\"><strong>La Uni\u00f3n Mendocina<\/strong>: 1 diputado.<\/li>\n\n\n\n<li class=\"has-medium-font-size\"><strong>Por Santa Cruz<\/strong>: 1 diputado.<\/li>\n<\/ul>\n\n\n\n<p class=\"has-medium-font-size\">Por otro lado, los 109 votos en contra estuvieron compuestos por:<\/p>\n\n\n\n<ul class=\"wp-block-list\">\n<li class=\"has-medium-font-size\"><strong>Uni\u00f3n por la Patria:&nbsp;<\/strong>97 votos.<\/li>\n\n\n\n<li class=\"has-medium-font-size\"><strong>Frente de Izquierda:&nbsp;<\/strong>5 votos.<\/li>\n\n\n\n<li class=\"has-medium-font-size\"><strong>Hacemos Coalici\u00f3n Federal<\/strong>: 4 diputados (Margarita Stolbizer, Natalia de la Sota, M\u00f3nica Fein y Esteban Paul\u00f3n).<\/li>\n\n\n\n<li class=\"has-medium-font-size\"><strong>Uni\u00f3n C\u00edvica Radical:&nbsp;<\/strong>2 diputados (Facundo Manes y Pablo Juliano).<\/li>\n\n\n\n<li class=\"has-medium-font-size\"><strong>Por Santa Cruz<\/strong>: 1 diputado.<\/li>\n<\/ul>\n\n\n\n<p class=\"has-medium-font-size\">Se registraron tres ausencias (el chubutense Jorge \u00c1vila, de\u00a0<strong>Hacemos Coalici\u00f3n Federal<\/strong>, el santiague\u00f1o Jos\u00e9 G\u00f3mez y el juje\u00f1o Guillermo Snopek, de\u00a0<strong>Uni\u00f3n por la Patria<\/strong>) y\u00a0<strong>Mart\u00edn Menem\u00a0<\/strong>-presidente de la\u00a0<strong>C\u00e1mara de Diputados<\/strong>&#8211; no emiti\u00f3 voto.<\/p>\n\n\n\n<p class=\"has-medium-font-size\">Fuente: \u00c1mbito<\/p>\n","protected":false},"excerpt":{"rendered":"<p>Despu\u00e9s de m\u00e1s\u00a029 horas de debate\u00a0distribuidos en tres d\u00edas, lo que ya constituye la sesi\u00f3n mas larga de la historia Argentina, la C\u00e1mara de Diputados aprob\u00f3 el dictamen de mayor\u00eda de la\u00a0ley \u00f3mnibus\u00a0con 144 votos a favor y 109 en contra. Se discutir\u00e1 art\u00edculo por art\u00edculo la semana que viene. Esto no significa que la [&hellip;]<\/p>\n","protected":false},"author":3,"featured_media":3362,"comment_status":"closed","ping_status":"open","sticky":false,"template":"","format":"standard","meta":{"footnotes":""},"categories":[4,81,39],"tags":[66,412,430,40],"class_list":["post-3361","post","type-post","status-publish","format-standard","has-post-thumbnail","hentry","category-economia","category-nacional","category-politica","tag-economia","tag-javier-milei","tag-ley-omnibus","tag-politica"],"blog_post_layout_featured_media_urls":{"thumbnail":["https:\/\/lavozdisruptiva.com\/wp-content\/uploads\/2024\/02\/Ley-omnibus-3-150x150.webp",150,150,true],"full":["https:\/\/lavozdisruptiva.com\/wp-content\/uploads\/2024\/02\/Ley-omnibus-3.webp",1200,675,false]},"categories_names":{"4":{"name":"Econom\u00eda","link":"https:\/\/lavozdisruptiva.com\/index.php\/category\/economia\/"},"81":{"name":"Nacional","link":"https:\/\/lavozdisruptiva.com\/index.php\/category\/nacional\/"},"39":{"name":"Pol\u00edtica","link":"https:\/\/lavozdisruptiva.com\/index.php\/category\/politica\/"}},"tags_names":{"66":{"name":"Econom\u00eda","link":"https:\/\/lavozdisruptiva.com\/index.php\/tag\/economia\/"},"412":{"name":"Javier Milei","link":"https:\/\/lavozdisruptiva.com\/index.php\/tag\/javier-milei\/"},"430":{"name":"Ley \u00d3mnibus","link":"https:\/\/lavozdisruptiva.com\/index.php\/tag\/ley-omnibus\/"},"40":{"name":"Pol\u00edtica","link":"https:\/\/lavozdisruptiva.com\/index.php\/tag\/politica\/"}},"comments_number":"0","wpmagazine_modules_lite_featured_media_urls":{"thumbnail":["https:\/\/lavozdisruptiva.com\/wp-content\/uploads\/2024\/02\/Ley-omnibus-3-150x150.webp",150,150,true],"cvmm-medium":["https:\/\/lavozdisruptiva.com\/wp-content\/uploads\/2024\/02\/Ley-omnibus-3-300x300.webp",300,300,true],"cvmm-medium-plus":["https:\/\/lavozdisruptiva.com\/wp-content\/uploads\/2024\/02\/Ley-omnibus-3-305x207.webp",305,207,true],"cvmm-portrait":["https:\/\/lavozdisruptiva.com\/wp-content\/uploads\/2024\/02\/Ley-omnibus-3-400x600.webp",400,600,true],"cvmm-medium-square":["https:\/\/lavozdisruptiva.com\/wp-content\/uploads\/2024\/02\/Ley-omnibus-3-600x600.webp",600,600,true],"cvmm-large":["https:\/\/lavozdisruptiva.com\/wp-content\/uploads\/2024\/02\/Ley-omnibus-3-1024x675.webp",1024,675,true],"cvmm-small":["https:\/\/lavozdisruptiva.com\/wp-content\/uploads\/2024\/02\/Ley-omnibus-3-130x95.webp",130,95,true],"full":["https:\/\/lavozdisruptiva.com\/wp-content\/uploads\/2024\/02\/Ley-omnibus-3.webp",1200,675,false]},"_links":{"self":[{"href":"https:\/\/lavozdisruptiva.com\/index.php\/wp-json\/wp\/v2\/posts\/3361","targetHints":{"allow":["GET"]}}],"collection":[{"href":"https:\/\/lavozdisruptiva.com\/index.php\/wp-json\/wp\/v2\/posts"}],"about":[{"href":"https:\/\/lavozdisruptiva.com\/index.php\/wp-json\/wp\/v2\/types\/post"}],"author":[{"embeddable":true,"href":"https:\/\/lavozdisruptiva.com\/index.php\/wp-json\/wp\/v2\/users\/3"}],"replies":[{"embeddable":true,"href":"https:\/\/lavozdisruptiva.com\/index.php\/wp-json\/wp\/v2\/comments?post=3361"}],"version-history":[{"count":1,"href":"https:\/\/lavozdisruptiva.com\/index.php\/wp-json\/wp\/v2\/posts\/3361\/revisions"}],"predecessor-version":[{"id":3365,"href":"https:\/\/lavozdisruptiva.com\/index.php\/wp-json\/wp\/v2\/posts\/3361\/revisions\/3365"}],"wp:featuredmedia":[{"embeddable":true,"href":"https:\/\/lavozdisruptiva.com\/index.php\/wp-json\/wp\/v2\/media\/3362"}],"wp:attachment":[{"href":"https:\/\/lavozdisruptiva.com\/index.php\/wp-json\/wp\/v2\/media?parent=3361"}],"wp:term":[{"taxonomy":"category","embeddable":true,"href":"https:\/\/lavozdisruptiva.com\/index.php\/wp-json\/wp\/v2\/categories?post=3361"},{"taxonomy":"post_tag","embeddable":true,"href":"https:\/\/lavozdisruptiva.com\/index.php\/wp-json\/wp\/v2\/tags?post=3361"}],"curies":[{"name":"wp","href":"https:\/\/api.w.org\/{rel}","templated":true}]}}