{"id":3336,"date":"2024-02-01T11:30:41","date_gmt":"2024-02-01T14:30:41","guid":{"rendered":"https:\/\/lavozdisruptiva.com\/?p=3336"},"modified":"2024-02-01T11:30:43","modified_gmt":"2024-02-01T14:30:43","slug":"afip-suspende-ejecuciones-y-embargos-contra-pymes-y-otros-contribuyentes-hasta-el-31-de-julio","status":"publish","type":"post","link":"https:\/\/lavozdisruptiva.com\/index.php\/2024\/02\/01\/afip-suspende-ejecuciones-y-embargos-contra-pymes-y-otros-contribuyentes-hasta-el-31-de-julio\/","title":{"rendered":"AFIP: Suspende ejecuciones y embargos contra pymes y otros contribuyentes hasta el 31 de julio"},"content":{"rendered":"\n<h2 class=\"wp-block-heading\" style=\"font-size:24px\">La medida alcanza a las microempresas, peque\u00f1os tributantes, entidades sin fines de lucro y contribuyentes del sector salud.La novedad fue adelantada por el ministro Luis Caputo en redes se oficializa este jueves en el Bolet\u00edn Oficial.<\/h2>\n\n\n\n<p><a href=\"https:\/\/www.clarin.com\/economia\/afip-suspende-ejecuciones-fiscales-embargos-pymes-contribuyentes-31-julio_0_0M3RMfAMyj.html#\"><\/a><\/p>\n\n\n\n<p class=\"has-medium-font-size\">La Administraci\u00f3n Federal de Ingresos P\u00fablicos (AFIP) inform\u00f3 este mi\u00e9rcoles que suspende hasta el 31 de julio de 2024, inclusive, la iniciaci\u00f3n de juicios de ejecuci\u00f3n fiscal y la traba de medidas cautelares.<\/p>\n\n\n\n<p class=\"has-medium-font-size\">&#8220;<strong><em>La norma alcanza a las micro, peque\u00f1as y medianas empresas &#8211; Tramo I y II -, peque\u00f1os contribuyentes, entidades sin fines de lucro y contribuyentes del sector salud<\/em><\/strong>&#8220;, comunic\u00f3 la entidad.<\/p>\n\n\n\n<p><img loading=\"lazy\" decoding=\"async\" width=\"1256\" height=\"620\" src=\"https:\/\/www.clarin.com\/img\/2024\/02\/01\/skWLCOZmV_1256x620__1.jpg\" alt=\"La AFIP suspende ejecuciones fiscales y embargos contra pymes y otros contribuyentes hasta el 31 de julio\">Luis &#8220;Toto&#8221; Caputo adelant\u00f3 las medidas de alivio de la AFIP en sus redes. <\/p>\n\n\n\n<p class=\"has-medium-font-size\">El ministro de Econom\u00eda, Luis Caputo, se anticip\u00f3 a la publicaci\u00f3n de la medida en el Bolet\u00edn Oficial y celebr\u00f3 la novedad por redes sociales, d\u00e1ndole aire a las pymes.<\/p>\n\n\n\n<p class=\"has-medium-font-size\">\u201c<strong><em>Ma\u00f1ana (por este jueves) saldr\u00e1 en el Bolet\u00edn Oficial la Resoluci\u00f3n Ministerial que instruye a la AFIP a suspender hasta el 31 de Julio el inicio de los juicios de ejecuci\u00f3n fiscal y la traba de medidas cautelares a las micro, peque\u00f1as y medianas empresas -Tramo 1 y 2-, a las personas humanas y sucesiones indivisas que sean consideradas peque\u00f1os contribuyentes, a las entidades sin fines de lucro y a los contribuyentes pertenecientes al sector de salud\u201d<\/em><\/strong>, expres\u00f3 el funcionario por su cuenta de X.<\/p>\n\n\n\n<p class=\"has-medium-font-size\">La medida se tom\u00f3 a pocas horas de levantarse la feria judicial y con el existente riesgo para las pymes de volver a enfrentarse a embargos de cuentas y ejecuciones fiscales por irregularidades impositivas.<\/p>\n\n\n\n<p class=\"has-medium-font-size\">En septiembre de 2023, el <strong>exministro de Econom\u00eda Sergio Massa hab\u00eda dispuesto la suspensi\u00f3n del inicio de los juicios de ejecuci\u00f3n fiscal hasta el 31 de diciembre de 2023, inclusive,<\/strong> para peque\u00f1os contribuyentes y micro y peque\u00f1as empresas.<\/p>\n\n\n\n<p class=\"has-medium-font-size\">Como en enero se extendi\u00f3 la feria judicial, la medida mantuvo su vigencia un mes m\u00e1s, pero autom\u00e1ticamente el primer de febrero, con el reinicio de las tareas judiciales, las Pymes iban a padecer las dificultades con el fisco por no poder estar al d\u00eda con las cuestiones impositivas.<\/p>\n\n\n\n<h2 class=\"wp-block-heading\" style=\"font-size:24px\">Otro alivio para las pymes<\/h2>\n\n\n\n<p class=\"has-medium-font-size\">Durante esta semana, la AFIP hab\u00eda formalizado la reducci\u00f3n en la tasa de financiaci\u00f3n de los planes de pago de deuda impositiva para las micro, peque\u00f1as y medianas empresas, revirtiendo el aumento aplicado.<\/p>\n\n\n\n<p class=\"has-medium-font-size\">&#8220;<strong><em>Nuestra intenci\u00f3n es que a futuro la AFIP deje de financiar estos planes, pero entendemos que la transici\u00f3n hacia un pa\u00eds donde las Pymes puedan acceder m\u00e1s f\u00e1cilmente a cr\u00e9ditos bancarios tomar\u00e1 alg\u00fan tiempo&#8221;<\/em><\/strong>, dijo Caputo en un comunicado.<\/p>\n\n\n\n<p class=\"has-medium-font-size\">El ministro de Econom\u00eda remarc\u00f3 que la medida &#8220;<strong><em>contribuye a facilitar los procesos de financiamiento para que las empresas cumplan con sus compromisos impositivos locales y potenciar la actividad entendiendo su coyuntura y sus particularidades<\/em><\/strong>&#8220;.<\/p>\n\n\n\n<p>Fuente: Clar\u00edn<\/p>\n","protected":false},"excerpt":{"rendered":"<p>La medida alcanza a las microempresas, peque\u00f1os tributantes, entidades sin fines de lucro y contribuyentes del sector salud.La novedad fue adelantada por el ministro Luis Caputo en redes se oficializa este jueves en el Bolet\u00edn Oficial. La Administraci\u00f3n Federal de Ingresos P\u00fablicos (AFIP) inform\u00f3 este mi\u00e9rcoles que suspende hasta el 31 de julio de 2024, [&hellip;]<\/p>\n","protected":false},"author":3,"featured_media":3337,"comment_status":"closed","ping_status":"open","sticky":false,"template":"","format":"standard","meta":{"footnotes":""},"categories":[4,81,39],"tags":[355,66,410,40,496],"class_list":["post-3336","post","type-post","status-publish","format-standard","has-post-thumbnail","hentry","category-economia","category-nacional","category-politica","tag-afip","tag-economia","tag-luis-caputo","tag-politica","tag-pymes"],"blog_post_layout_featured_media_urls":{"thumbnail":["https:\/\/lavozdisruptiva.com\/wp-content\/uploads\/2024\/02\/toto-caputo-conferencia-prensajpg-150x150.webp",150,150,true],"full":["https:\/\/lavozdisruptiva.com\/wp-content\/uploads\/2024\/02\/toto-caputo-conferencia-prensajpg.webp",1200,630,false]},"categories_names":{"4":{"name":"Econom\u00eda","link":"https:\/\/lavozdisruptiva.com\/index.php\/category\/economia\/"},"81":{"name":"Nacional","link":"https:\/\/lavozdisruptiva.com\/index.php\/category\/nacional\/"},"39":{"name":"Pol\u00edtica","link":"https:\/\/lavozdisruptiva.com\/index.php\/category\/politica\/"}},"tags_names":{"355":{"name":"AFIP","link":"https:\/\/lavozdisruptiva.com\/index.php\/tag\/afip\/"},"66":{"name":"Econom\u00eda","link":"https:\/\/lavozdisruptiva.com\/index.php\/tag\/economia\/"},"410":{"name":"Luis Caputo","link":"https:\/\/lavozdisruptiva.com\/index.php\/tag\/luis-caputo\/"},"40":{"name":"Pol\u00edtica","link":"https:\/\/lavozdisruptiva.com\/index.php\/tag\/politica\/"},"496":{"name":"pymes","link":"https:\/\/lavozdisruptiva.com\/index.php\/tag\/pymes\/"}},"comments_number":"0","wpmagazine_modules_lite_featured_media_urls":{"thumbnail":["https:\/\/lavozdisruptiva.com\/wp-content\/uploads\/2024\/02\/toto-caputo-conferencia-prensajpg-150x150.webp",150,150,true],"cvmm-medium":["https:\/\/lavozdisruptiva.com\/wp-content\/uploads\/2024\/02\/toto-caputo-conferencia-prensajpg-300x300.webp",300,300,true],"cvmm-medium-plus":["https:\/\/lavozdisruptiva.com\/wp-content\/uploads\/2024\/02\/toto-caputo-conferencia-prensajpg-305x207.webp",305,207,true],"cvmm-portrait":["https:\/\/lavozdisruptiva.com\/wp-content\/uploads\/2024\/02\/toto-caputo-conferencia-prensajpg-400x600.webp",400,600,true],"cvmm-medium-square":["https:\/\/lavozdisruptiva.com\/wp-content\/uploads\/2024\/02\/toto-caputo-conferencia-prensajpg-600x600.webp",600,600,true],"cvmm-large":["https:\/\/lavozdisruptiva.com\/wp-content\/uploads\/2024\/02\/toto-caputo-conferencia-prensajpg-1024x630.webp",1024,630,true],"cvmm-small":["https:\/\/lavozdisruptiva.com\/wp-content\/uploads\/2024\/02\/toto-caputo-conferencia-prensajpg-130x95.webp",130,95,true],"full":["https:\/\/lavozdisruptiva.com\/wp-content\/uploads\/2024\/02\/toto-caputo-conferencia-prensajpg.webp",1200,630,false]},"_links":{"self":[{"href":"https:\/\/lavozdisruptiva.com\/index.php\/wp-json\/wp\/v2\/posts\/3336","targetHints":{"allow":["GET"]}}],"collection":[{"href":"https:\/\/lavozdisruptiva.com\/index.php\/wp-json\/wp\/v2\/posts"}],"about":[{"href":"https:\/\/lavozdisruptiva.com\/index.php\/wp-json\/wp\/v2\/types\/post"}],"author":[{"embeddable":true,"href":"https:\/\/lavozdisruptiva.com\/index.php\/wp-json\/wp\/v2\/users\/3"}],"replies":[{"embeddable":true,"href":"https:\/\/lavozdisruptiva.com\/index.php\/wp-json\/wp\/v2\/comments?post=3336"}],"version-history":[{"count":3,"href":"https:\/\/lavozdisruptiva.com\/index.php\/wp-json\/wp\/v2\/posts\/3336\/revisions"}],"predecessor-version":[{"id":3340,"href":"https:\/\/lavozdisruptiva.com\/index.php\/wp-json\/wp\/v2\/posts\/3336\/revisions\/3340"}],"wp:featuredmedia":[{"embeddable":true,"href":"https:\/\/lavozdisruptiva.com\/index.php\/wp-json\/wp\/v2\/media\/3337"}],"wp:attachment":[{"href":"https:\/\/lavozdisruptiva.com\/index.php\/wp-json\/wp\/v2\/media?parent=3336"}],"wp:term":[{"taxonomy":"category","embeddable":true,"href":"https:\/\/lavozdisruptiva.com\/index.php\/wp-json\/wp\/v2\/categories?post=3336"},{"taxonomy":"post_tag","embeddable":true,"href":"https:\/\/lavozdisruptiva.com\/index.php\/wp-json\/wp\/v2\/tags?post=3336"}],"curies":[{"name":"wp","href":"https:\/\/api.w.org\/{rel}","templated":true}]}}