{"id":3260,"date":"2024-01-24T10:40:49","date_gmt":"2024-01-24T13:40:49","guid":{"rendered":"https:\/\/lavozdisruptiva.com\/?p=3260"},"modified":"2024-01-24T10:40:50","modified_gmt":"2024-01-24T13:40:50","slug":"paro-en-tiempo-record-de-la-cgt-a-solo-45-dias-de-la-asuncion-de-javier-milei","status":"publish","type":"post","link":"https:\/\/lavozdisruptiva.com\/index.php\/2024\/01\/24\/paro-en-tiempo-record-de-la-cgt-a-solo-45-dias-de-la-asuncion-de-javier-milei\/","title":{"rendered":"Paro en tiempo r\u00e9cord de la CGT:                                                             A solo 45 d\u00edas de la asunci\u00f3n de Javier Milei"},"content":{"rendered":"\n<h2 class=\"wp-block-heading\" style=\"font-size:24px\">La convocatoria a la huelga es la m\u00e1s r\u00e1pida de la central obrera a un nuevo gobierno. A De la R\u00faa le dieron 79 d\u00edas y con Alberto Fern\u00e1ndez no realizaron ninguna huelga.                                                                                                                                                           A los presidentes no peronistas, la CGT tard\u00f3 1108 d\u00edas en realizarle el primer paro, a los presidentes no peronistas 275 d\u00edas.  <\/h2>\n\n\n\n<p class=\"has-medium-font-size\">Apenas 45 d\u00edas pasaron del 10 de diciembre de 2023, el d\u00eda de la asunci\u00f3n de Javier Milei como presidente. Y ese es el tiempo que tard\u00f3 la CGT para realizar su primer paro general con el nuevo Gobierno. <strong>Es un r\u00e9cord que, incluso, supera al ex presidente Fernando De la R\u00faa,<\/strong> que sufri\u00f3 su primera huelga masiva reci\u00e9n a los 92 d\u00edas, es decir, tres meses. Un dato es a\u00fan m\u00e1s elocuente: el anuncio de la medida de fuerza se hizo el 28 de diciembre, a tan s\u00f3lo 18 d\u00edas de haber asumido el l\u00edder de La Libertad Avanza<a href=\"https:\/\/www.infobae.com\/politica\/2024\/01\/21\/que-presidente-enfrento-mas-paros-de-la-cgt-y-otros-conflictos-laborales-de-alcance-nacional\/\" target=\"_blank\" rel=\"noreferrer noopener\"><\/a><\/p>\n\n\n\n<p class=\"has-medium-font-size\">Desde el retorno de la democracia en 1983, los paros generales convocados por la CGT han sido una constante en el escenario sindical. Esta estrategia, que ha demostrado ser desgastante y afect\u00f3 notablemente a diversos gobiernos. De las 43 huelgas lideradas por la CGT hasta la fecha, 28 se llevaron a cabo durante administraciones no peronistas. Adem\u00e1s, durante los a\u00f1os electorales, los gobiernos no peronistas registraron el doble de paros generales en comparaci\u00f3n con sus contrapartes del PJ.<\/p>\n\n\n\n<p class=\"has-medium-font-size\">En orden cronol\u00f3gico,<strong>&nbsp;Ra\u00fal Alfons\u00edn<\/strong>&nbsp;enfrent\u00f3 13 paros generales;&nbsp;<strong>Carlos Menem<\/strong>, 8;&nbsp;<strong>Fernando De la R\u00faa<\/strong>, 8;<strong>&nbsp;Eduardo Duhalde<\/strong>, 2;&nbsp;<strong>N\u00e9stor Kirchner<\/strong>, 1;<strong>&nbsp;Cristina Kirchner<\/strong>, 5;&nbsp;<strong>Mauricio Macri<\/strong>, 5;&nbsp;<strong>Alberto Fern\u00e1ndez<\/strong>&nbsp;no enfrent\u00f3 ninguno y&nbsp;<strong>Javier Milei&nbsp;<\/strong>ya tiene el primero.<\/p>\n\n\n\n<p class=\"has-medium-font-size\">Ese r\u00e1nking, que ahora se actualiza, fue realizado por el <strong>Observatorio de Calidad Institucional de la Universidad Austral<\/strong>. Seg\u00fan esa investigaci\u00f3n, <strong>la CGT convoc\u00f3 en promedio el primer paro a los presidentes no peronistas a los 275 d\u00edas de iniciada su gesti\u00f3n<\/strong>. En contraste, l<strong>os mandatarios peronistas experimentaron su primer paro general despu\u00e9s de 1108 d\u00edas en el poder<\/strong>.<\/p>\n\n\n\n<figure class=\"wp-block-image\"><img decoding=\"async\" src=\"https:\/\/cloudfront-us-east-1.images.arcpublishing.com\/infobae\/PVNR5RM22JDHPK22HFLCH5YCKU.jpg\" alt=\"infografia\"\/><\/figure>\n\n\n\n<p style=\"font-size:24px\"><strong>El r\u00e9cord de paros lo tiene Ra\u00fal Alfons\u00edn<\/strong><\/p>\n\n\n\n<p class=\"has-medium-font-size\"><strong>El r\u00e9cord de paros generales lo mantiene Ra\u00fal Alfons\u00edn<\/strong>, que sufri\u00f3\u00a0<strong>13 protestas de ese tipo<\/strong>\u00a0promovidas por la CGT durante sus cinco a\u00f1os y medio de su gobierno, siempre con el impulso de su titular,\u00a0<strong>Sa\u00fal Ubaldini,\u00a0<\/strong>el dirigente cervecero que represent\u00f3<strong>\u00a0la m\u00e1s dura oposici\u00f3n\u00a0<\/strong>que tuvo la administraci\u00f3n radical y detr\u00e1s del cual se\u00a0<strong>encolumn\u00f3<\/strong>\u00a0un peronismo dividido (como casi siempre en la historia).<a href=\"https:\/\/www.infobae.com\/politica\/2024\/01\/18\/la-cgt-armo-una-cumbre-con-gobernadores-del-pj-para-tratar-de-frenar-los-proyectos-del-gobierno-en-el-congreso\/\" target=\"_blank\" rel=\"noreferrer noopener\"><\/a><a href=\"https:\/\/www.infobae.com\/politica\/2024\/01\/18\/la-cgt-armo-una-cumbre-con-gobernadores-del-pj-para-tratar-de-frenar-los-proyectos-del-gobierno-en-el-congreso\/\" target=\"_blank\" rel=\"noreferrer noopener\"><\/a><\/p>\n\n\n\n<p class=\"has-medium-font-size\">El mandatario radical tuvo su primer traspi\u00e9 con la frustrada\u00a0<strong>Ley de Reordenamiento Sindical,\u00a0<\/strong>bautizada como la <strong>\u201cLey Mucci\u201d<\/strong> por el primer ministro de Trabajo del alfonsinismo, Antonio Mucci, un ex dirigente gr\u00e1fico. Propon\u00eda una mayor democracia en los sindicatos, con la participaci\u00f3n de las minor\u00edas y limitaci\u00f3n de las reelecciones. El proyecto se frustr\u00f3 por un solo voto en el Senado. Ese fue el comienzo de<strong>\u00a0una relaci\u00f3n tensa entre Alfons\u00edn y el sindicalismo.\u00a0<\/strong>Los 13 paros se convirtieron casi en un acto de\u00a0<strong>hostigamiento,<\/strong>\u00a0aunque las\u00a0<strong>dificultades econ\u00f3micas y sociales<\/strong>\u00a0marcaron a fuego la gesti\u00f3n del primer gobierno democr\u00e1tico desde 1983.<\/p>\n\n\n\n<p><img loading=\"lazy\" decoding=\"async\" alt=\"Sa\u00fal Ubaldini, el impulsor de los 13 paros generales contra Ra\u00fal Alfons\u00edn\" height=\"1246\" width=\"1920\" src=\"https:\/\/www.infobae.com\/new-resizer\/GTEECqolvvxZ8PMQ5K8i3m4AkSM=\/992x614\/filters:format(webp):quality(85)\/cloudfront-us-east-1.images.arcpublishing.com\/infobae\/6BE3FJJ6UVA37EKOH3BFBRINTI.jpg%20992w\" srcset=\"https:\/\/www.infobae.com\/new-resizer\/GTEECqolvvxZ8PMQ5K8i3m4AkSM=\/992x614\/filters:format(webp):quality(85)\/cloudfront-us-east-1.images.arcpublishing.com\/infobae\/6BE3FJJ6UVA37EKOH3BFBRINTI.jpg 992w\">Sa\u00fal Ubaldini, el impulsor de los 13 paros generales contra Ra\u00fal Alfons\u00edn<\/p>\n\n\n\n<p class=\"has-medium-font-size\">Es un escenario que hace juego con el presente. En este caso, Milei no propuso una reforma por ley, sino que firm\u00f3 un DNU que estableci\u00f3 una profunda reforma en materia sindical, tanto en lo referido al sistema de indemnizaciones, como per\u00edodo de prueba, sanciones ante bloqueos, y cambios profundos en el r\u00e9gimen de obras sociales y de los aportes obligatorios que reciben los sindicatos. <strong>Los cambios en materia laboral est\u00e1n frenados por la Justicia.<\/strong><\/p>\n\n\n\n<p class=\"has-medium-font-size\">A De la R\u00faa le toc\u00f3 una feroz oposici\u00f3n sindical tambi\u00e9n por su programa econ\u00f3mico y por el proyecto de\u00a0<strong>reforma laboral\u00a0<\/strong>que termin\u00f3 con\u00a0<strong>el esc\u00e1ndalo de los sobornos<\/strong>\u00a0en el Senado, que los dirigentes del PJ inmortalizaron como <strong>\u201cLey Banelco\u201d.<\/strong> Sobre esto, y si se toma el indicador de \u201c<strong>frecuencia de paro medido en d\u00edas\u201d<\/strong>,\u00a0<strong>el \u00faltimo presidente radical era quien se llevaba la peor parte con un paro general cada 92 d\u00edas, y cierra la lista Macri, con un paro cada 292 d\u00edas.<\/strong><\/p>\n\n\n\n<p class=\"has-medium-font-size\"><strong>De la R\u00faa, hasta ahora, era quien hab\u00eda sufrido el paro m\u00e1s prematuro de toda la democracia. La Confederaci\u00f3n General del Trabajo le dio 79 d\u00edas. A Javier Milei, apenas 45, todo un r\u00e9cord<\/strong>.<\/p>\n\n\n\n<p class=\"has-medium-font-size\">Fuente: INFOBAE<\/p>\n","protected":false},"excerpt":{"rendered":"<p>La convocatoria a la huelga es la m\u00e1s r\u00e1pida de la central obrera a un nuevo gobierno. A De la R\u00faa le dieron 79 d\u00edas y con Alberto Fern\u00e1ndez no realizaron ninguna huelga. A los presidentes no peronistas, la CGT tard\u00f3 1108 d\u00edas en realizarle el primer paro, a los presidentes no peronistas 275 d\u00edas. [&hellip;]<\/p>\n","protected":false},"author":3,"featured_media":3261,"comment_status":"closed","ping_status":"open","sticky":false,"template":"","format":"standard","meta":{"footnotes":""},"categories":[81,39],"tags":[266,412,476,40],"class_list":["post-3260","post","type-post","status-publish","format-standard","has-post-thumbnail","hentry","category-nacional","category-politica","tag-cgt","tag-javier-milei","tag-paro-general","tag-politica"],"blog_post_layout_featured_media_urls":{"thumbnail":["https:\/\/lavozdisruptiva.com\/wp-content\/uploads\/2024\/01\/Protesta-2-150x150.jpeg",150,150,true],"full":["https:\/\/lavozdisruptiva.com\/wp-content\/uploads\/2024\/01\/Protesta-2.jpeg",1280,720,false]},"categories_names":{"81":{"name":"Nacional","link":"https:\/\/lavozdisruptiva.com\/index.php\/category\/nacional\/"},"39":{"name":"Pol\u00edtica","link":"https:\/\/lavozdisruptiva.com\/index.php\/category\/politica\/"}},"tags_names":{"266":{"name":"CGT","link":"https:\/\/lavozdisruptiva.com\/index.php\/tag\/cgt\/"},"412":{"name":"Javier Milei","link":"https:\/\/lavozdisruptiva.com\/index.php\/tag\/javier-milei\/"},"476":{"name":"Paro General","link":"https:\/\/lavozdisruptiva.com\/index.php\/tag\/paro-general\/"},"40":{"name":"Pol\u00edtica","link":"https:\/\/lavozdisruptiva.com\/index.php\/tag\/politica\/"}},"comments_number":"0","wpmagazine_modules_lite_featured_media_urls":{"thumbnail":["https:\/\/lavozdisruptiva.com\/wp-content\/uploads\/2024\/01\/Protesta-2-150x150.jpeg",150,150,true],"cvmm-medium":["https:\/\/lavozdisruptiva.com\/wp-content\/uploads\/2024\/01\/Protesta-2-300x300.jpeg",300,300,true],"cvmm-medium-plus":["https:\/\/lavozdisruptiva.com\/wp-content\/uploads\/2024\/01\/Protesta-2-305x207.jpeg",305,207,true],"cvmm-portrait":["https:\/\/lavozdisruptiva.com\/wp-content\/uploads\/2024\/01\/Protesta-2-400x600.jpeg",400,600,true],"cvmm-medium-square":["https:\/\/lavozdisruptiva.com\/wp-content\/uploads\/2024\/01\/Protesta-2-600x600.jpeg",600,600,true],"cvmm-large":["https:\/\/lavozdisruptiva.com\/wp-content\/uploads\/2024\/01\/Protesta-2-1024x720.jpeg",1024,720,true],"cvmm-small":["https:\/\/lavozdisruptiva.com\/wp-content\/uploads\/2024\/01\/Protesta-2-130x95.jpeg",130,95,true],"full":["https:\/\/lavozdisruptiva.com\/wp-content\/uploads\/2024\/01\/Protesta-2.jpeg",1280,720,false]},"_links":{"self":[{"href":"https:\/\/lavozdisruptiva.com\/index.php\/wp-json\/wp\/v2\/posts\/3260","targetHints":{"allow":["GET"]}}],"collection":[{"href":"https:\/\/lavozdisruptiva.com\/index.php\/wp-json\/wp\/v2\/posts"}],"about":[{"href":"https:\/\/lavozdisruptiva.com\/index.php\/wp-json\/wp\/v2\/types\/post"}],"author":[{"embeddable":true,"href":"https:\/\/lavozdisruptiva.com\/index.php\/wp-json\/wp\/v2\/users\/3"}],"replies":[{"embeddable":true,"href":"https:\/\/lavozdisruptiva.com\/index.php\/wp-json\/wp\/v2\/comments?post=3260"}],"version-history":[{"count":1,"href":"https:\/\/lavozdisruptiva.com\/index.php\/wp-json\/wp\/v2\/posts\/3260\/revisions"}],"predecessor-version":[{"id":3262,"href":"https:\/\/lavozdisruptiva.com\/index.php\/wp-json\/wp\/v2\/posts\/3260\/revisions\/3262"}],"wp:featuredmedia":[{"embeddable":true,"href":"https:\/\/lavozdisruptiva.com\/index.php\/wp-json\/wp\/v2\/media\/3261"}],"wp:attachment":[{"href":"https:\/\/lavozdisruptiva.com\/index.php\/wp-json\/wp\/v2\/media?parent=3260"}],"wp:term":[{"taxonomy":"category","embeddable":true,"href":"https:\/\/lavozdisruptiva.com\/index.php\/wp-json\/wp\/v2\/categories?post=3260"},{"taxonomy":"post_tag","embeddable":true,"href":"https:\/\/lavozdisruptiva.com\/index.php\/wp-json\/wp\/v2\/tags?post=3260"}],"curies":[{"name":"wp","href":"https:\/\/api.w.org\/{rel}","templated":true}]}}