{"id":3167,"date":"2024-01-15T12:07:55","date_gmt":"2024-01-15T15:07:55","guid":{"rendered":"https:\/\/lavozdisruptiva.com\/?p=3167"},"modified":"2024-01-15T12:07:56","modified_gmt":"2024-01-15T15:07:56","slug":"que-es-el-foro-economico-mundial-de-davos-y-para-que-va-javier-milei","status":"publish","type":"post","link":"https:\/\/lavozdisruptiva.com\/index.php\/2024\/01\/15\/que-es-el-foro-economico-mundial-de-davos-y-para-que-va-javier-milei\/","title":{"rendered":"Qu\u00e9 es el Foro Econ\u00f3mico Mundial de Davos y para qu\u00e9 va Javier Milei"},"content":{"rendered":"\n<h2 class=\"wp-block-heading\" style=\"font-size:24px\">El presidente viaja a Suiza y estar\u00e1 frente a diferentes l\u00edderes mundiales.<\/h2>\n\n\n\n<p class=\"has-medium-font-size\">El&nbsp;<strong>Foro Econ\u00f3mico Mundial<\/strong>&nbsp;re\u00fane anualmente, en la ciudad suiza de&nbsp;<strong>Davos,<\/strong>&nbsp;a jefes de Estado, l\u00edderes pol\u00edticos, empresas, sociedad civil y medios de comunicaci\u00f3n de todo el mundo para trabajar sobre los principales desaf\u00edos globales. El presidente&nbsp;<strong>Javier Milei&nbsp;<\/strong>participar\u00e1 del encuentro y ser\u00e1 uno de los focos de atenci\u00f3n.<\/p>\n\n\n\n<figure class=\"wp-block-image is-resized\"><img decoding=\"async\" src=\"https:\/\/media.ambito.com\/p\/a24ce6e2d8f1d217bb0daa2246162c21\/adjuntos\/239\/imagenes\/041\/258\/0041258323\/foro-economico-mundial-davosjpg.jpg\" alt=\"El Foro Econ\u00f3mico Mundial es una organizaci\u00f3n internacional creada en 1971, cuyo objetivo es la cooperaci\u00f3n entre lo p\u00fablico y lo privado, y del que participan l\u00edderes pol\u00edticos, empresariales y culturales. Su fundador fue el profesor de econom\u00eda Klaus Schwab.\" style=\"width:840px;height:auto\"\/><figcaption class=\"wp-element-caption\">El Foro Econ\u00f3mico Mundial es una organizaci\u00f3n internacional creada en 1971, cuyo objetivo es la cooperaci\u00f3n entre lo p\u00fablico y lo privado, y del que participan l\u00edderes pol\u00edticos, empresariales y culturales. Su fundador fue el profesor de econom\u00eda Klaus Schwab.<\/figcaption><\/figure>\n\n\n\n<p class=\"has-medium-font-size\">En la edici\u00f3n 2024, <strong>los objetivos del Foro Econ\u00f3mico Mundial estar\u00e1n enfocados en lograr la seguridad y la cooperaci\u00f3n internacional, crear crecimiento y empleo, debatir sobre la inteligencia artificial, y plantear una estrategia contra la crisis clim\u00e1tica<\/strong>.<\/p>\n\n\n\n<h2 class=\"wp-block-heading\" style=\"font-size:24px\">\u00bfCon qui\u00e9n viaj\u00f3 Javier Milei a Davos?<\/h2>\n\n\n\n<p class=\"has-medium-font-size\">El presidente Javier Milei viaja a Davos con la Canciller, Diana Mondino, la secretaria General de la Presidencia, Karina Milei, el jefe de Gabinete, Nicol\u00e1s Posse, el ministro de Econom\u00eda, Luis Caputo, y el embajador designado ante la Casa Blanca, Gerardo Werthein.<\/p>\n\n\n\n<h2 class=\"wp-block-heading\" style=\"font-size:24px\">\u00bfQu\u00e9 es el Foro Econ\u00f3mico Mundial de Davos?<\/h2>\n\n\n\n<p class=\"has-medium-font-size\"><strong>El Foro Econ\u00f3mico Mundial es una organizaci\u00f3n internacional creada en 1971, cuyo objetivo es la cooperaci\u00f3n entre lo p\u00fablico y lo privado, y del que participan l\u00edderes pol\u00edticos, empresariales y culturales. Su fundador fue el profesor de econom\u00eda Klaus Schwab.<\/strong><\/p>\n\n\n\n<p class=\"has-medium-font-size\">M\u00e1s de 2.000 l\u00edderes pol\u00edticos, empresariales, de medios de comunicaci\u00f3n y de la sociedad civil de todo el mundo participan con el objetivo de \u201c<strong>trabajar en torno a los desaf\u00edos globales m\u00e1s urgentes a trav\u00e9s de la cooperaci\u00f3n p\u00fablico-privada<\/strong>\u201d. Seg\u00fan explica el sitio web oficial, el organismo proporciona una \u201c<strong>plataforma global, imparcial y sin \u00e1nimo de lucro<\/strong>\u201d con el fin de \u201c<strong>establecer la confianza y crear iniciativas para la cooperaci\u00f3n y el progreso<\/strong>\u201d.<\/p>\n\n\n\n<p class=\"has-medium-font-size\">Originalmente, se denomin\u00f3 Foro Europeo de Gesti\u00f3n, y en sus inicios se plante\u00f3 como espacios informales centrados en \u201c<strong>c\u00f3mo las empresas europeas podr\u00edan ponerse al d\u00eda con las pr\u00e1cticas de gesti\u00f3n estadounidenses<\/strong>\u201d.<\/p>\n\n\n\n<p class=\"has-medium-font-size\">\u201c<strong>Los acontecimientos de 1973, a saber, el colapso del mecanismo de tipo de cambio fijo de Bretton Woods y la guerra \u00e1rabe-israel\u00ed, hicieron que la reuni\u00f3n anual expandiera su enfoque de la gesti\u00f3n a las cuestiones econ\u00f3micas y sociales<\/strong>\u201d, se\u00f1ala la organizaci\u00f3n en un repaso por su historia.<\/p>\n\n\n\n<p class=\"has-medium-font-size\">En ese contexto, el Foro Europeo de Gesti\u00f3n invit\u00f3 a los l\u00edderes pol\u00edticos por primera vez a Davos en enero de 1974, se convirti\u00f3 en el Foro Econ\u00f3mico Mundial en 1987, y fue reconocido formalmente como organizaci\u00f3n internacional en 2015. Actualmente, la entidad cuenta con el apoyo de 850 grandes empresas socias y lleva adelante 151 iniciativas.<\/p>\n\n\n\n<p style=\"font-size:24px\"><strong>Que busca Milei<\/strong><\/p>\n\n\n\n<p class=\"has-medium-font-size\">Su palabra es esperada con mucha atenci\u00f3n por los l\u00edderes mundiales, que ven en el libertario un experimento totalmente novedoso, en especial para la historia argentina, en t\u00e9rminos de pol\u00edtica econ\u00f3mica. Milei hablar\u00e1 este martes, y se prev\u00e9 que su discurso dure unos 25 minutos.<\/p>\n\n\n\n<p class=\"has-medium-font-size\">Milei hablar\u00e1 30 minutos en la exclusiva villa alpina suiza que concentra a los 300 due\u00f1os y CEO de empresas que mueven la plata del mundo. Har\u00e1 \u00e9nfasis en los<strong>&nbsp;beneficios de los principios libertarios<\/strong>. Y se referir\u00e1 al trabajo de su gobierno para dejar atr\u00e1s una crisis de d\u00e9cadas que ha sumergido a la Argentina en la pobreza.<\/p>\n\n\n\n<p class=\"has-medium-font-size\">Tambi\u00e9n, seg\u00fan trascendi\u00f3, dir\u00e1 que Argentina est\u00e1<strong>&nbsp;decidida ahora a convertirse en socio prioritario de los estados democr\u00e1ticos y liberales<\/strong>, que busca un acuerdo del Mercosur con la Uni\u00f3n Europea y entrar a la Organizaci\u00f3n para la Cooperaci\u00f3n y Desarrollo Econ\u00f3micos, OCDE, adem\u00e1s que seguir\u00e1 las reglas de la OMC(Organizaci\u00f3n Mundial de Comercio) y buscar\u00e1 otros acuerdos comerciales tambi\u00e9n liberales. Adem\u00e1s, que el pa\u00eds va a tener un rol activo en la defensa de la libertad y que en<strong>&nbsp;lo econ\u00f3mico intentar\u00e1 potenciar la matriz exportadora, el comercio y las inversiones.<\/strong><\/p>\n\n\n\n<p class=\"has-medium-font-size\">Fuente: \u00c1mbito\/ Medios digitales<\/p>\n","protected":false},"excerpt":{"rendered":"<p>El presidente viaja a Suiza y estar\u00e1 frente a diferentes l\u00edderes mundiales. El&nbsp;Foro Econ\u00f3mico Mundial&nbsp;re\u00fane anualmente, en la ciudad suiza de&nbsp;Davos,&nbsp;a jefes de Estado, l\u00edderes pol\u00edticos, empresas, sociedad civil y medios de comunicaci\u00f3n de todo el mundo para trabajar sobre los principales desaf\u00edos globales. El presidente&nbsp;Javier Milei&nbsp;participar\u00e1 del encuentro y ser\u00e1 uno de los focos [&hellip;]<\/p>\n","protected":false},"author":3,"featured_media":3169,"comment_status":"closed","ping_status":"open","sticky":false,"template":"","format":"standard","meta":{"footnotes":""},"categories":[4,47,39],"tags":[458,387,66,412,410,40],"class_list":["post-3167","post","type-post","status-publish","format-standard","has-post-thumbnail","hentry","category-economia","category-internacional","category-politica","tag-davos","tag-diana-mondino","tag-economia","tag-javier-milei","tag-luis-caputo","tag-politica"],"blog_post_layout_featured_media_urls":{"thumbnail":["https:\/\/lavozdisruptiva.com\/wp-content\/uploads\/2024\/01\/Davos-150x150.jpeg",150,150,true],"full":["https:\/\/lavozdisruptiva.com\/wp-content\/uploads\/2024\/01\/Davos.jpeg",1920,1080,false]},"categories_names":{"4":{"name":"Econom\u00eda","link":"https:\/\/lavozdisruptiva.com\/index.php\/category\/economia\/"},"47":{"name":"Internacional","link":"https:\/\/lavozdisruptiva.com\/index.php\/category\/internacional\/"},"39":{"name":"Pol\u00edtica","link":"https:\/\/lavozdisruptiva.com\/index.php\/category\/politica\/"}},"tags_names":{"458":{"name":"Davos","link":"https:\/\/lavozdisruptiva.com\/index.php\/tag\/davos\/"},"387":{"name":"Diana Mondino","link":"https:\/\/lavozdisruptiva.com\/index.php\/tag\/diana-mondino\/"},"66":{"name":"Econom\u00eda","link":"https:\/\/lavozdisruptiva.com\/index.php\/tag\/economia\/"},"412":{"name":"Javier Milei","link":"https:\/\/lavozdisruptiva.com\/index.php\/tag\/javier-milei\/"},"410":{"name":"Luis Caputo","link":"https:\/\/lavozdisruptiva.com\/index.php\/tag\/luis-caputo\/"},"40":{"name":"Pol\u00edtica","link":"https:\/\/lavozdisruptiva.com\/index.php\/tag\/politica\/"}},"comments_number":"0","wpmagazine_modules_lite_featured_media_urls":{"thumbnail":["https:\/\/lavozdisruptiva.com\/wp-content\/uploads\/2024\/01\/Davos-150x150.jpeg",150,150,true],"cvmm-medium":["https:\/\/lavozdisruptiva.com\/wp-content\/uploads\/2024\/01\/Davos-300x300.jpeg",300,300,true],"cvmm-medium-plus":["https:\/\/lavozdisruptiva.com\/wp-content\/uploads\/2024\/01\/Davos-305x207.jpeg",305,207,true],"cvmm-portrait":["https:\/\/lavozdisruptiva.com\/wp-content\/uploads\/2024\/01\/Davos-400x600.jpeg",400,600,true],"cvmm-medium-square":["https:\/\/lavozdisruptiva.com\/wp-content\/uploads\/2024\/01\/Davos-600x600.jpeg",600,600,true],"cvmm-large":["https:\/\/lavozdisruptiva.com\/wp-content\/uploads\/2024\/01\/Davos-1024x1024.jpeg",1024,1024,true],"cvmm-small":["https:\/\/lavozdisruptiva.com\/wp-content\/uploads\/2024\/01\/Davos-130x95.jpeg",130,95,true],"full":["https:\/\/lavozdisruptiva.com\/wp-content\/uploads\/2024\/01\/Davos.jpeg",1920,1080,false]},"_links":{"self":[{"href":"https:\/\/lavozdisruptiva.com\/index.php\/wp-json\/wp\/v2\/posts\/3167","targetHints":{"allow":["GET"]}}],"collection":[{"href":"https:\/\/lavozdisruptiva.com\/index.php\/wp-json\/wp\/v2\/posts"}],"about":[{"href":"https:\/\/lavozdisruptiva.com\/index.php\/wp-json\/wp\/v2\/types\/post"}],"author":[{"embeddable":true,"href":"https:\/\/lavozdisruptiva.com\/index.php\/wp-json\/wp\/v2\/users\/3"}],"replies":[{"embeddable":true,"href":"https:\/\/lavozdisruptiva.com\/index.php\/wp-json\/wp\/v2\/comments?post=3167"}],"version-history":[{"count":6,"href":"https:\/\/lavozdisruptiva.com\/index.php\/wp-json\/wp\/v2\/posts\/3167\/revisions"}],"predecessor-version":[{"id":3175,"href":"https:\/\/lavozdisruptiva.com\/index.php\/wp-json\/wp\/v2\/posts\/3167\/revisions\/3175"}],"wp:featuredmedia":[{"embeddable":true,"href":"https:\/\/lavozdisruptiva.com\/index.php\/wp-json\/wp\/v2\/media\/3169"}],"wp:attachment":[{"href":"https:\/\/lavozdisruptiva.com\/index.php\/wp-json\/wp\/v2\/media?parent=3167"}],"wp:term":[{"taxonomy":"category","embeddable":true,"href":"https:\/\/lavozdisruptiva.com\/index.php\/wp-json\/wp\/v2\/categories?post=3167"},{"taxonomy":"post_tag","embeddable":true,"href":"https:\/\/lavozdisruptiva.com\/index.php\/wp-json\/wp\/v2\/tags?post=3167"}],"curies":[{"name":"wp","href":"https:\/\/api.w.org\/{rel}","templated":true}]}}