{"id":3071,"date":"2024-01-10T21:24:04","date_gmt":"2024-01-11T00:24:04","guid":{"rendered":"https:\/\/lavozdisruptiva.com\/?p=3071"},"modified":"2024-01-11T11:09:01","modified_gmt":"2024-01-11T14:09:01","slug":"fin-para-el-ingenio-azucarero-de-san-javier-se-convertira-en-un-museo","status":"publish","type":"post","link":"https:\/\/lavozdisruptiva.com\/index.php\/2024\/01\/10\/fin-para-el-ingenio-azucarero-de-san-javier-se-convertira-en-un-museo\/","title":{"rendered":"Fin para el Ingenio Azucarero de San Javier.           Se convertir\u00e1 en un museo."},"content":{"rendered":"\n<h2 class=\"wp-block-heading\" style=\"font-size:24px\">La decisi\u00f3n se tom\u00f3 debido a los costos de poner en marcha toda la infraestructura industrial y a la baja estimaci\u00f3n de producci\u00f3n. <\/h2>\n\n\n\n<h2 class=\"wp-block-heading\" style=\"font-size:24px\">Por tercer a\u00f1o consecutivo no habr\u00e1 zafra ca\u00f1era en Misiones y hablan de subsidiar a los productores del sector.&nbsp;<\/h2>\n\n\n\n<p><a href=\"https:\/\/www.primeraedicion.com.ar\/wp-content\/uploads\/2024\/01\/ingenio-azucarero-san-javier.jpg\"><\/a><\/p>\n\n\n\n<figure class=\"wp-block-image\"><a href=\"https:\/\/www.primeraedicion.com.ar\/wp-content\/uploads\/2024\/01\/ingenio-azucarero-san-javier.jpg\"><img decoding=\"async\" src=\"https:\/\/www.primeraedicion.com.ar\/wp-content\/uploads\/2024\/01\/ingenio-azucarero-san-javier-750x375.jpg\" alt=\"\"\/><\/a><\/figure>\n\n\n\n<p style=\"font-size:24px\"><strong>Una larga agon\u00eda que termina en una &#8220;muerte anunciada<\/strong>&#8220;<\/p>\n\n\n\n<p class=\"has-medium-font-size\"><strong>Las autoridades provinciales (administradoras del Ingenio a trav\u00e9s del IMAC) decidieron suspender por tercer a\u00f1o consecutivo la zafra ca\u00f1era en Misiones, debido a que le es m\u00e1s rentable subsidiar a los productores que poner en marcha el \u201cobsoleto\u201d ingenio azucarero de San Javier.<\/strong><\/p>\n\n\n\n<p class=\"has-medium-font-size\">As\u00ed lo confirm\u00f3 en declaraciones radiales, el presidente del Instituto de Macroeconom\u00eda Circular (IMAC, antes IFAI),\u00a0<strong>Roque Gervasoni, quien explic\u00f3 que abrir el ingenio para producir az\u00facar y alcohol demanda un gasto imposible de recuperar en una producci\u00f3n ca\u00f1era que ha venido en picada a\u00f1o a a\u00f1o<\/strong>\u00a0\u201c<strong>Es inviable poner a trabajar ese ingenio por cuestiones econ\u00f3micas, de seguridad y producci\u00f3n de campo\u201d<\/strong>, declar\u00f3 y en un tard\u00edo reconocimiento a lo que tantas veces la oposici\u00f3n denunci\u00f3 aclar\u00f3 &#8220;<strong>que la \u00faltima vez que hubo zafra perdieron, a valor de hoy, unos $1.200 millones<\/strong>&#8220;.<\/p>\n\n\n\n<blockquote class=\"wp-block-quote is-layout-flow wp-block-quote-is-layout-flow\">\n<p class=\"has-medium-font-size\">Blanqueo tambi\u00e9n la realidad del cultivo por parte de los productores, <strong>\u201cAntes ten\u00edamos 2.900 hect\u00e1reas de ca\u00f1a y hoy hay 500\u201d,<\/strong>\u00a0indic\u00f3. &#8220;<strong>Hemos\u00a0estado subsidiando estos tres a\u00f1os a los productores de ca\u00f1a de az\u00facar sin que ellos aporten ni una sola planta, con la libertad de ellos de utilizarlo como forraje, venderlo o en la producci\u00f3n de az\u00facar rubia que es un mercado que tambi\u00e9n ellos lo trabajan mucho ya que hay una cooperativa en Moj\u00f3n Grande que se est\u00e1 estableciendo para el fraccionamiento del az\u00facar rubio y que pueda salir con una marca y las habilitaciones<\/strong>&#8220;.El a\u00f1o pasado la Provincia analiz\u00f3 la posibilidad de construir un nuevo ingenio, \u201c<strong>m\u00e1s eficiente y moderno, lamentablemente estamos en otro escenario con un d\u00f3lar que con 350 pesos era viable pero hoy a 850 y subiendo lleva un ingenio nuevo a los 7.800 millones de pesos y realmente es mucha inversi\u00f3n<\/strong>&#8221; indic\u00f3.  &#8220;<strong>La propia econom\u00eda argentina llev\u00f3 a que esa posibilidad hoy\u00a0est\u00e9 descartada&#8221;  detall\u00f3 Gervasoni.<\/strong><\/p>\n\n\n\n<p class=\"has-medium-font-size\">El  titular del IMAC\u00a0<strong>dio a entender que dif\u00edcilmente vuelva a funcionar el ingenio y expres\u00f3 que podr\u00edan convertir ese edificio industrial en \u201cun paseo tur\u00edstico o en un museo (pomposamente se denominar\u00eda Patrimonio Tur\u00edstico y Cultural)\u201d.<\/strong><\/p>\n\n\n\n<h3 class=\"wp-block-heading\" style=\"font-size:24px\">La historia<\/h3>\n\n\n\n<p class=\"has-medium-font-size\"><strong>El Ingenio Azucarero se estatiz\u00f3 en la d\u00e9cada del 90, pero su infraestructura data del a\u00f1o 1962 cuando \u201cse lo compr\u00f3 ya usado<\/strong>\u201d, record\u00f3 Gervasoni.<\/p>\n\n\n\n<p class=\"has-medium-font-size\">\u201c<strong>El ingenio est\u00e1 obsoleto, no es eficiente. Ha ido muriendo, a pesar del mantenimiento que le hicimos, como la reparaci\u00f3n de las calderas. Tambi\u00e9n hay un tema de seguridad porque el espesor de la pared, que ten\u00eda que ser de 1,8 mil\u00edmetros de espesor, en algunos lugares estaba desgastado, ten\u00eda solamente 0,7 mil\u00edmetros y hay mayores riesgos de accidentes\u201d,<\/strong>\u00a0apunt\u00f3 Gervasoni.<\/p>\n\n\n\n<p class=\"has-medium-font-size\">Adem\u00e1s,\u00a0<strong>marc\u00f3 que ante la rotura de alguna maquinaria, tiene que mandar a repararla o construirla en Tucum\u00e1n porque \u201cen Misiones no se hacen esos trabajos\u201d<\/strong>. <strong>\u201cNosotros tenemos que ser responsables con la seguridad y con los fondos del Estado\u201d<\/strong>, evalu\u00f3.<\/p>\n\n\n\n<p class=\"has-medium-font-size\">Con el ocaso de esta industria,\u00a0<strong>Gervasoni manifest\u00f3 que asignaron a los trabajadores del ingenio a otras \u00e1reas del Estado como la Municipalidad, Salud P\u00fablica y Educaci\u00f3n.\u00a0<\/strong>\u00a0En el caso de los productores, precis\u00f3 que vienen trabajando en la diversificaci\u00f3n de los mismos a trav\u00e9s de la entrega de plantines. Asimismo aparece como alternativa la producci\u00f3n de az\u00facar mascabo &#8220;<strong>porque los productores pueden fraccionarlo y envasarlo sin intermediarios<\/strong>&#8220;.\u00a0<\/p>\n\n\n\n<p class=\"has-medium-font-size\">En esa l\u00ednea,\u00a0<strong>ratific\u00f3 que este a\u00f1o otra vez entregar\u00e1n un aporte econ\u00f3mico a los productores ante la suspensi\u00f3n de la zafra. \u201cVamos a hacer un relevamiento previo para ver cu\u00e1ntas hect\u00e1reas tiene cada uno para poder ser justos y sostener la fuente de trabajo de los empleados<\/strong>\u201d, remarc\u00f3.\u00a0<\/p>\n\n\n\n<p class=\"has-medium-font-size\">Finalmente acentu\u00f3 que con\u00a0Naci\u00f3n en este momento &#8220;<strong>va a ser una pelea muy grande porque se vio que la tendencia es recortar, pero la provincia, gracias a Dios tiene un muy buen equilibrio econ\u00f3mico en la administraci\u00f3n de los fondos, tiene un sistema de recaudaci\u00f3n que\u00a0es efectivo y tenemos\u00a0garantizado poder cumplir con los subsidios y poder cumplir\u00a0con la mantenci\u00f3n de las fuentes de trabajo<\/strong>&#8220;.<\/p>\n\n\n\n<p class=\"has-medium-font-size\">Fuente: Medios digitales<\/p>\n<\/blockquote>\n","protected":false},"excerpt":{"rendered":"<p>La decisi\u00f3n se tom\u00f3 debido a los costos de poner en marcha toda la infraestructura industrial y a la baja estimaci\u00f3n de producci\u00f3n. Por tercer a\u00f1o consecutivo no habr\u00e1 zafra ca\u00f1era en Misiones y hablan de subsidiar a los productores del sector.&nbsp; Una larga agon\u00eda que termina en una &#8220;muerte anunciada&#8220; Las autoridades provinciales (administradoras [&hellip;]<\/p>\n","protected":false},"author":3,"featured_media":3073,"comment_status":"closed","ping_status":"open","sticky":true,"template":"","format":"standard","meta":{"footnotes":""},"categories":[170,4,62],"tags":[66,445],"class_list":["post-3071","post","type-post","status-publish","format-standard","has-post-thumbnail","hentry","category-agricultura","category-economia","category-regional","tag-economia","tag-ingenio-san-javier"],"blog_post_layout_featured_media_urls":{"thumbnail":["https:\/\/lavozdisruptiva.com\/wp-content\/uploads\/2024\/01\/San-javier-150x150.webp",150,150,true],"full":["https:\/\/lavozdisruptiva.com\/wp-content\/uploads\/2024\/01\/San-javier.webp",1024,576,false]},"categories_names":{"170":{"name":"Agricultura","link":"https:\/\/lavozdisruptiva.com\/index.php\/category\/agricultura\/"},"4":{"name":"Econom\u00eda","link":"https:\/\/lavozdisruptiva.com\/index.php\/category\/economia\/"},"62":{"name":"Regional","link":"https:\/\/lavozdisruptiva.com\/index.php\/category\/regional\/"}},"tags_names":{"66":{"name":"Econom\u00eda","link":"https:\/\/lavozdisruptiva.com\/index.php\/tag\/economia\/"},"445":{"name":"Ingenio San Javier","link":"https:\/\/lavozdisruptiva.com\/index.php\/tag\/ingenio-san-javier\/"}},"comments_number":"0","wpmagazine_modules_lite_featured_media_urls":{"thumbnail":["https:\/\/lavozdisruptiva.com\/wp-content\/uploads\/2024\/01\/San-javier-150x150.webp",150,150,true],"cvmm-medium":["https:\/\/lavozdisruptiva.com\/wp-content\/uploads\/2024\/01\/San-javier-300x300.webp",300,300,true],"cvmm-medium-plus":["https:\/\/lavozdisruptiva.com\/wp-content\/uploads\/2024\/01\/San-javier-305x207.webp",305,207,true],"cvmm-portrait":["https:\/\/lavozdisruptiva.com\/wp-content\/uploads\/2024\/01\/San-javier-400x576.webp",400,576,true],"cvmm-medium-square":["https:\/\/lavozdisruptiva.com\/wp-content\/uploads\/2024\/01\/San-javier-600x576.webp",600,576,true],"cvmm-large":["https:\/\/lavozdisruptiva.com\/wp-content\/uploads\/2024\/01\/San-javier.webp",1024,576,false],"cvmm-small":["https:\/\/lavozdisruptiva.com\/wp-content\/uploads\/2024\/01\/San-javier-130x95.webp",130,95,true],"full":["https:\/\/lavozdisruptiva.com\/wp-content\/uploads\/2024\/01\/San-javier.webp",1024,576,false]},"_links":{"self":[{"href":"https:\/\/lavozdisruptiva.com\/index.php\/wp-json\/wp\/v2\/posts\/3071","targetHints":{"allow":["GET"]}}],"collection":[{"href":"https:\/\/lavozdisruptiva.com\/index.php\/wp-json\/wp\/v2\/posts"}],"about":[{"href":"https:\/\/lavozdisruptiva.com\/index.php\/wp-json\/wp\/v2\/types\/post"}],"author":[{"embeddable":true,"href":"https:\/\/lavozdisruptiva.com\/index.php\/wp-json\/wp\/v2\/users\/3"}],"replies":[{"embeddable":true,"href":"https:\/\/lavozdisruptiva.com\/index.php\/wp-json\/wp\/v2\/comments?post=3071"}],"version-history":[{"count":5,"href":"https:\/\/lavozdisruptiva.com\/index.php\/wp-json\/wp\/v2\/posts\/3071\/revisions"}],"predecessor-version":[{"id":3077,"href":"https:\/\/lavozdisruptiva.com\/index.php\/wp-json\/wp\/v2\/posts\/3071\/revisions\/3077"}],"wp:featuredmedia":[{"embeddable":true,"href":"https:\/\/lavozdisruptiva.com\/index.php\/wp-json\/wp\/v2\/media\/3073"}],"wp:attachment":[{"href":"https:\/\/lavozdisruptiva.com\/index.php\/wp-json\/wp\/v2\/media?parent=3071"}],"wp:term":[{"taxonomy":"category","embeddable":true,"href":"https:\/\/lavozdisruptiva.com\/index.php\/wp-json\/wp\/v2\/categories?post=3071"},{"taxonomy":"post_tag","embeddable":true,"href":"https:\/\/lavozdisruptiva.com\/index.php\/wp-json\/wp\/v2\/tags?post=3071"}],"curies":[{"name":"wp","href":"https:\/\/api.w.org\/{rel}","templated":true}]}}