{"id":2946,"date":"2023-12-26T13:38:11","date_gmt":"2023-12-26T16:38:11","guid":{"rendered":"https:\/\/lavozdisruptiva.com\/?p=2946"},"modified":"2023-12-26T13:38:13","modified_gmt":"2023-12-26T16:38:13","slug":"reemplazaron-el-sira-por-un-nuevo-sistema-de-importaciones","status":"publish","type":"post","link":"https:\/\/lavozdisruptiva.com\/index.php\/2023\/12\/26\/reemplazaron-el-sira-por-un-nuevo-sistema-de-importaciones\/","title":{"rendered":"Reemplazaron el SIRA por un nuevo sistema de importaciones"},"content":{"rendered":"\n<p style=\"font-size:24px\">El ministro de Econom\u00eda, Luis Caputo declar\u00f3 que este m\u00e9todo permitir\u00e1 terminar con la \u201c<strong>discrecionalidad<\/strong>\u201d y \u201c<strong>garantizar la transparencia del proceso de aprobaci\u00f3n<\/strong>&#8221; del ingreso de mercader\u00edas desde el exterior.<\/p>\n\n\n\n<p class=\"has-medium-font-size\">La\u00a0<strong>Administraci\u00f3n Federal de Ingresos P\u00fablicos<\/strong>\u00a0(AFIP) y la\u00a0<strong>Secretar\u00eda de Comercio<\/strong>\u00a0formalizaron la derogaci\u00f3n del <strong>Sistema de Importaciones de la Rep\u00fablica Argentina (SIRA<\/strong>) y la licencia de importaci\u00f3n vigentes y su reemplazo por el nuevo Sistema Estad\u00edstico de Importaciones (SEDI), el cual\u00a0<strong>no requerir\u00e1 la necesidad de tramitar una licencia para los env\u00edos destinados a consumo.<\/strong><\/p>\n\n\n\n<p class=\"has-medium-font-size\">La Resoluci\u00f3n General Conjunta 5466\/2023, publicada en el Bolet\u00edn Oficial, formaliza el nuevo sistema que entrar\u00e1 en vigencia el mi\u00e9rcoles y que fue anunciado por el ministro de Econom\u00eda,&nbsp;<strong>Luis Caputo<\/strong>, a dos d\u00edas de la asunci\u00f3n del presidente, Javier Milei.<\/p>\n\n\n\n<p class=\"has-medium-font-size\">En paralelo, la <strong>Resoluci\u00f3n 1\/2023<\/strong> de la Secretar\u00eda de Comercio deroga la <strong>Resoluci\u00f3n 523\/2017 <\/strong>que fijaba la obligaci\u00f3n de tramitar Licencias Autom\u00e1ticas de Importaci\u00f3n \u2013y, para determinados casos, Licencias no Autom\u00e1ticas- para las mercader\u00edas comprendidas en todas las posiciones arancelarias de la Nomenclatura Com\u00fan del Mercosur.<\/p>\n\n\n\n<p class=\"has-medium-font-size\">\u201c<strong>Remplazaremos el sistema de importaciones SIRA por un sistema estad\u00edstico y de informaci\u00f3n de importaciones que no requerir\u00e1 de la aprobaci\u00f3n previa de licencias<\/strong>&#8220;, hab\u00eda adelantado Caputo en un mensaje grabado. Este sistema \u2013se\u00f1al\u00f3- permitir\u00e1 terminar con la \u201c<strong>discrecionalidad\u201d y \u201cgarantizar la transparencia del proceso de aprobaci\u00f3n de las importaciones\u201d.<\/strong><\/p>\n\n\n\n<p class=\"has-medium-font-size\">El SIRA \u2013derogado con la resoluci\u00f3n de este martes junto al Sistema de Importaciones de la Rep\u00fablica Argentina y Pagos de Servicios al Exterior (SIRASE)- fue un sistema que fue puesto al comienzo de la gesti\u00f3n del exministro de Econom\u00eda, Sergio Massa, para tener un mayor control en los procesos de importaci\u00f3n, en un trabajo coordinado entre la cartera econ\u00f3mica, la Secretar\u00eda de Comercio y el Banco Central.<\/p>\n\n\n\n<p class=\"has-medium-font-size\">El funcionamiento de ambos sistemas \u2013se\u00f1alan los considerandos &#8211; \u201c<strong>afect\u00f3 el desempe\u00f1o y previsibilidad de las empresas nacionales, generando serias dificultades en el comercio de bienes y servicios en el pa\u00eds, como tambi\u00e9n una importante deuda comercial con proveedores del exterior, a la vez que grandes distorsiones en el mercado<\/strong>\u201d.<\/p>\n\n\n\n<figure class=\"wp-block-image\"><a href=\"javascript:void(0);\"><img decoding=\"async\" src=\"https:\/\/www.telam.com.ar\/thumbs\/bluesteel\/advf\/imagenes\/2023\/12\/6579cc2be07fe_1200.jpg\" alt=\"Ministro de Economa Luis Caputo Foto Alejandro Santa Cruz\"\/><\/a><figcaption class=\"wp-element-caption\">Ministro de Econom\u00eda, Luis Caputo. Foto: Alejandro Santa Cruz.<\/figcaption><\/figure>\n\n\n\n<p class=\"has-medium-font-size\">Las declaraciones SIRA en estado de \u201csalida\u201d o \u201ccancelado\u201d quedar\u00e1n vigentes, mientras que todas las dem\u00e1s quedar\u00e1n sin efecto a este martes.<\/p>\n\n\n\n<p class=\"has-medium-font-size\">En ese \u00faltimo caso, se podr\u00e1 registrar una nueva declaraci\u00f3n SEDI para respaldar las mismas.<\/p>\n\n\n\n<p class=\"has-medium-font-size\">El nuevo SEDI requerir\u00e1 declaraciones, pero con el \u00fanico fin de contar con informaci\u00f3n estad\u00edstica y realizar un \u201c<strong>an\u00e1lisis eficiente<\/strong>\u201d de las importaciones, para eventualmente adoptar medidas, por ejemplo, de defensa comercial, sin que esto implique \u201c<strong>demoras en los sistemas productivos\u201d.<\/strong><\/p>\n\n\n\n<p class=\"has-medium-font-size\">A trav\u00e9s del SEDI, los importadores deber\u00e1n anticipar \u00fanicamente la informaci\u00f3n vinculada con sus destinaciones de importaci\u00f3n para consumo en un micrositio que estar\u00e1 disponible en la web de AFIP (afip.gob.ar), p\u00e1gina donde tambi\u00e9n se publicar\u00e1n las situaciones de excepci\u00f3n y los manuales de uso de los sistemas involucrados.<\/p>\n\n\n\n<p class=\"has-medium-font-size\">La declaraci\u00f3n que se efect\u00faa a trav\u00e9s del SEDI tendr\u00e1 un plazo de validez de 360 d\u00edas desde la fecha que la importaci\u00f3n obtiene el estado de \u201csalida\u201d.<\/p>\n\n\n\n<p class=\"has-medium-font-size\"><strong>El \u00fanico control&nbsp;<\/strong>que realizar\u00e1 el organismo tributario al realizar la declaraci\u00f3n, previo a oficializarla,&nbsp;<strong>es analizar la situaci\u00f3n tributaria del importador<\/strong>&nbsp;y su capacidad econ\u00f3mica financiera para efectuar la operaci\u00f3n mediante su Sistema de Capacidad Econ\u00f3mica Financiera (CEF).<\/p>\n\n\n\n<figure class=\"wp-block-image\"><a href=\"javascript:void(0);\"><img decoding=\"async\" src=\"https:\/\/www.telam.com.ar\/thumbs\/bluesteel\/advf\/imagenes\/2023\/01\/63cff5cfa1f57_1200.jpg\" alt=\"Remplazaremos el SIRA por un sistema estadstico que no requerir de la aprobacin previa de licencias haba adelantado Caputo\"\/><\/a><figcaption class=\"wp-element-caption\">\u201cRemplazaremos el SIRA por un sistema estad\u00edstico que no requerir\u00e1 de la aprobaci\u00f3n previa de licencias&#8221;, hab\u00eda adelantado Caputo.<\/figcaption><\/figure>\n\n\n\n<p class=\"has-medium-font-size\">En caso de que haya alguna inconsistencia, el importador recibir\u00e1 un mensaje y deber\u00e1 registrar una nueva declaraci\u00f3n SEDI.<\/p>\n\n\n\n<p class=\"has-medium-font-size\">Otra modificaci\u00f3n con el nuevo sistema es que, al momento de registrar la declaraci\u00f3n, el importador no deber\u00e1 notificar la aprobaci\u00f3n del tr\u00e1mite ante la Direcci\u00f3n Nacional de Reglamentos T\u00e9cnicos de la Secretar\u00eda de Comercio, pues se considera que el cumplimiento de normas t\u00e9cnicas no es condici\u00f3n necesaria para importar sino para su uso y comercializaci\u00f3n.<\/p>\n\n\n\n<p class=\"has-medium-font-size\">La declaraci\u00f3n pasar\u00e1 a estado \u201c<strong>salida<\/strong>\u201d una vez que se encuentre autorizada por organismos del R\u00e9gimen Nacional de Ventanilla \u00fanica del Comercio Exterior Argentino (Vucea), que tendr\u00e1n un periodo de hasta 30 d\u00edas corridos para el pronunciarse, desde el registro de la SEDI.<\/p>\n\n\n\n<p class=\"has-medium-font-size\">Si estos no realizan ninguna pronunciaci\u00f3n, la declaraci\u00f3n SEDI pasar\u00e1 autom\u00e1ticamente de \u201c<strong>oficializada\u201d a \u201csalida<\/strong>\u201d.<\/p>\n\n\n\n<p class=\"has-medium-font-size\">La resoluci\u00f3n aclara que no deber\u00e1n realizar ninguna declaraci\u00f3n SEDI las operaciones de importaci\u00f3n realizadas bajo reg\u00edmenes de muestras, donaciones y franquicias diplom\u00e1ticas; mercader\u00edas con franquicias de derechos y tributos, env\u00edos postales y Courier, insumos destinados a investigaciones cient\u00edfico-tecnol\u00f3gicas, bienes provenientes del \u00c1rea Aduanera de Tierra del Fuego, y mercader\u00eda tramitada mediante expediente \u201cPART\u201d.<\/p>\n\n\n\n<p class=\"has-medium-font-size\">Fuente: Agencia Telam<\/p>\n","protected":false},"excerpt":{"rendered":"<p>El ministro de Econom\u00eda, Luis Caputo declar\u00f3 que este m\u00e9todo permitir\u00e1 terminar con la \u201cdiscrecionalidad\u201d y \u201cgarantizar la transparencia del proceso de aprobaci\u00f3n&#8221; del ingreso de mercader\u00edas desde el exterior. La\u00a0Administraci\u00f3n Federal de Ingresos P\u00fablicos\u00a0(AFIP) y la\u00a0Secretar\u00eda de Comercio\u00a0formalizaron la derogaci\u00f3n del Sistema de Importaciones de la Rep\u00fablica Argentina (SIRA) y la licencia de importaci\u00f3n [&hellip;]<\/p>\n","protected":false},"author":3,"featured_media":2947,"comment_status":"closed","ping_status":"open","sticky":false,"template":"","format":"standard","meta":{"footnotes":""},"categories":[4,81,39],"tags":[66,412,410,40,427,426],"class_list":["post-2946","post","type-post","status-publish","format-standard","has-post-thumbnail","hentry","category-economia","category-nacional","category-politica","tag-economia","tag-javier-milei","tag-luis-caputo","tag-politica","tag-sedi","tag-sira"],"blog_post_layout_featured_media_urls":{"thumbnail":["https:\/\/lavozdisruptiva.com\/wp-content\/uploads\/2023\/12\/Puerto-150x150.jpeg",150,150,true],"full":["https:\/\/lavozdisruptiva.com\/wp-content\/uploads\/2023\/12\/Puerto.jpeg",1004,566,false]},"categories_names":{"4":{"name":"Econom\u00eda","link":"https:\/\/lavozdisruptiva.com\/index.php\/category\/economia\/"},"81":{"name":"Nacional","link":"https:\/\/lavozdisruptiva.com\/index.php\/category\/nacional\/"},"39":{"name":"Pol\u00edtica","link":"https:\/\/lavozdisruptiva.com\/index.php\/category\/politica\/"}},"tags_names":{"66":{"name":"Econom\u00eda","link":"https:\/\/lavozdisruptiva.com\/index.php\/tag\/economia\/"},"412":{"name":"Javier Milei","link":"https:\/\/lavozdisruptiva.com\/index.php\/tag\/javier-milei\/"},"410":{"name":"Luis Caputo","link":"https:\/\/lavozdisruptiva.com\/index.php\/tag\/luis-caputo\/"},"40":{"name":"Pol\u00edtica","link":"https:\/\/lavozdisruptiva.com\/index.php\/tag\/politica\/"},"427":{"name":"SEDI","link":"https:\/\/lavozdisruptiva.com\/index.php\/tag\/sedi\/"},"426":{"name":"SIRA","link":"https:\/\/lavozdisruptiva.com\/index.php\/tag\/sira\/"}},"comments_number":"0","wpmagazine_modules_lite_featured_media_urls":{"thumbnail":["https:\/\/lavozdisruptiva.com\/wp-content\/uploads\/2023\/12\/Puerto-150x150.jpeg",150,150,true],"cvmm-medium":["https:\/\/lavozdisruptiva.com\/wp-content\/uploads\/2023\/12\/Puerto-300x300.jpeg",300,300,true],"cvmm-medium-plus":["https:\/\/lavozdisruptiva.com\/wp-content\/uploads\/2023\/12\/Puerto-305x207.jpeg",305,207,true],"cvmm-portrait":["https:\/\/lavozdisruptiva.com\/wp-content\/uploads\/2023\/12\/Puerto-400x566.jpeg",400,566,true],"cvmm-medium-square":["https:\/\/lavozdisruptiva.com\/wp-content\/uploads\/2023\/12\/Puerto-600x566.jpeg",600,566,true],"cvmm-large":["https:\/\/lavozdisruptiva.com\/wp-content\/uploads\/2023\/12\/Puerto.jpeg",1004,566,false],"cvmm-small":["https:\/\/lavozdisruptiva.com\/wp-content\/uploads\/2023\/12\/Puerto-130x95.jpeg",130,95,true],"full":["https:\/\/lavozdisruptiva.com\/wp-content\/uploads\/2023\/12\/Puerto.jpeg",1004,566,false]},"_links":{"self":[{"href":"https:\/\/lavozdisruptiva.com\/index.php\/wp-json\/wp\/v2\/posts\/2946","targetHints":{"allow":["GET"]}}],"collection":[{"href":"https:\/\/lavozdisruptiva.com\/index.php\/wp-json\/wp\/v2\/posts"}],"about":[{"href":"https:\/\/lavozdisruptiva.com\/index.php\/wp-json\/wp\/v2\/types\/post"}],"author":[{"embeddable":true,"href":"https:\/\/lavozdisruptiva.com\/index.php\/wp-json\/wp\/v2\/users\/3"}],"replies":[{"embeddable":true,"href":"https:\/\/lavozdisruptiva.com\/index.php\/wp-json\/wp\/v2\/comments?post=2946"}],"version-history":[{"count":3,"href":"https:\/\/lavozdisruptiva.com\/index.php\/wp-json\/wp\/v2\/posts\/2946\/revisions"}],"predecessor-version":[{"id":2950,"href":"https:\/\/lavozdisruptiva.com\/index.php\/wp-json\/wp\/v2\/posts\/2946\/revisions\/2950"}],"wp:featuredmedia":[{"embeddable":true,"href":"https:\/\/lavozdisruptiva.com\/index.php\/wp-json\/wp\/v2\/media\/2947"}],"wp:attachment":[{"href":"https:\/\/lavozdisruptiva.com\/index.php\/wp-json\/wp\/v2\/media?parent=2946"}],"wp:term":[{"taxonomy":"category","embeddable":true,"href":"https:\/\/lavozdisruptiva.com\/index.php\/wp-json\/wp\/v2\/categories?post=2946"},{"taxonomy":"post_tag","embeddable":true,"href":"https:\/\/lavozdisruptiva.com\/index.php\/wp-json\/wp\/v2\/tags?post=2946"}],"curies":[{"name":"wp","href":"https:\/\/api.w.org\/{rel}","templated":true}]}}